{"id":4231,"date":"2022-08-05T12:08:17","date_gmt":"2022-08-05T15:08:17","guid":{"rendered":"https:\/\/sergiobertoldi.com\/?p=4231"},"modified":"2022-08-07T11:29:07","modified_gmt":"2022-08-07T14:29:07","slug":"santos-fecha-com-o-lateral-direito-nathan-santos-e-enfim-anuncia-seu-primeiro-reforco-para-o-restante-da-temporada","status":"publish","type":"post","link":"https:\/\/sergiobertoldi.com\/index.php\/2022\/08\/05\/santos-fecha-com-o-lateral-direito-nathan-santos-e-enfim-anuncia-seu-primeiro-reforco-para-o-restante-da-temporada\/","title":{"rendered":"Santos fecha com o lateral-direito Nathan Santos e enfim anuncia seu primeiro refor\u00e7o para o restante da temporada"},"content":{"rendered":"<p><span style=\"font-family: 'times new roman', times, serif; font-size: 14pt;\"><strong><u>Al\u00f4 Na\u00e7\u00e3o Santista! Sauda\u00e7\u00f5es Alvinegras!<\/u><\/strong><\/span><\/p>\n<p><span style=\"font-family: helvetica, arial, sans-serif; font-size: 14pt;\">O Santos anunciou nesta sexta-feira (05) a contrata\u00e7\u00e3o do lateral-direito Nathan!<\/span><br \/>\n<span style=\"font-family: helvetica, arial, sans-serif; font-size: 14pt;\">Criado nas categorias de base do Vasco da Gama, Nathan surgiu muito cedo como grande promessa no clube carioca, sendo relacionado para alguns jogos no time de cima, por\u00e9m jamais chegou a entrar em campo, negociado que foi, muito cedo para o Futebol Europeu.<\/span><\/p>\n<div class=\"wp-block-image\">\n<figure class=\"aligncenter size-full\"><span style=\"font-family: helvetica, arial, sans-serif; font-size: 14pt;\"><img data-recalc-dims=\"1\" loading=\"lazy\" decoding=\"async\" class=\"wp-image-9457 aligncenter\" src=\"https:\/\/i0.wp.com\/santosnews.com.br\/wp-content\/uploads\/2022\/08\/NATHAN.png?resize=459%2C372&#038;ssl=1\" sizes=\"auto, (max-width: 459px) 100vw, 459px\" srcset=\"https:\/\/santosnews.com.br\/wp-content\/uploads\/2022\/08\/NATHAN.png 459w, https:\/\/santosnews.com.br\/wp-content\/uploads\/2022\/08\/NATHAN-300x243.png 300w, https:\/\/santosnews.com.br\/wp-content\/uploads\/2022\/08\/NATHAN-400x324.png 400w, https:\/\/santosnews.com.br\/wp-content\/uploads\/2022\/08\/NATHAN-32x26.png 32w, https:\/\/santosnews.com.br\/wp-content\/uploads\/2022\/08\/NATHAN-370x300.png 370w, https:\/\/santosnews.com.br\/wp-content\/uploads\/2022\/08\/NATHAN-406x329.png 406w\" alt=\"\" width=\"459\" height=\"372\" \/><\/span><\/figure>\n<\/div>\n<p><span style=\"font-family: helvetica, arial, sans-serif; font-size: 14pt;\">Nathan \u00e9 um lateral que atua pela direita, como ala, ou mais espetado como um verdadeiro ponta, mas tamb\u00e9m pode fazer a meia, posi\u00e7\u00e3o na qual tamb\u00e9m j\u00e1 jogou na base do Vasco.<\/span><br \/>\n<span style=\"font-family: helvetica, arial, sans-serif; font-size: 14pt;\">Jogador com caracter\u00edsticas ofensivas, sua passagem pelo Boavista de Portugal, clube europeu onde joga desde que foi vendido pelo Vasco em 2020, Nathan tamb\u00e9m sabe marcar, caracter\u00edstica que desenvolveu gra\u00e7as a sua experi\u00eancia no futebol portugu\u00eas, algo que ser\u00e1 muito \u00fatil para esse jogador de 20 anos que agora volta ao Brasil para defender a camisa do Santos!<\/span><\/p>\n<p><span style=\"font-family: helvetica, arial, sans-serif; font-size: 14pt;\">O\u00a0novo lateral-direito que chega de forma definitiva ao Santos, com v\u00ednculo at\u00e9 31 de dezembro de 2026, vem para suprir uma car\u00eancia na posi\u00e7\u00e3o que hoje s\u00f3 conta com os jogadores Madson e Auro!<\/span><br \/>\n<span style=\"font-family: helvetica, arial, sans-serif; font-size: 14pt;\">Em Portugal, Nathan fez 58 jogos, marcou dois gols e deu tr\u00eas assist\u00eancias. Na temporada passada, garantiu a vaga de titular, com 28 jogos disputados.<\/span><br \/>\n<span style=\"font-family: helvetica, arial, sans-serif; font-size: 14pt;\">Antes de acertar com\u00a0<strong>Nathan\u00a0Santos<\/strong>, o\u00a0Santos\u00a0tentou a contrata\u00e7\u00e3o de\u00a0<strong>Lucas Blondel<\/strong>, do\u00a0<strong>Tigre<\/strong>, da\u00a0<strong>Argentina<\/strong>, porem o neg\u00f3cio que em certo momento parecia certo, acabou n\u00e3o se concretizando.<\/span><br \/>\n<span style=\"font-family: helvetica, arial, sans-serif; font-size: 14pt;\">Nathan j\u00e1 est\u00e1 em Santos, conheceu o CT Rei Pel\u00e9, passou por exames m\u00e9dicos, e comentou sobre a sua expectativa para vestir a camisa alvinegra.<\/span><\/p>\n<p><span style=\"font-family: helvetica, arial, sans-serif; font-size: 14pt;\">\u201c<em><strong>A felicidade \u00e9 enorme, n\u00e3o tem como expressar, estou muito feliz de estar aqui. \u00c9 um clube com uma hist\u00f3ria muito linda, \u00e9 um gigante. Agora estou fazendo parte deste clube e vou fazer meu m\u00e1ximo para poder ajudar. Estou doido para entrar em campo e ajudar meus companheiros\u201d, disse \u00e0 Santos TV<\/strong><\/em>.<\/span><\/p>\n<div class=\"jetpack-video-wrapper\"><iframe loading=\"lazy\" title=\"NATHAN \u00c9 O NOVO REFOR\u00c7O DO SANTOS FC\" width=\"800\" height=\"450\" src=\"https:\/\/www.youtube.com\/embed\/C8BPEb86pOQ?feature=oembed\" frameborder=\"0\" allow=\"accelerometer; autoplay; clipboard-write; encrypted-media; gyroscope; picture-in-picture\" allowfullscreen><\/iframe><\/div>\n<p><span style=\"font-family: helvetica, arial, sans-serif; font-size: 14pt;\">O torcedor Santista vai ter que segurar um pouco a ansiedade e a curiosidade, por ver logo o novo contratado em campo, visto que a tend\u00eancia \u00e9 de que o lateral precise de um tempo para entrar no mesmo ritmo f\u00edsico e t\u00e9cnico dos novos companheiro de Santos! Isso porque a sua \u00faltima partida foi no dia 14 de maio, quando atuou por 26 minutos no empate de 2 a 2 do entre Boavista e Tondela, pelo Campeonato Portugu\u00eas.<\/span><br \/>\n<span style=\"font-family: helvetica, arial, sans-serif; font-size: 14pt;\">J\u00e1 a \u00faltima vez que jogou por 90 minutos foi em 2 de abril.<\/span><\/p>\n<p><span style=\"font-family: helvetica, arial, sans-serif; font-size: 14pt;\">Cr\u00e9dito: Foto: Reprodu\u00e7\u00e3o \/ Instagram<\/span><\/p>\n","protected":false},"excerpt":{"rendered":"<p>Al\u00f4 Na\u00e7\u00e3o Santista! Sauda\u00e7\u00f5es Alvinegras! O Santos anunciou nesta sexta-feira (05) a contrata\u00e7\u00e3o do lateral-direito Nathan! Criado nas categorias de<\/p>\n","protected":false},"author":2,"featured_media":4232,"comment_status":"open","ping_status":"open","sticky":false,"template":"","format":"standard","meta":{"colormag_page_container_layout":"default_layout","colormag_page_sidebar_layout":"default_layout","_jetpack_memberships_contains_paid_content":false,"footnotes":""},"categories":[4,30,10],"tags":[6],"class_list":["post-4231","post","type-post","status-publish","format-standard","has-post-thumbnail","hentry","category-bastidores-do-santos-fc","category-contratacoes","category-elenco-profissional","tag-santos-fc"],"jetpack_featured_media_url":"https:\/\/i0.wp.com\/sergiobertoldi.com\/wp-content\/uploads\/2022\/08\/vasco-formou-o-lateral-nathan-do-boavista-a-caminho-do-athletico-pr-590x393-1.png?fit=590%2C393&ssl=1","jetpack_likes_enabled":true,"jetpack_sharing_enabled":true,"_links":{"self":[{"href":"https:\/\/sergiobertoldi.com\/index.php\/wp-json\/wp\/v2\/posts\/4231","targetHints":{"allow":["GET"]}}],"collection":[{"href":"https:\/\/sergiobertoldi.com\/index.php\/wp-json\/wp\/v2\/posts"}],"about":[{"href":"https:\/\/sergiobertoldi.com\/index.php\/wp-json\/wp\/v2\/types\/post"}],"author":[{"embeddable":true,"href":"https:\/\/sergiobertoldi.com\/index.php\/wp-json\/wp\/v2\/users\/2"}],"replies":[{"embeddable":true,"href":"https:\/\/sergiobertoldi.com\/index.php\/wp-json\/wp\/v2\/comments?post=4231"}],"version-history":[{"count":3,"href":"https:\/\/sergiobertoldi.com\/index.php\/wp-json\/wp\/v2\/posts\/4231\/revisions"}],"predecessor-version":[{"id":4235,"href":"https:\/\/sergiobertoldi.com\/index.php\/wp-json\/wp\/v2\/posts\/4231\/revisions\/4235"}],"wp:featuredmedia":[{"embeddable":true,"href":"https:\/\/sergiobertoldi.com\/index.php\/wp-json\/wp\/v2\/media\/4232"}],"wp:attachment":[{"href":"https:\/\/sergiobertoldi.com\/index.php\/wp-json\/wp\/v2\/media?parent=4231"}],"wp:term":[{"taxonomy":"category","embeddable":true,"href":"https:\/\/sergiobertoldi.com\/index.php\/wp-json\/wp\/v2\/categories?post=4231"},{"taxonomy":"post_tag","embeddable":true,"href":"https:\/\/sergiobertoldi.com\/index.php\/wp-json\/wp\/v2\/tags?post=4231"}],"curies":[{"name":"wp","href":"https:\/\/api.w.org\/{rel}","templated":true}]}}