{"id":4223,"date":"2022-07-28T06:00:26","date_gmt":"2022-07-28T09:00:26","guid":{"rendered":"https:\/\/sergiobertoldi.com\/?p=4223"},"modified":"2022-08-05T20:12:43","modified_gmt":"2022-08-05T23:12:43","slug":"santos-corre-atras-de-reforcos-e-busca-no-futebol-sul-americano-um-meia-e-um-lateral-direito","status":"publish","type":"post","link":"https:\/\/sergiobertoldi.com\/index.php\/2022\/07\/28\/santos-corre-atras-de-reforcos-e-busca-no-futebol-sul-americano-um-meia-e-um-lateral-direito\/","title":{"rendered":"Santos corre atr\u00e1s de refor\u00e7os e busca no futebol sul-americano um meia e um lateral direito"},"content":{"rendered":"<p><span style=\"font-size: 14pt;\"><strong><u>Al\u00f4 Na\u00e7\u00e3o Santista! Sauda\u00e7\u00f5es Alvinegras!<\/u><\/strong><\/span><\/p>\n<p><span style=\"font-family: helvetica, arial, sans-serif; font-size: 14pt;\">Realizando pelo segundo ano seguido uma temporada med\u00edocre, na qual iniciou o ano igualando o feito de 2021, ao escapar da segunda divis\u00e3o somente na \u00faltima rodada de classifica\u00e7\u00e3o do Campeonato Estadual, posteriormente sendo eliminado precocemente tanto na Copa Sul-americana, quanto na Copa do Brasil, essa \u00faltima de maneira vexat\u00f3ria, eliminado nas Oitavas de finais sendo goleado pelo Corinthians no jogo de ida, o que transformou o joga de volta praticamente em mera formalidade de tabela!<\/span><br \/>\n<span style=\"font-family: helvetica, arial, sans-serif; font-size: 14pt;\">O Santos Futebol Clube vem h\u00e1 dois anos, sob a dire\u00e7\u00e3o do presidente Andres Rueda, dando vexames e envergonhando n\u00e3o apenas aos seus torcedores, mas principalmente a todos que constru\u00edram a bel\u00edssima hist\u00f3ria do clube, hist\u00f3ria que ultimamente vem sendo bastante arranhada!<\/span><\/p>\n<p><span style=\"font-family: helvetica, arial, sans-serif; font-size: 14pt;\">\u00c9 evidente que tal situa\u00e7\u00e3o n\u00e3o passaria batida, e haveria por parte da torcida e at\u00e9 mesmo da Imprensa, uma forte cobran\u00e7a em rela\u00e7\u00e3o ao carro chefe do clube, cujo presidente e seu pares parecem ainda n\u00e3o ter intendido, que se chama: \u201cFUTEBOL\u201d<\/span><br \/>\n<span style=\"font-family: helvetica, arial, sans-serif; font-size: 14pt;\">Um clube que vive do futebol, um clube cujo produto principal \u00e9 o futebol, n\u00e3o pode negligencia-lo e deixa-lo em segundo plano, seja em nome do que for!<\/span><\/p>\n<p><span style=\"font-family: helvetica, arial, sans-serif; font-size: 14pt;\">Pressionado para contratar refor\u00e7os que deem um ganho de qualidade ao elenco, a diretoria do Santos est\u00e1 correndo atr\u00e1s de nomes que possam ser contratados, e mais uma vez o mercado sul-americano aparece como op\u00e7\u00e3o. \u00a0<\/span><br \/>\n<span style=\"font-family: helvetica, arial, sans-serif; font-size: 14pt;\">O meio-campista argentino Franco Cristaldo, jogador de 25 anos e atual camisa 10 do Hurac\u00e1n, \u00e9 o meia que o Santos tenta contratar para dar a qualidade que a equipe precisa.<\/span><br \/>\n<span style=\"font-family: helvetica, arial, sans-serif; font-size: 14pt;\">Revelado pelo Boca Juniors, Cristaldo tem contrato com o Hurac\u00e1n at\u00e9 o final de 2024, e na atual temporada em 25 partidas das quais foi titular em 24, marcou sete gols e deu sete assist\u00eancias para gols de companheiros!<\/span><\/p>\n<p><span style=\"font-family: helvetica, arial, sans-serif; font-size: 14pt;\">Al\u00e9m do meio campista Franco Cristaldo, o Santos trabalha em outras frentes. A diretoria do Peixe est\u00e1 atenta ao mercado, e trabalha para adquirir um lateral direito. A bola da vez para suprir as car\u00eancias da posi\u00e7\u00e3o \u00e9 o jogador Lucas Blondel, lateral do Tigres-ARG.<\/span><br \/>\n<span style=\"font-family: helvetica, arial, sans-serif; font-size: 14pt;\">O lateral de 25 anos, foi revelado pelo Atl\u00e9tico Rafael, da Argentina e ap\u00f3s se destacar, foi negociado com o Tigre em 2020, equipe pela qual j\u00e1 disputou 57 partidas e marcou sete gols..<\/span><\/p>\n","protected":false},"excerpt":{"rendered":"<p>Al\u00f4 Na\u00e7\u00e3o Santista! Sauda\u00e7\u00f5es Alvinegras! Realizando pelo segundo ano seguido uma temporada med\u00edocre, na qual iniciou o ano igualando o<\/p>\n","protected":false},"author":2,"featured_media":4224,"comment_status":"open","ping_status":"open","sticky":false,"template":"","format":"standard","meta":{"colormag_page_container_layout":"default_layout","colormag_page_sidebar_layout":"default_layout","_jetpack_memberships_contains_paid_content":false,"footnotes":""},"categories":[4,30,10,31],"tags":[6],"class_list":["post-4223","post","type-post","status-publish","format-standard","has-post-thumbnail","hentry","category-bastidores-do-santos-fc","category-contratacoes","category-elenco-profissional","category-quem-chega-e-quem-sai","tag-santos-fc"],"jetpack_featured_media_url":"https:\/\/i0.wp.com\/sergiobertoldi.com\/wp-content\/uploads\/2022\/08\/2X1_Lucas-Blondel_x_Franco-Cristaldo.jpg?fit=729%2C480&ssl=1","jetpack_likes_enabled":true,"jetpack_sharing_enabled":true,"_links":{"self":[{"href":"https:\/\/sergiobertoldi.com\/index.php\/wp-json\/wp\/v2\/posts\/4223","targetHints":{"allow":["GET"]}}],"collection":[{"href":"https:\/\/sergiobertoldi.com\/index.php\/wp-json\/wp\/v2\/posts"}],"about":[{"href":"https:\/\/sergiobertoldi.com\/index.php\/wp-json\/wp\/v2\/types\/post"}],"author":[{"embeddable":true,"href":"https:\/\/sergiobertoldi.com\/index.php\/wp-json\/wp\/v2\/users\/2"}],"replies":[{"embeddable":true,"href":"https:\/\/sergiobertoldi.com\/index.php\/wp-json\/wp\/v2\/comments?post=4223"}],"version-history":[{"count":1,"href":"https:\/\/sergiobertoldi.com\/index.php\/wp-json\/wp\/v2\/posts\/4223\/revisions"}],"predecessor-version":[{"id":4225,"href":"https:\/\/sergiobertoldi.com\/index.php\/wp-json\/wp\/v2\/posts\/4223\/revisions\/4225"}],"wp:featuredmedia":[{"embeddable":true,"href":"https:\/\/sergiobertoldi.com\/index.php\/wp-json\/wp\/v2\/media\/4224"}],"wp:attachment":[{"href":"https:\/\/sergiobertoldi.com\/index.php\/wp-json\/wp\/v2\/media?parent=4223"}],"wp:term":[{"taxonomy":"category","embeddable":true,"href":"https:\/\/sergiobertoldi.com\/index.php\/wp-json\/wp\/v2\/categories?post=4223"},{"taxonomy":"post_tag","embeddable":true,"href":"https:\/\/sergiobertoldi.com\/index.php\/wp-json\/wp\/v2\/tags?post=4223"}],"curies":[{"name":"wp","href":"https:\/\/api.w.org\/{rel}","templated":true}]}}