{"id":4207,"date":"2022-07-21T14:30:16","date_gmt":"2022-07-21T17:30:16","guid":{"rendered":"https:\/\/sergiobertoldi.com\/?p=4207"},"modified":"2022-07-30T19:16:50","modified_gmt":"2022-07-30T22:16:50","slug":"comecou-oficialmente-no-santos-a-era-lisca-doido","status":"publish","type":"post","link":"https:\/\/sergiobertoldi.com\/index.php\/2022\/07\/21\/comecou-oficialmente-no-santos-a-era-lisca-doido\/","title":{"rendered":"Come\u00e7ou Oficialmente no Santos a era Lisca Doido"},"content":{"rendered":"<p><span style=\"font-family: helvetica, arial, sans-serif; font-size: 14pt;\"><strong><u>Al\u00f4 Na\u00e7\u00e3o Santista! Sauda\u00e7\u00f5es Alvinegras!<\/u><\/strong><\/span><\/p>\n<p><span style=\"font-family: 'times new roman', times, serif; font-size: 14pt;\">Eram exatas\u00a0<strong>13:10<\/strong>, desta quinta-feira, (<strong>21<\/strong>), quando adentrava a Sala de Imprensa do Santos Futebol Clube, o novo treinador do Peixe!<\/span><br \/>\n<span style=\"font-family: 'times new roman', times, serif; font-size: 14pt;\">Ao lado de\u00a0<strong>Newton Drummond<\/strong>, novo executivo de futebol do Santos, que como bom anfitri\u00e3o, abriu a coletiva apresentando o novo contratado, come\u00e7ava oficialmente a \u201cEra\u201d\u00a0<strong>Lisca Doido<\/strong>, no Santos Futebol Clube!<\/span><\/p>\n<div class=\"wp-block-image\">\n<figure class=\"aligncenter size-large\"><span style=\"font-family: 'times new roman', times, serif; font-size: 14pt;\"><img data-recalc-dims=\"1\" loading=\"lazy\" decoding=\"async\" class=\"wp-image-9390 aligncenter\" src=\"https:\/\/i0.wp.com\/santosnews.com.br\/wp-content\/uploads\/2022\/07\/WhatsApp-Image-2022-07-21-at-15.40.22-1024x683.jpeg?resize=800%2C534&#038;ssl=1\" sizes=\"auto, (max-width: 1024px) 100vw, 1024px\" srcset=\"https:\/\/santosnews.com.br\/wp-content\/uploads\/2022\/07\/WhatsApp-Image-2022-07-21-at-15.40.22-1024x683.jpeg 1024w, https:\/\/santosnews.com.br\/wp-content\/uploads\/2022\/07\/WhatsApp-Image-2022-07-21-at-15.40.22-300x200.jpeg 300w, https:\/\/santosnews.com.br\/wp-content\/uploads\/2022\/07\/WhatsApp-Image-2022-07-21-at-15.40.22-768x512.jpeg 768w, https:\/\/santosnews.com.br\/wp-content\/uploads\/2022\/07\/WhatsApp-Image-2022-07-21-at-15.40.22-1536x1024.jpeg 1536w, https:\/\/santosnews.com.br\/wp-content\/uploads\/2022\/07\/WhatsApp-Image-2022-07-21-at-15.40.22-500x333.jpeg 500w, https:\/\/santosnews.com.br\/wp-content\/uploads\/2022\/07\/WhatsApp-Image-2022-07-21-at-15.40.22-400x267.jpeg 400w, https:\/\/santosnews.com.br\/wp-content\/uploads\/2022\/07\/WhatsApp-Image-2022-07-21-at-15.40.22-32x21.jpeg 32w, https:\/\/santosnews.com.br\/wp-content\/uploads\/2022\/07\/WhatsApp-Image-2022-07-21-at-15.40.22-370x247.jpeg 370w, https:\/\/santosnews.com.br\/wp-content\/uploads\/2022\/07\/WhatsApp-Image-2022-07-21-at-15.40.22-818x545.jpeg 818w, https:\/\/santosnews.com.br\/wp-content\/uploads\/2022\/07\/WhatsApp-Image-2022-07-21-at-15.40.22-406x271.jpeg 406w, https:\/\/santosnews.com.br\/wp-content\/uploads\/2022\/07\/WhatsApp-Image-2022-07-21-at-15.40.22.jpeg 1599w\" alt=\"\" width=\"800\" height=\"534\" \/><\/span><\/figure>\n<\/div>\n<p><span style=\"font-family: 'times new roman', times, serif; font-size: 14pt;\">A contrata\u00e7\u00e3o do t\u00e9cnico Lisca, que rescindiu o contrato que havia assinado h\u00e1 menos de um m\u00eas com o Sport, e acertou com o Peixe para ser o substituto de Fabi\u00e1n Bustos, demitido ap\u00f3s a elimina\u00e7\u00e3o do time na Copa Sul-Americana, \u00e9 a concretiza\u00e7\u00e3o da tentativa de um namoro que j\u00e1 havia ocorrido em 2021.<\/span><br \/>\n<span style=\"font-family: 'times new roman', times, serif; font-size: 14pt;\">Essa n\u00e3o foi a primeira vez que o t\u00e9cnico Lisca recebeu uma proposta para dirigir a equipe alvinegra. No ano passado o Santos procurava um treinador e um dos contatados foi o Lisca que na ocasi\u00e3o, acabou declinando do convite do Santos pois estava na final do Campeonato Mineiro, com o Am\u00e9rica, quando recebi a oferta.<\/span><\/p>\n<p><span style=\"font-family: 'times new roman', times, serif; font-size: 14pt;\">O novo treinador Santista, que foi oficialmente apresentado aos torcedores, demonstrou estar muito \u00e0 vontade, e no geral mostrou-se bastante empolgado com o novo desafio de treinar o Alvinegro Praiano!<\/span><br \/>\n<span style=\"font-family: 'times new roman', times, serif; font-size: 14pt;\">Luiz Carlos Cirne Lima de Lorenzi, mais conhecido como Lisca, chega ao Santos \u00a0junto do auxiliar t\u00e9cnico M\u00e1rcio Hahn e do preparador f\u00edsico Andr\u00e9 Volpi.<\/span><\/p>\n<div class=\"wp-block-image\">\n<figure class=\"aligncenter size-large is-resized\"><span style=\"font-family: 'times new roman', times, serif; font-size: 14pt;\"><img data-recalc-dims=\"1\" loading=\"lazy\" decoding=\"async\" class=\"wp-image-9388 aligncenter\" src=\"https:\/\/i0.wp.com\/santosnews.com.br\/wp-content\/uploads\/2022\/07\/WhatsApp-Image-2022-07-21-at-15.40.19-1024x683.jpeg?resize=768%2C512&#038;ssl=1\" sizes=\"auto, (max-width: 768px) 100vw, 768px\" srcset=\"https:\/\/santosnews.com.br\/wp-content\/uploads\/2022\/07\/WhatsApp-Image-2022-07-21-at-15.40.19-1024x683.jpeg 1024w, https:\/\/santosnews.com.br\/wp-content\/uploads\/2022\/07\/WhatsApp-Image-2022-07-21-at-15.40.19-300x200.jpeg 300w, https:\/\/santosnews.com.br\/wp-content\/uploads\/2022\/07\/WhatsApp-Image-2022-07-21-at-15.40.19-768x512.jpeg 768w, https:\/\/santosnews.com.br\/wp-content\/uploads\/2022\/07\/WhatsApp-Image-2022-07-21-at-15.40.19-1536x1024.jpeg 1536w, https:\/\/santosnews.com.br\/wp-content\/uploads\/2022\/07\/WhatsApp-Image-2022-07-21-at-15.40.19-500x333.jpeg 500w, https:\/\/santosnews.com.br\/wp-content\/uploads\/2022\/07\/WhatsApp-Image-2022-07-21-at-15.40.19-400x267.jpeg 400w, https:\/\/santosnews.com.br\/wp-content\/uploads\/2022\/07\/WhatsApp-Image-2022-07-21-at-15.40.19-32x21.jpeg 32w, https:\/\/santosnews.com.br\/wp-content\/uploads\/2022\/07\/WhatsApp-Image-2022-07-21-at-15.40.19-370x247.jpeg 370w, https:\/\/santosnews.com.br\/wp-content\/uploads\/2022\/07\/WhatsApp-Image-2022-07-21-at-15.40.19-818x545.jpeg 818w, https:\/\/santosnews.com.br\/wp-content\/uploads\/2022\/07\/WhatsApp-Image-2022-07-21-at-15.40.19-406x271.jpeg 406w, https:\/\/santosnews.com.br\/wp-content\/uploads\/2022\/07\/WhatsApp-Image-2022-07-21-at-15.40.19.jpeg 1599w\" alt=\"\" width=\"768\" height=\"512\" \/><\/span><\/figure>\n<\/div>\n<p><span style=\"font-family: 'times new roman', times, serif; font-size: 14pt;\"><strong>Mas quem \u00e9 Lisca?<\/strong><\/span><\/p>\n<p><span style=\"font-family: 'times new roman', times, serif; font-size: 14pt;\">Filho de um pai veterin\u00e1rio;\u00a0<strong>Paulo Roberto<\/strong>, e de uma m\u00e3e cerimonialista;\u00a0<strong>Ana Maria<\/strong>, casado com a esposa\u00a0<strong>Danielle<\/strong>, e pai das filhas\u00a0<strong>Giovanna<\/strong>\u00a0e\u00a0<strong>Ant\u00f4nia<\/strong>,\u00a0<strong>Luis Carlos Cirne Lima de Lorenzi<\/strong>, o\u00a0<strong>Lisca<\/strong>, tem\u00a0<strong>49<\/strong>\u00a0anos, \u00e9 nascido em<strong>\u00a0Porto Alegre<\/strong>\u00a0e desde muito cedo, aos 17, teve que correr atr\u00e1s dos seus sonhos e ap\u00f3s trinta anos de futebol, entende que est\u00e1 pronto para alcan\u00e7ar um novo patamar!<\/span><\/p>\n<p><span style=\"font-family: 'times new roman', times, serif; font-size: 14pt;\"><strong>Luiz Carlos Cirne Lima de Lorenzi<\/strong>\u00a0tem o esporte no\u00a0<strong>DNA<\/strong>.<\/span><br \/>\n<span style=\"font-family: 'times new roman', times, serif; font-size: 14pt;\"><strong>Lisca<\/strong>\u00a0\u00e9 bisneto de\u00a0<strong>Carlos de Lorenzi\u00a0<\/strong>e neto de\u00a0<strong>Jorge de Lorenzi<\/strong>, ambos foram goleiros do Internacional.<\/span><br \/>\n<span style=\"font-family: 'times new roman', times, serif; font-size: 14pt;\">Na inf\u00e2ncia e adolesc\u00eancia, era esportista convicto. Jogou\u00a0<strong>v\u00f4lei<\/strong>,\u00a0<strong>basquete<\/strong>,\u00a0<strong>nadou<\/strong>, foi\u00a0<strong>surfista<\/strong>\u00a0e, claro, jogou\u00a0<strong>futebol<\/strong>. Chegou at\u00e9 os juniores do Colorado.<\/span><br \/>\n<span style=\"font-family: 'times new roman', times, serif; font-size: 14pt;\">\u201cEu era um jogador bem cerebral. Aquele centroavante que sa\u00eda para articular, organizar, eu j\u00e1 tinha essa compreens\u00e3o t\u00e1tica do jogo. Acho que se tivesse investido um pouco mais eu teria condi\u00e7\u00e3o de ter feito uma boa carreira\u201d.<\/span><br \/>\n<span style=\"font-family: 'times new roman', times, serif; font-size: 14pt;\">N\u00e3o investiu tanto. Aos 17, ao terminar o segundo grau, optou pela faculdade de educa\u00e7\u00e3o f\u00edsica, e teve o privil\u00e9gio que pouqu\u00edssimos estudantes t\u00eam: conseguiu um est\u00e1gio, j\u00e1 no futebol, antes mesmo de pisar na sala de aula pela primeira vez.<\/span><br \/>\n<span style=\"font-family: 'times new roman', times, serif; font-size: 14pt;\">O novo Professor dos \u201cMeninos da Vila\u201d, teve seu in\u00edcio de carreira ligado ao\u00a0<strong>Internacional<\/strong>.<\/span><br \/>\n<span style=\"font-family: 'times new roman', times, serif; font-size: 14pt;\">Depois de deixar a base do Colorado, tornou-se t\u00e9cnico de times profissionais e rodou o Brasil, ganhando proje\u00e7\u00e3o nacional principalmente na passagem pelo\u00a0<strong>Cear\u00e1<\/strong>, entre\u00a0<strong>2015<\/strong>\u00a0e\u00a0<strong>2016<\/strong>, quando livrou o clube do rebaixamento \u00e0\u00a0<strong>S\u00e9rie C<\/strong>.<\/span><\/p>\n<p><span style=\"font-family: 'times new roman', times, serif; font-size: 14pt;\">Em\u00a0<strong>2016,<\/strong>\u00a0voltou ao Inter para breve passagem na reta final do Brasileir\u00e3o daquele ano, quando o clube acabaria rebaixado \u00e0\u00a0<strong>S\u00e9rie B<\/strong>.<\/span><br \/>\n<span style=\"font-family: 'times new roman', times, serif; font-size: 14pt;\">Nessa \u00e9poca, trabalhou com\u00a0<strong>Newton Drummond<\/strong>, o Chumbinho, contratado recentemente para ser o diretor executivo de futebol do\u00a0Santos.<\/span><br \/>\n<span style=\"font-family: 'times new roman', times, serif; font-size: 14pt;\">Ap\u00f3s passagens por\u00a0<strong>Paran\u00e1<\/strong>,\u00a0<strong>Guarani<\/strong>,\u00a0<strong>Crici\u00fama\u00a0<\/strong>e novamente\u00a0<strong>Cear\u00e1<\/strong>, dirigiu o\u00a0<strong>Am\u00e9rica-MG<\/strong>, onde fez o melhor trabalho de sua carreira quando em\u00a0<strong>2020<\/strong>, levou o Coelho \u00e0s semifinais da\u00a0<strong>Copa do Brasil<\/strong>\u00a0e carimbou o acesso \u00e0\u00a0<strong>S\u00e9rie A<\/strong>\u00a0para\u00a0<strong>2021<\/strong>. Antes do\u00a0<strong>Sport<\/strong>, ainda dirigiu o\u00a0<strong>Vasco<\/strong>.<\/span><\/p>\n<p><span style=\"font-family: 'times new roman', times, serif; font-size: 14pt;\">Ap\u00f3s ser apresentado e discorrer um pouco sobre sua carreira e seu trabalho at\u00e9 aqui, o treinador que assinou at\u00e9 dezembro de 2023 agradeceu aos Dirigentes do Santos, a oportunidade de poder trabalhar em um clube da grandeza hist\u00f3rica do Santos, e agradeceu pela confian\u00e7a nele depositada!<\/span><br \/>\n<span style=\"font-family: 'times new roman', times, serif; font-size: 14pt;\">\u201cMuito feliz por essa oportunidade em um gigante do futebol brasileiro.<\/span><br \/>\n<span style=\"font-family: 'times new roman', times, serif; font-size: 14pt;\">O Santos \u00e9 um clube hist\u00f3rico e estou empolgado demais. Acredito que possamos fazer um grande trabalho\u201d disse Lisca. Dito isso a Coletiva foi aberta para perguntas realizadas por alguns rep\u00f3rteres!<\/span><\/p>\n<p><span style=\"font-family: 'times new roman', times, serif; font-size: 14pt;\">J\u00e1 na Manh\u00e3 dessa quinta-feira, mesmo antes de ser apresentado oficialmente, Lisca teve seu primeiro contato com o CT Rei Pel\u00e9, conheceu toda a infraestrutura do centro de treinamentos, conheceu seus novos comandados e inclusive na pr\u00e1tica j\u00e1 comandou o seu primeiro treino.<\/span><br \/>\n<span style=\"font-family: 'times new roman', times, serif; font-size: 14pt;\">Primeiro o tradicional papo \u00e9 claro, e depois campo e bola, pois at\u00e9 domingo (24), ser\u00e3o apenas tr\u00eas dias para montar ao menos um esbo\u00e7o do time que agora com ele Lisca, o torcedor Santista passar\u00e1 a ver em campo!\u00a0<\/span><\/p>\n<p><span style=\"font-family: 'times new roman', times, serif; font-size: 14pt;\">O Santos volta a campo na noite do pr\u00f3ximo domingo (<strong>24<\/strong>), quando \u00e0s\u00a0<strong>19h00<\/strong>, (de Bras\u00edlia),\u00a0 o Alvinegro praiano enfrenta fora de casa na\u00a0<strong>Arena Castel\u00e3o<\/strong>\u00a0em\u00a0<strong>Fortaleza-CE<\/strong>\u00a0a equipe do\u00a0<strong>Fortaleza\u00a0<\/strong>pela\u00a0<strong>19\u00ba<\/strong>\u00a0e \u00faltima \u00a0rodada do\u00a0<strong>1\u00ba turno<\/strong>\u00a0do\u00a0<strong>Brasileir\u00e3o 2022<\/strong>, partida que marcar\u00e1 a estreia oficial do treinador Lisca j\u00e1 no banco comandando a equipe Santista!<\/span><\/p>\n<p><span style=\"font-family: 'times new roman', times, serif; font-size: 14pt;\"><strong>Confira agora como foi a chegada o novo comandante Santista ao CT Rei Pel\u00e9 e sua apresenta\u00e7\u00e3o ao elenco e torcedores<\/strong><\/span><\/p>\n<figure class=\"wp-block-embed is-type-video is-provider-youtube wp-block-embed-youtube wp-embed-aspect-16-9 wp-has-aspect-ratio\">\n<div class=\"wp-block-embed__wrapper\"><iframe loading=\"lazy\" class=\"fcunited_resize trx_addons_resize\" title=\"LISCA \u00c9 O NOVO TREINADOR DO SANTOS FC\" src=\"https:\/\/www.youtube.com\/embed\/3yXo5vjTo2E?feature=oembed\" width=\"1278\" height=\"719\" frameborder=\"0\" allowfullscreen=\"allowfullscreen\" data-last-width=\"830.984\" data-mce-fragment=\"1\"><\/iframe><\/div>\n<\/figure>\n<figure class=\"wp-block-embed is-type-video is-provider-youtube wp-block-embed-youtube wp-embed-aspect-16-9 wp-has-aspect-ratio\">\n<div class=\"wp-block-embed__wrapper\"><iframe loading=\"lazy\" class=\"fcunited_resize trx_addons_resize\" title=\"LISCA | APRESENTA\u00c7\u00c3O (21\/07\/22)\" src=\"https:\/\/www.youtube.com\/embed\/b116cRmK_hI?start=4&amp;feature=oembed\" width=\"1278\" height=\"719\" frameborder=\"0\" allowfullscreen=\"allowfullscreen\" data-last-width=\"830.984\" data-mce-fragment=\"1\"><\/iframe><\/div>\n<\/figure>\n<p><span style=\"font-family: 'times new roman', times, serif; font-size: 14pt;\">(Cr\u00e9dito: Imagem: Ivan Storti\/Divulga\u00e7\u00e3o\/Santos FC)<\/span><br \/>\n<span style=\"font-family: 'times new roman', times, serif; font-size: 14pt;\">(Cr\u00e9dito: Imagem: SantosTV\/Divulga\u00e7\u00e3o\/Santos FC)<\/span><\/p>\n","protected":false},"excerpt":{"rendered":"<p>Al\u00f4 Na\u00e7\u00e3o Santista! Sauda\u00e7\u00f5es Alvinegras! Eram exatas\u00a013:10, desta quinta-feira, (21), quando adentrava a Sala de Imprensa do Santos Futebol Clube,<\/p>\n","protected":false},"author":2,"featured_media":4208,"comment_status":"open","ping_status":"open","sticky":false,"template":"","format":"standard","meta":{"colormag_page_container_layout":"default_layout","colormag_page_sidebar_layout":"default_layout","_jetpack_memberships_contains_paid_content":false,"footnotes":""},"categories":[4,30,10,31],"tags":[6],"class_list":["post-4207","post","type-post","status-publish","format-standard","has-post-thumbnail","hentry","category-bastidores-do-santos-fc","category-contratacoes","category-elenco-profissional","category-quem-chega-e-quem-sai","tag-santos-fc"],"jetpack_featured_media_url":"https:\/\/i0.wp.com\/sergiobertoldi.com\/wp-content\/uploads\/2022\/07\/Novo-treinador-do-Santos.png?fit=602%2C299&ssl=1","jetpack_likes_enabled":true,"jetpack_sharing_enabled":true,"_links":{"self":[{"href":"https:\/\/sergiobertoldi.com\/index.php\/wp-json\/wp\/v2\/posts\/4207","targetHints":{"allow":["GET"]}}],"collection":[{"href":"https:\/\/sergiobertoldi.com\/index.php\/wp-json\/wp\/v2\/posts"}],"about":[{"href":"https:\/\/sergiobertoldi.com\/index.php\/wp-json\/wp\/v2\/types\/post"}],"author":[{"embeddable":true,"href":"https:\/\/sergiobertoldi.com\/index.php\/wp-json\/wp\/v2\/users\/2"}],"replies":[{"embeddable":true,"href":"https:\/\/sergiobertoldi.com\/index.php\/wp-json\/wp\/v2\/comments?post=4207"}],"version-history":[{"count":1,"href":"https:\/\/sergiobertoldi.com\/index.php\/wp-json\/wp\/v2\/posts\/4207\/revisions"}],"predecessor-version":[{"id":4209,"href":"https:\/\/sergiobertoldi.com\/index.php\/wp-json\/wp\/v2\/posts\/4207\/revisions\/4209"}],"wp:featuredmedia":[{"embeddable":true,"href":"https:\/\/sergiobertoldi.com\/index.php\/wp-json\/wp\/v2\/media\/4208"}],"wp:attachment":[{"href":"https:\/\/sergiobertoldi.com\/index.php\/wp-json\/wp\/v2\/media?parent=4207"}],"wp:term":[{"taxonomy":"category","embeddable":true,"href":"https:\/\/sergiobertoldi.com\/index.php\/wp-json\/wp\/v2\/categories?post=4207"},{"taxonomy":"post_tag","embeddable":true,"href":"https:\/\/sergiobertoldi.com\/index.php\/wp-json\/wp\/v2\/tags?post=4207"}],"curies":[{"name":"wp","href":"https:\/\/api.w.org\/{rel}","templated":true}]}}