{"id":4201,"date":"2022-07-14T13:16:51","date_gmt":"2022-07-14T16:16:51","guid":{"rendered":"https:\/\/sergiobertoldi.com\/?p=4201"},"modified":"2022-07-30T18:30:58","modified_gmt":"2022-07-30T21:30:58","slug":"newton-drummond-e-o-novo-gerente-executivo-de-futebol-do-santos","status":"publish","type":"post","link":"https:\/\/sergiobertoldi.com\/index.php\/2022\/07\/14\/newton-drummond-e-o-novo-gerente-executivo-de-futebol-do-santos\/","title":{"rendered":"Newton Drummond \u00e9 o novo gerente executivo de futebol do Santos"},"content":{"rendered":"<p><span style=\"font-family: helvetica, arial, sans-serif; font-size: 14pt;\"><strong><u>Al\u00f4 Na\u00e7\u00e3o Santista! Sauda\u00e7\u00f5es Alvinegras!<\/u><\/strong><\/span><\/p>\n<p style=\"text-align: justify;\"><span style=\"font-family: 'times new roman', times, serif; font-size: 14pt;\">N\u00e3o demorou muito para o presidente Andr\u00e9s Rueda, definir junto com os seus pares do Comit\u00ea Gestor, o nome do profissional que chega para a vaga deixada por Edu Dracena, que pediu demiss\u00e3o ap\u00f3s a elimina\u00e7\u00e3o do Santos para o\u00a0<strong>Deportivo T\u00e1chira-VEN<\/strong>\u00a0nas oitavas de final da Sul-Americana, nos p\u00eanaltis, em plena Vila Belmiro.<\/span><br \/>\n<span style=\"font-family: 'times new roman', times, serif; font-size: 14pt;\">O Santos passa por um processo de reformula\u00e7\u00e3o, desde a elimina\u00e7\u00e3o para o Deportivo T\u00e1chira na Copa Sul-Americana.<\/span><br \/>\n<span style=\"font-family: 'times new roman', times, serif; font-size: 14pt;\">h\u00e1 uma semana, Edu Dracena j\u00e1 havia se antecipado \u00e0 diretoria e publicou um comunicado em suas redes sociais para anunciar que havia pedido demiss\u00e3o. Mais tarde, o clube soltou uma nota confirmando a sa\u00edda do ent\u00e3o executivo de futebol.<\/span><br \/>\n<span style=\"font-family: 'times new roman', times, serif; font-size: 14pt;\">Al\u00e9m de Dracena, a lista de dispensas incluiu o t\u00e9cnico\u00a0<strong>Fabi\u00e1n Bustos<\/strong>\u00a0e sua comiss\u00e3o t\u00e9cnica, o gerente de futebol\u00a0<strong>Guilherme Lipi<\/strong>\u00a0e o assessor do gerente\u00a0<strong>Arnaldo Hase<\/strong>.<\/span><\/p>\n<p style=\"text-align: justify;\"><span style=\"font-family: 'times new roman', times, serif; font-size: 14pt;\">Ap\u00f3s receber um \u201cN\u00e3o\u201d de alguns executivos consultados, a Diretoria do Santos anunciou em seu site oficial, o nome do novo Gerente Executivo de Futebol.<\/span><br \/>\n<span style=\"font-family: 'times new roman', times, serif; font-size: 14pt;\">Trata-se de\u00a0<strong>Newton Drummond<\/strong>, que tr\u00e1s consigo uma experi\u00eancia constru\u00edda ao longo de\u00a0<strong>18 anos<\/strong>\u00a0de carreira como dirigente, e conquistou, ao todo,\u00a0<strong>15 t\u00edtulos.<\/strong><\/span><br \/>\n<span style=\"font-family: 'times new roman', times, serif; font-size: 14pt;\">Entre eles, duas\u00a0<strong>Libertadores<\/strong>\u00a0(<strong>2006 e 2010<\/strong>), um\u00a0<strong>Mundial de Clubes<\/strong>\u00a0(<strong>2006<\/strong>) e uma\u00a0<strong>Copa Sul-Americana\u00a0<\/strong>(<strong>2008<\/strong>) \u2013 todos com o Colorado.<\/span><\/p>\n<p style=\"text-align: justify;\"><span style=\"font-family: 'times new roman', times, serif; font-size: 14pt;\">Drummond estava sem clube desde que deixou a fun\u00e7\u00e3o de Diretor Esportivo do\u00a0<strong>Coritiba<\/strong>\u00a0no final da temporada passada. O dirigente construiu boa parte de sua carreira no futebol da regi\u00e3o Sul do pa\u00eds. Al\u00e9m do time paranaense, trabalhou na\u00a0<strong>Chapecoense<\/strong>\u00a0e no\u00a0<strong>Internacional<\/strong>, clube no qual integrou a diretoria durante as conquistas da Libertadores, em 2006 e 2010, e do Mundial de Clubes da Fifa, em 2006.<\/span><\/p>\n<p style=\"text-align: justify;\"><span style=\"font-family: 'times new roman', times, serif; font-size: 14pt;\">A passagem pelo time ga\u00facho foi longa. Drummond \u00a0permaneceu l\u00e1 de<strong>\u00a02002<\/strong>\u00a0a\u00a0<strong>2011<\/strong>, antes de iniciar uma nova experi\u00eancia no\u00a0<strong>Vit\u00f3ria<\/strong>, encerrada em\u00a0<strong>2012<\/strong>. Voltou ao\u00a0<strong>Internacional\u00a0<\/strong>no ano seguinte, se despediu outra vez em\u00a0<strong>2014<\/strong>\u00a0e voltou em\u00a0<strong>2016<\/strong>, na reta final do Brasileir\u00e3o que terminou em rebaixamento para o Inter. Ent\u00e3o, passou por\u00a0<strong>Vasco<\/strong>\u00a0(<strong>2018<\/strong>),\u00a0<strong>Chapecoense<\/strong>\u00a0(<strong>2018\/2019<\/strong>) e\u00a0<strong>Coritiba<\/strong>\u00a0(<strong>2021<\/strong>).<\/span><\/p>\n<p style=\"text-align: justify;\"><span style=\"font-family: 'times new roman', times, serif; font-size: 14pt;\">Com a chegada do novo Gerente Executivo, a tend\u00eancia \u00e9 que os outros cargos em aberto sejam ocupados em breve.<\/span><br \/>\n<span style=\"font-family: 'times new roman', times, serif; font-size: 14pt;\">Agora, o foco do Peixe parte para a procura de um novo treinador.<\/span><br \/>\n<span style=\"font-family: 'times new roman', times, serif; font-size: 14pt;\">Segundo o presidente Andres Rueda, o clube priorizava acerto com um novo executivo antes de ir atr\u00e1s de um treinador para substituir F\u00e1bian Bustos.<\/span><br \/>\n<span style=\"font-family: 'times new roman', times, serif; font-size: 14pt;\">Outro que j\u00e1 deixou a equipe Santista foi o meia-atacante\u00a0<strong>Ricardo Goulart<\/strong>.<\/span><br \/>\n<span style=\"font-family: 'times new roman', times, serif; font-size: 14pt;\">O jogador de 31 anos acertou sua rescis\u00e3o com o Peixe ap\u00f3s seis meses. Neste per\u00edodo, atuou em\u00a0<strong>30\u00a0<\/strong>partidas, marcou\u00a0<strong>quatro gols\u00a0<\/strong>e deu\u00a0<strong>tr\u00eas assist\u00eancias<\/strong>.<\/span><\/p>\n<p style=\"text-align: justify;\"><span style=\"font-family: 'times new roman', times, serif; font-size: 14pt;\"><strong>Acompanhe como foi o primeiro contato do novo Gerente de Futebol do Peixe com os Jogadores<\/strong><\/span><\/p>\n<figure class=\"wp-block-embed is-type-video is-provider-youtube wp-block-embed-youtube wp-embed-aspect-16-9 wp-has-aspect-ratio\" style=\"text-align: justify;\">\n<div class=\"wp-block-embed__wrapper\"><iframe loading=\"lazy\" class=\"fcunited_resize trx_addons_resize\" title=\"NEWTON DRUMMOND \u00c9 O NOVO EXECUTIVO DE FUTEBOL DO SANTOS!\" src=\"https:\/\/www.youtube.com\/embed\/tjtpxdmPNNc?feature=oembed\" width=\"1278\" height=\"719\" frameborder=\"0\" allowfullscreen=\"allowfullscreen\" data-last-width=\"830.984\" data-mce-fragment=\"1\"><\/iframe><\/div>\n<\/figure>\n<p style=\"text-align: justify;\"><span style=\"font-family: 'times new roman', times, serif; font-size: 14pt;\">(Cr\u00e9dito: Imagem: Ivan Storti\/Divulga\u00e7\u00e3o\/Santos FC)<\/span><br \/>\n<span style=\"font-family: 'times new roman', times, serif; font-size: 14pt;\">(Cr\u00e9dito: Imagem: SantosTV\/Divulga\u00e7\u00e3o\/Santos FC)<\/span><\/p>\n","protected":false},"excerpt":{"rendered":"<p>Al\u00f4 Na\u00e7\u00e3o Santista! Sauda\u00e7\u00f5es Alvinegras! N\u00e3o demorou muito para o presidente Andr\u00e9s Rueda, definir junto com os seus pares do<\/p>\n","protected":false},"author":2,"featured_media":4202,"comment_status":"open","ping_status":"open","sticky":false,"template":"","format":"standard","meta":{"colormag_page_container_layout":"default_layout","colormag_page_sidebar_layout":"default_layout","_jetpack_memberships_contains_paid_content":false,"footnotes":""},"categories":[4,30,10,31],"tags":[6],"class_list":["post-4201","post","type-post","status-publish","format-standard","has-post-thumbnail","hentry","category-bastidores-do-santos-fc","category-contratacoes","category-elenco-profissional","category-quem-chega-e-quem-sai","tag-santos-fc"],"jetpack_featured_media_url":"https:\/\/i0.wp.com\/sergiobertoldi.com\/wp-content\/uploads\/2022\/07\/Newton-Drummont-02.jpeg?fit=771%2C420&ssl=1","jetpack_likes_enabled":true,"jetpack_sharing_enabled":true,"_links":{"self":[{"href":"https:\/\/sergiobertoldi.com\/index.php\/wp-json\/wp\/v2\/posts\/4201","targetHints":{"allow":["GET"]}}],"collection":[{"href":"https:\/\/sergiobertoldi.com\/index.php\/wp-json\/wp\/v2\/posts"}],"about":[{"href":"https:\/\/sergiobertoldi.com\/index.php\/wp-json\/wp\/v2\/types\/post"}],"author":[{"embeddable":true,"href":"https:\/\/sergiobertoldi.com\/index.php\/wp-json\/wp\/v2\/users\/2"}],"replies":[{"embeddable":true,"href":"https:\/\/sergiobertoldi.com\/index.php\/wp-json\/wp\/v2\/comments?post=4201"}],"version-history":[{"count":1,"href":"https:\/\/sergiobertoldi.com\/index.php\/wp-json\/wp\/v2\/posts\/4201\/revisions"}],"predecessor-version":[{"id":4203,"href":"https:\/\/sergiobertoldi.com\/index.php\/wp-json\/wp\/v2\/posts\/4201\/revisions\/4203"}],"wp:featuredmedia":[{"embeddable":true,"href":"https:\/\/sergiobertoldi.com\/index.php\/wp-json\/wp\/v2\/media\/4202"}],"wp:attachment":[{"href":"https:\/\/sergiobertoldi.com\/index.php\/wp-json\/wp\/v2\/media?parent=4201"}],"wp:term":[{"taxonomy":"category","embeddable":true,"href":"https:\/\/sergiobertoldi.com\/index.php\/wp-json\/wp\/v2\/categories?post=4201"},{"taxonomy":"post_tag","embeddable":true,"href":"https:\/\/sergiobertoldi.com\/index.php\/wp-json\/wp\/v2\/tags?post=4201"}],"curies":[{"name":"wp","href":"https:\/\/api.w.org\/{rel}","templated":true}]}}