{"id":4185,"date":"2022-07-15T07:15:51","date_gmt":"2022-07-15T10:15:51","guid":{"rendered":"https:\/\/sergiobertoldi.com\/?p=4185"},"modified":"2022-07-28T21:50:17","modified_gmt":"2022-07-29T00:50:17","slug":"ministerio-publico-do-trabalho-acusa-santos-futebol-clube-de-promover-trabalho-infantil","status":"publish","type":"post","link":"https:\/\/sergiobertoldi.com\/index.php\/2022\/07\/15\/ministerio-publico-do-trabalho-acusa-santos-futebol-clube-de-promover-trabalho-infantil\/","title":{"rendered":"Minist\u00e9rio P\u00fablico do Trabalho Acusa Santos Futebol Clube de promover trabalho infantil"},"content":{"rendered":"<p><span style=\"font-family: helvetica, arial, sans-serif; font-size: 14pt;\"><strong>Al\u00f4 Na\u00e7\u00e3o Santista! Sauda\u00e7\u00f5es Alvinegras!<\/strong><\/span><\/p>\n<p style=\"text-align: justify;\"><span style=\"font-family: 'times new roman', times, serif; font-size: 14pt;\">Se dentro de campo as coisas come\u00e7am a tomar outro formato com a chegada do treinador Lisca e da nova comiss\u00e3o t\u00e9cnica, n\u00e3o se pode dizer o mesmo quanto aos bastidores do clube!<\/span><\/p>\n<p style=\"text-align: justify;\"><span style=\"font-family: 'times new roman', times, serif; font-size: 14pt;\">\u00a0Acontece que\u00a0 o Minist\u00e9rio P\u00fablico do Trabalho de S\u00e3o Paulo (MP-SP) entrou com uma a\u00e7\u00e3o civil p\u00fablica contra o Santos, acusando o clube de promover trabalho infantil clandestino e explora\u00e7\u00e3o de menores nas categorias de base da Vila Belmiro. A a\u00e7\u00e3o que corre sob sigilo, tem mais de mil p\u00e1ginas.<\/span><br \/>\n<span style=\"font-family: 'times new roman', times, serif; font-size: 14pt;\">O MP pediu que a Justi\u00e7a declare o cancelamento imediato, assim como a finaliza\u00e7\u00e3o de todas as categorias de base do Santos, destinadas a menores de 14 anos, e ainda pro\u00edba o clube de promover estas atividades.<\/span><\/p>\n<div class=\"wp-block-image\" style=\"text-align: justify;\">\n<figure class=\"aligncenter size-full\"><span style=\"font-family: 'times new roman', times, serif; font-size: 14pt;\"><img data-recalc-dims=\"1\" loading=\"lazy\" decoding=\"async\" class=\"wp-image-9409 aligncenter\" src=\"https:\/\/i0.wp.com\/santosnews.com.br\/wp-content\/uploads\/2022\/07\/CT-Meninos-da-Vila-07.jpg?resize=620%2C349&#038;ssl=1\" sizes=\"auto, (max-width: 620px) 100vw, 620px\" srcset=\"https:\/\/santosnews.com.br\/wp-content\/uploads\/2022\/07\/CT-Meninos-da-Vila-07.jpg 620w, https:\/\/santosnews.com.br\/wp-content\/uploads\/2022\/07\/CT-Meninos-da-Vila-07-300x169.jpg 300w, https:\/\/santosnews.com.br\/wp-content\/uploads\/2022\/07\/CT-Meninos-da-Vila-07-500x281.jpg 500w, https:\/\/santosnews.com.br\/wp-content\/uploads\/2022\/07\/CT-Meninos-da-Vila-07-400x225.jpg 400w, https:\/\/santosnews.com.br\/wp-content\/uploads\/2022\/07\/CT-Meninos-da-Vila-07-32x18.jpg 32w, https:\/\/santosnews.com.br\/wp-content\/uploads\/2022\/07\/CT-Meninos-da-Vila-07-370x208.jpg 370w, https:\/\/santosnews.com.br\/wp-content\/uploads\/2022\/07\/CT-Meninos-da-Vila-07-406x229.jpg 406w, https:\/\/santosnews.com.br\/wp-content\/uploads\/2022\/07\/CT-Meninos-da-Vila-07-270x152.jpg 270w\" alt=\"\" width=\"620\" height=\"349\" \/><\/span><\/figure>\n<\/div>\n<p style=\"text-align: justify;\"><span style=\"font-family: 'times new roman', times, serif; font-size: 14pt;\">As \u00a0investiga\u00e7\u00f5es realizadas pelo Minist\u00e9rio P\u00fablico teriam flagrado trabalho infantil sendo realizado por \u00a0integrantes das categorias sub-11 e sub-13, totalizando 75 crian\u00e7as e adolescentes menores de 14 anos, que trabalham desde cedo para o Santos,sob contratos de trabalho sem qualquer tipo de remunera\u00e7\u00e3o<\/span><\/p>\n<p style=\"text-align: justify;\"><span style=\"font-family: 'times new roman', times, serif; font-size: 14pt;\">O MP tamb\u00e9m pediu que sejam imediatamente declaradas suspensas, todas as atividades nas categorias de base santistas para menores de 14 anos, sob pena de suspens\u00e3o do certificado de entidade formadora do clube, com multa di\u00e1ria de R$ 100 mil para o descumprimento.<\/span><br \/>\n<span style=\"font-family: 'times new roman', times, serif; font-size: 14pt;\">O \u00f3rg\u00e3o pede que o tribunal declare nulas, todas as contrata\u00e7\u00f5es informais de atletas mirins amadores, e que seja reconhecida a rela\u00e7\u00e3o de emprego de todos os jogadores com mais de 16 anos, tamb\u00e9m pede o reconhecimento da rela\u00e7\u00e3o de emprego na modalidade aprendizagem aos mais jovens.<\/span><br \/>\n<span style=\"font-family: 'times new roman', times, serif; font-size: 14pt;\">Outro pedido do MP \u00e9 que o Santos seja condenado a pagar R$ 3 milh\u00f5es a t\u00edtulo de indeniza\u00e7\u00e3o por danos morais coletivos causados at\u00e9 o momento pelo que o clube vem fazendo em suas categorias de base<\/span><\/p>\n<div class=\"wp-block-image\" style=\"text-align: justify;\">\n<figure class=\"aligncenter size-full\"><span style=\"font-family: 'times new roman', times, serif; font-size: 14pt;\"><img data-recalc-dims=\"1\" loading=\"lazy\" decoding=\"async\" class=\"wp-image-9410 aligncenter\" src=\"https:\/\/i0.wp.com\/santosnews.com.br\/wp-content\/uploads\/2022\/07\/ministerio-publico-trabalho-sao-.jpeg?resize=512%2C288&#038;ssl=1\" sizes=\"auto, (max-width: 512px) 100vw, 512px\" srcset=\"https:\/\/santosnews.com.br\/wp-content\/uploads\/2022\/07\/ministerio-publico-trabalho-sao-.jpeg 512w, https:\/\/santosnews.com.br\/wp-content\/uploads\/2022\/07\/ministerio-publico-trabalho-sao--300x169.jpeg 300w, https:\/\/santosnews.com.br\/wp-content\/uploads\/2022\/07\/ministerio-publico-trabalho-sao--500x281.jpeg 500w, https:\/\/santosnews.com.br\/wp-content\/uploads\/2022\/07\/ministerio-publico-trabalho-sao--400x225.jpeg 400w, https:\/\/santosnews.com.br\/wp-content\/uploads\/2022\/07\/ministerio-publico-trabalho-sao--32x18.jpeg 32w, https:\/\/santosnews.com.br\/wp-content\/uploads\/2022\/07\/ministerio-publico-trabalho-sao--370x208.jpeg 370w, https:\/\/santosnews.com.br\/wp-content\/uploads\/2022\/07\/ministerio-publico-trabalho-sao--406x228.jpeg 406w, https:\/\/santosnews.com.br\/wp-content\/uploads\/2022\/07\/ministerio-publico-trabalho-sao--270x152.jpeg 270w\" alt=\"\" width=\"512\" height=\"288\" \/><\/span><\/figure>\n<\/div>\n<p style=\"text-align: justify;\"><span style=\"font-family: 'times new roman', times, serif; font-size: 14pt;\">Para agravar mais ainda a situa\u00e7\u00e3o do clube, segundo a investiga\u00e7\u00e3o o \u00f3rg\u00e3o constatou terem ocorrido acidentes de trabalho com crian\u00e7as que jogam na base do Santos. Em um per\u00edodo de apenas um m\u00eas, cerca de 143 jovens com idade inferior a 13 anos, foram atendidos nos departamentos de enfermagem do clube, algo que o MP classificou como \u201cchocante\u201d o que encontrou no trabalho feito pelo time da Vila Belmiro em suas categorias de base, declarando que o clube \u201cn\u00e3o observa a idade m\u00ednima constitucionalmente prevista para o trabalho infantil, n\u00e3o formaliza a contrata\u00e7\u00e3o, n\u00e3o garante direitos m\u00ednimos, tampouco remunera adequadamente essas crian\u00e7as\u201d.<\/span><br \/>\n<span style=\"font-family: 'times new roman', times, serif; font-size: 14pt;\">Para o \u00f3rg\u00e3o, em contradi\u00e7\u00e3o, o Santos exige dos jovens \u201crotina r\u00edgida de treinamentos, severa prepara\u00e7\u00e3o f\u00edsica, disciplina profissional, participa\u00e7\u00e3o em competi\u00e7\u00f5es desportivas organizadas pela Federa\u00e7\u00e3o Paulista de Futebol e as exp\u00f5e a acidentes de trabalho\u201d<\/span><\/p>\n<div class=\"wp-block-image\" style=\"text-align: justify;\">\n<figure class=\"aligncenter size-full\"><span style=\"font-family: 'times new roman', times, serif; font-size: 14pt;\"><img data-recalc-dims=\"1\" loading=\"lazy\" decoding=\"async\" class=\"aligncenter wp-image-9411\" src=\"https:\/\/i0.wp.com\/santosnews.com.br\/wp-content\/uploads\/2022\/07\/CT-Meninos-da-Vila-03-1.jpg?resize=560%2C420&#038;ssl=1\" sizes=\"auto, (max-width: 560px) 100vw, 560px\" srcset=\"https:\/\/santosnews.com.br\/wp-content\/uploads\/2022\/07\/CT-Meninos-da-Vila-03-1.jpg 560w, https:\/\/santosnews.com.br\/wp-content\/uploads\/2022\/07\/CT-Meninos-da-Vila-03-1-300x225.jpg 300w, https:\/\/santosnews.com.br\/wp-content\/uploads\/2022\/07\/CT-Meninos-da-Vila-03-1-500x375.jpg 500w, https:\/\/santosnews.com.br\/wp-content\/uploads\/2022\/07\/CT-Meninos-da-Vila-03-1-400x300.jpg 400w, https:\/\/santosnews.com.br\/wp-content\/uploads\/2022\/07\/CT-Meninos-da-Vila-03-1-32x24.jpg 32w, https:\/\/santosnews.com.br\/wp-content\/uploads\/2022\/07\/CT-Meninos-da-Vila-03-1-370x278.jpg 370w, https:\/\/santosnews.com.br\/wp-content\/uploads\/2022\/07\/CT-Meninos-da-Vila-03-1-406x305.jpg 406w\" alt=\"\" width=\"560\" height=\"420\" \/><\/span><\/figure>\n<\/div>\n<p style=\"text-align: justify;\"><span style=\"font-family: 'times new roman', times, serif; font-size: 14pt;\"><strong><u>PITACOS DO BERTOLDI<\/u><\/strong><\/span><\/p>\n<p style=\"text-align: justify;\"><span style=\"font-family: 'times new roman', times, serif; font-size: 14pt;\">Ser\u00e1 que algum representante do Minist\u00e9rio P\u00fablico do Trabalho de S\u00e3o Paulo (MP-SP), responderia a esse Jornalista, se o mesmo rigor em rela\u00e7\u00e3o a Lei, que agora \u00e9 lembrada para cair pesada contra um Clube que h\u00e1 anos, ajuda n\u00e3o apenas formando jogadores de Futebol para o Brasil e o Mundo, mas contribuindo para forjar homens de bem<\/span><\/p>\n<p style=\"text-align: justify;\"><span style=\"font-family: 'times new roman', times, serif; font-size: 14pt;\"><img data-recalc-dims=\"1\" loading=\"lazy\" decoding=\"async\" class=\"aligncenter wp-image-4187\" src=\"https:\/\/i0.wp.com\/sergiobertoldi.com\/wp-content\/uploads\/2022\/07\/Alegria-na-Vila.webp?resize=750%2C563&#038;ssl=1\" alt=\"\" width=\"750\" height=\"563\" srcset=\"https:\/\/i0.wp.com\/sergiobertoldi.com\/wp-content\/uploads\/2022\/07\/Alegria-na-Vila.webp?w=984&amp;ssl=1 984w, https:\/\/i0.wp.com\/sergiobertoldi.com\/wp-content\/uploads\/2022\/07\/Alegria-na-Vila.webp?resize=300%2C225&amp;ssl=1 300w, https:\/\/i0.wp.com\/sergiobertoldi.com\/wp-content\/uploads\/2022\/07\/Alegria-na-Vila.webp?resize=768%2C577&amp;ssl=1 768w\" sizes=\"auto, (max-width: 750px) 100vw, 750px\" \/><\/span><\/p>\n<p style=\"text-align: justify;\"><span style=\"font-family: 'times new roman', times, serif; font-size: 14pt;\">Se esse mesmo rigor, \u00e9 empregado nas Biqueiras de morros e favelas, nas esquinas e far\u00f3is onde se encontram facilmente crian\u00e7as vendendo balas, pedindo esmolas e etc..?<\/span><\/p>\n<div class=\"wp-block-image\" style=\"text-align: justify;\">\n<figure class=\"aligncenter size-full is-resized\"><span style=\"font-family: 'times new roman', times, serif; font-size: 14pt;\"><img data-recalc-dims=\"1\" loading=\"lazy\" decoding=\"async\" class=\"aligncenter wp-image-9413\" src=\"https:\/\/i0.wp.com\/santosnews.com.br\/wp-content\/uploads\/2022\/07\/pedir1.jpg?resize=400%2C365&#038;ssl=1\" sizes=\"auto, (max-width: 400px) 100vw, 400px\" srcset=\"https:\/\/santosnews.com.br\/wp-content\/uploads\/2022\/07\/pedir1.jpg 400w, https:\/\/santosnews.com.br\/wp-content\/uploads\/2022\/07\/pedir1-300x274.jpg 300w, https:\/\/santosnews.com.br\/wp-content\/uploads\/2022\/07\/pedir1-32x29.jpg 32w, https:\/\/santosnews.com.br\/wp-content\/uploads\/2022\/07\/pedir1-370x338.jpg 370w\" alt=\"\" width=\"400\" height=\"365\" \/><\/span><\/figure>\n<\/div>\n<p style=\"text-align: justify;\">\n<div class=\"wp-block-image\" style=\"text-align: justify;\">\n<figure class=\"aligncenter size-full\"><span style=\"font-family: 'times new roman', times, serif; font-size: 14pt;\"><img data-recalc-dims=\"1\" loading=\"lazy\" decoding=\"async\" class=\"aligncenter wp-image-9414\" src=\"https:\/\/i0.wp.com\/santosnews.com.br\/wp-content\/uploads\/2022\/07\/FALA-3.jpg?resize=620%2C372&#038;ssl=1\" sizes=\"auto, (max-width: 620px) 100vw, 620px\" srcset=\"https:\/\/santosnews.com.br\/wp-content\/uploads\/2022\/07\/FALA-3.jpg 620w, https:\/\/santosnews.com.br\/wp-content\/uploads\/2022\/07\/FALA-3-300x180.jpg 300w, https:\/\/santosnews.com.br\/wp-content\/uploads\/2022\/07\/FALA-3-500x300.jpg 500w, https:\/\/santosnews.com.br\/wp-content\/uploads\/2022\/07\/FALA-3-400x240.jpg 400w, https:\/\/santosnews.com.br\/wp-content\/uploads\/2022\/07\/FALA-3-32x19.jpg 32w, https:\/\/santosnews.com.br\/wp-content\/uploads\/2022\/07\/FALA-3-370x222.jpg 370w, https:\/\/santosnews.com.br\/wp-content\/uploads\/2022\/07\/FALA-3-406x244.jpg 406w\" alt=\"\" width=\"620\" height=\"372\" \/><\/span><\/figure>\n<\/div>\n<p style=\"text-align: justify;\"><span style=\"font-family: 'times new roman', times, serif; font-size: 14pt;\">Com tantos garotos que o Santos ajuda a formar, muitas vezes ajudando at\u00e9 mesmo a fam\u00edlia dos garotos, dando estudo, assist\u00eancia medica, e etc, pela simples contrapartida de fazerem o que mais gostam: \u201cJogar Bola\u201d, isso \u00e9 crime mesmo?<\/span><br \/>\n<span style=\"font-family: 'times new roman', times, serif; font-size: 14pt;\">Ou crime de verdade, \u00e9 o cinismo e a cara de pau, desse mesmo MP, que jamais os vi pelas ruas de S\u00e3o Paulo, verificando o n\u00famero de crian\u00e7as abandonadas sem comida nem agasalhos em noite de inverno?<\/span><br \/>\n<span style=\"font-family: 'times new roman', times, serif; font-size: 14pt;\">Ou protegendo crian\u00e7as, de ca\u00edrem nas m\u00e3os de traficantes que exploram a mis\u00e9ria das fam\u00edlias, e as recrutam para o crime trabalhando como avi\u00f5ezinhos e olheiros!<\/span><br \/>\n<span style=\"font-family: 'times new roman', times, serif; font-size: 14pt;\">Nesses casos, aonde est\u00e3o os preocupados e zelosos representantes do MP, que agora perseguem e chamam de \u201cExploradores Infantis\u201d, um clube que faz bem mais do que eles deveriam fazer e n\u00e3o fazem?<\/span><\/p>\n<p style=\"text-align: justify;\"><span style=\"font-family: 'times new roman', times, serif; font-size: 14pt;\">O que seria melhor de verdade para as crian\u00e7as?<\/span><br \/>\n<span style=\"font-family: 'times new roman', times, serif; font-size: 14pt;\">Estarem dentro de um clube como o Santos, realizando atividades f\u00edsicas, que muito provavelmente lhes render\u00e3o uma boa forma\u00e7\u00e3o e alegrias com sonhos realizados?<\/span><\/p>\n<figure class=\"wp-block-image size-large\" style=\"text-align: justify;\"><img data-recalc-dims=\"1\" loading=\"lazy\" decoding=\"async\" class=\"wp-image-9415\" src=\"https:\/\/i0.wp.com\/santosnews.com.br\/wp-content\/uploads\/2022\/07\/CT-Meninos-da-Vila-08-1024x576.jpg?resize=800%2C450&#038;ssl=1\" sizes=\"auto, (max-width: 1024px) 100vw, 1024px\" srcset=\"https:\/\/santosnews.com.br\/wp-content\/uploads\/2022\/07\/CT-Meninos-da-Vila-08-1024x576.jpg 1024w, https:\/\/santosnews.com.br\/wp-content\/uploads\/2022\/07\/CT-Meninos-da-Vila-08-300x169.jpg 300w, https:\/\/santosnews.com.br\/wp-content\/uploads\/2022\/07\/CT-Meninos-da-Vila-08-768x432.jpg 768w, https:\/\/santosnews.com.br\/wp-content\/uploads\/2022\/07\/CT-Meninos-da-Vila-08-500x281.jpg 500w, https:\/\/santosnews.com.br\/wp-content\/uploads\/2022\/07\/CT-Meninos-da-Vila-08-400x225.jpg 400w, https:\/\/santosnews.com.br\/wp-content\/uploads\/2022\/07\/CT-Meninos-da-Vila-08-32x18.jpg 32w, https:\/\/santosnews.com.br\/wp-content\/uploads\/2022\/07\/CT-Meninos-da-Vila-08-370x208.jpg 370w, https:\/\/santosnews.com.br\/wp-content\/uploads\/2022\/07\/CT-Meninos-da-Vila-08-1278x719.jpg 1278w, https:\/\/santosnews.com.br\/wp-content\/uploads\/2022\/07\/CT-Meninos-da-Vila-08-818x460.jpg 818w, https:\/\/santosnews.com.br\/wp-content\/uploads\/2022\/07\/CT-Meninos-da-Vila-08-406x228.jpg 406w, https:\/\/santosnews.com.br\/wp-content\/uploads\/2022\/07\/CT-Meninos-da-Vila-08-270x152.jpg 270w, https:\/\/santosnews.com.br\/wp-content\/uploads\/2022\/07\/CT-Meninos-da-Vila-08.jpg 1280w\" alt=\"\" width=\"800\" height=\"450\" \/><\/figure>\n<p style=\"text-align: justify;\"><span style=\"font-family: 'times new roman', times, serif; font-size: 14pt;\">Ou n\u00e3o serem \u201cExploradas\u201d como o MP acha que um clube de futebol faz, e terminarem assim:<\/span><\/p>\n<p><img data-recalc-dims=\"1\" loading=\"lazy\" decoding=\"async\" class=\"aligncenter wp-image-4188 size-full\" src=\"https:\/\/i0.wp.com\/sergiobertoldi.com\/wp-content\/uploads\/2022\/07\/thumbs.jpg?resize=800%2C572&#038;ssl=1\" alt=\"\" width=\"800\" height=\"572\" srcset=\"https:\/\/i0.wp.com\/sergiobertoldi.com\/wp-content\/uploads\/2022\/07\/thumbs.jpg?w=960&amp;ssl=1 960w, https:\/\/i0.wp.com\/sergiobertoldi.com\/wp-content\/uploads\/2022\/07\/thumbs.jpg?resize=300%2C214&amp;ssl=1 300w, https:\/\/i0.wp.com\/sergiobertoldi.com\/wp-content\/uploads\/2022\/07\/thumbs.jpg?resize=768%2C549&amp;ssl=1 768w\" sizes=\"auto, (max-width: 800px) 100vw, 800px\" \/><\/p>\n<figure class=\"aligncenter size-full is-resized\"><\/figure>\n<p>&nbsp;<\/p>\n","protected":false},"excerpt":{"rendered":"<p>Al\u00f4 Na\u00e7\u00e3o Santista! Sauda\u00e7\u00f5es Alvinegras! Se dentro de campo as coisas come\u00e7am a tomar outro formato com a chegada do<\/p>\n","protected":false},"author":2,"featured_media":4189,"comment_status":"open","ping_status":"open","sticky":false,"template":"","format":"standard","meta":{"colormag_page_container_layout":"default_layout","colormag_page_sidebar_layout":"default_layout","_jetpack_memberships_contains_paid_content":false,"footnotes":""},"categories":[12,7,4,60,59],"tags":[6],"class_list":["post-4185","post","type-post","status-publish","format-standard","has-post-thumbnail","hentry","category-analise-e-comentario","category-base-santista","category-bastidores-do-santos-fc","category-categorias-de-base","category-pitacos-do-bertoldi","tag-santos-fc"],"jetpack_featured_media_url":"https:\/\/i0.wp.com\/sergiobertoldi.com\/wp-content\/uploads\/2022\/07\/CT-Meninos-da-Vila-01.jpg?fit=2376%2C1510&ssl=1","jetpack_likes_enabled":true,"jetpack_sharing_enabled":true,"_links":{"self":[{"href":"https:\/\/sergiobertoldi.com\/index.php\/wp-json\/wp\/v2\/posts\/4185","targetHints":{"allow":["GET"]}}],"collection":[{"href":"https:\/\/sergiobertoldi.com\/index.php\/wp-json\/wp\/v2\/posts"}],"about":[{"href":"https:\/\/sergiobertoldi.com\/index.php\/wp-json\/wp\/v2\/types\/post"}],"author":[{"embeddable":true,"href":"https:\/\/sergiobertoldi.com\/index.php\/wp-json\/wp\/v2\/users\/2"}],"replies":[{"embeddable":true,"href":"https:\/\/sergiobertoldi.com\/index.php\/wp-json\/wp\/v2\/comments?post=4185"}],"version-history":[{"count":2,"href":"https:\/\/sergiobertoldi.com\/index.php\/wp-json\/wp\/v2\/posts\/4185\/revisions"}],"predecessor-version":[{"id":4191,"href":"https:\/\/sergiobertoldi.com\/index.php\/wp-json\/wp\/v2\/posts\/4185\/revisions\/4191"}],"wp:featuredmedia":[{"embeddable":true,"href":"https:\/\/sergiobertoldi.com\/index.php\/wp-json\/wp\/v2\/media\/4189"}],"wp:attachment":[{"href":"https:\/\/sergiobertoldi.com\/index.php\/wp-json\/wp\/v2\/media?parent=4185"}],"wp:term":[{"taxonomy":"category","embeddable":true,"href":"https:\/\/sergiobertoldi.com\/index.php\/wp-json\/wp\/v2\/categories?post=4185"},{"taxonomy":"post_tag","embeddable":true,"href":"https:\/\/sergiobertoldi.com\/index.php\/wp-json\/wp\/v2\/tags?post=4185"}],"curies":[{"name":"wp","href":"https:\/\/api.w.org\/{rel}","templated":true}]}}