{"id":4155,"date":"2022-07-10T21:00:25","date_gmt":"2022-07-11T00:00:25","guid":{"rendered":"https:\/\/sergiobertoldi.com\/?p=4155"},"modified":"2022-07-12T18:11:00","modified_gmt":"2022-07-12T21:11:00","slug":"santos-volta-a-vencer-apos-a-saida-de-fabian-bustos","status":"publish","type":"post","link":"https:\/\/sergiobertoldi.com\/index.php\/2022\/07\/10\/santos-volta-a-vencer-apos-a-saida-de-fabian-bustos\/","title":{"rendered":"Santos volta a vencer ap\u00f3s a sa\u00edda de F\u00e1bian Bustos"},"content":{"rendered":"<p><span style=\"font-family: helvetica, arial, sans-serif; font-size: 14pt;\"><strong><u>Al\u00f4 Na\u00e7\u00e3o Santista! Sauda\u00e7\u00f5es Alvinegras!<\/u><\/strong><\/span><\/p>\n<p style=\"text-align: justify;\"><span style=\"font-family: 'times new roman', times, serif; font-size: 14pt;\">Jogando pela 16\u00aa rodada do Campeonato Brasileiro, Santos e Atl\u00e9tico Goianiense se enfrentaram na noite deste Domingo (10), \u00e0s 18h00 (de Bras\u00edlia), quando no Est\u00e1dio Urbano Caldeira, mais conhecido como o \u201cAl\u00e7ap\u00e3o da Vila Belmiro\u201d, os Santistas comandados interinamente pelo Auxiliar T\u00e9cnico Marcelo Fernandes, finalmente voltaram a vencer uma partida ap\u00f3s uma sequ\u00eancia negativa com empates e derrotas!<\/span><br \/>\n<span style=\"font-family: 'times new roman', times, serif; font-size: 14pt;\">O Peixe saiu com a vit\u00f3ria pelo placar de 1 a 0 com gol marcado por Lucas Barbosa.<br \/>\n<\/span><span style=\"font-family: 'times new roman', times, serif; font-size: 14pt;\">A \u00faltima vit\u00f3ria Santista na temporada, havia ocorrido contra o Juventude, fora de casa, pela 12\u00aa rodada.<\/span><br \/>\n<span style=\"font-family: 'times new roman', times, serif; font-size: 14pt;\">Jogando em seus dom\u00ednios em casa na Vila, a \u00faltima vit\u00f3ria foi em <strong>19 de maio<\/strong> contra o <strong>La Calera<\/strong>, do Chile.<\/span><br \/>\n<span style=\"font-family: 'times new roman', times, serif; font-size: 14pt;\">Desde ent\u00e3o, o Santos obteve os seguintes resultados:<\/span><\/p>\n<p style=\"text-align: justify;\"><span style=\"font-family: 'times new roman', times, serif; font-size: 14pt;\"> Empatou com <strong>Cear\u00e1<\/strong> (<strong>0 x 0<\/strong>)<br \/>\nEmpatou com<\/span><span style=\"font-family: 'times new roman', times, serif; font-size: 14pt;\"><strong> Banfield-ARG<\/strong> (<strong>1 x 1<\/strong>)<br \/>\n<\/span><span style=\"font-family: 'times new roman', times, serif; font-size: 14pt;\">Perdeu para o <strong>Palmeiras (0 x 1)<br \/>\n<\/strong><\/span><span style=\"font-family: 'times new roman', times, serif; font-size: 14pt;\">Empatou com o <strong>Internacional (1 x 1)<br \/>\n<\/strong><\/span><span style=\"font-family: 'times new roman', times, serif; font-size: 14pt;\"> Empatou com o <strong>Bragantino (2 x 2)<br \/>\n<\/strong><\/span><span style=\"font-family: 'times new roman', times, serif; font-size: 14pt;\"> Perdeu para o <strong>Flamengo (1 x 2)<br \/>\n<\/strong><\/span><span style=\"font-family: 'times new roman', times, serif; font-size: 14pt;\">Empatou com <strong>Deportivo T\u00e1chira da Venezuela (1 x 1)<\/strong>.<br \/>\n<\/span> <span style=\"font-family: 'times new roman', times, serif; font-size: 14pt;\">Com o resultado, a equipe Santista chega a 22 pontos conquistados e sobe para a oitava coloca\u00e7\u00e3o.<\/span><\/p>\n<p style=\"text-align: justify;\"><span style=\"font-family: 'times new roman', times, serif; font-size: 14pt;\">Vindo de um empate vexat\u00f3rio no meio de semana contra o Deportivo T\u00e1chira-VEN, o que culminou na elimina\u00e7\u00e3o do time nas oitavas de final da Copa Sul-Americana, resultado que ainda determinou as sa\u00eddas do t\u00e9cnico Fabi\u00e1n Bustos, da Comiss\u00e3o T\u00e9cnica, e do Gerente de Futebol Edu Dracena, o torcedor do Santos n\u00e3o viu seu time realizar uma grande partida!<\/span><br \/>\n<span style=\"font-family: 'times new roman', times, serif; font-size: 14pt;\">Prova disso foi o fato de que mais uma vez, o goleiro Jo\u00e3o Paulo ter sa\u00eddo de campo, ovacionado por ter feito importantes defesas que evitaram o gol do advers\u00e1rio! De qualquer forma, mais do que uma apresenta\u00e7\u00e3o convincente, o mais importante foram os tr\u00eas pontos conquistados, depois de um incomodo per\u00edodo sem vit\u00f3rias!<\/span><\/p>\n<p style=\"text-align: justify;\"><span style=\"font-family: 'times new roman', times, serif; font-size: 14pt;\">Agora a equipe Santista volta a campo na pr\u00f3xima quarta-feira (13), quando pela Copa do Brasil recebe as 21h30 (de Bras\u00edlia), na Vila Belmiro a equipe do Corinthians, e ter\u00e1 pela frente a miss\u00e3o \u201cQuase Imposs\u00edvel\u201d, de reverter uma desvantagem de 4 a 0 a favor do advers\u00e1rio.<\/span><\/p>\n<p style=\"text-align: justify;\"><span style=\"font-family: 'times new roman', times, serif; font-size: 14pt;\"><strong><u>FICHA T\u00c9CNICA<\/u><\/strong><\/span><br \/>\n<span style=\"font-family: 'times new roman', times, serif; font-size: 14pt;\"><strong><u>SANTOS 1 X 0 ATL\u00c9TICO-GO<\/u><\/strong><\/span><\/p>\n<p style=\"text-align: justify;\"><span style=\"font-family: 'times new roman', times, serif; font-size: 14pt;\"><strong>Local:<\/strong>\u00a0Vila Belmiro, em Santos (SP)<\/span><br \/>\n<span style=\"font-family: 'times new roman', times, serif; font-size: 14pt;\"><strong>Data:<\/strong>\u00a010 de julho de 2022, domingo<\/span><br \/>\n<span style=\"font-family: 'times new roman', times, serif; font-size: 14pt;\"><strong>Hor\u00e1rio:<\/strong>\u00a018h00 (de Bras\u00edlia)<\/span><br \/>\n<span style=\"font-family: 'times new roman', times, serif; font-size: 14pt;\"><strong>\u00c1rbitro:<\/strong>\u00a0Braulio da Silva Machado (FIFA\/SC)<\/span><br \/>\n<span style=\"font-family: 'times new roman', times, serif; font-size: 14pt;\"><strong>Assistentes:<\/strong>\u00a0Alex dos Santos (SC) e \u00c9der Alexandre (SC)<\/span><br \/>\n<span style=\"font-family: 'times new roman', times, serif; font-size: 14pt;\"><strong>VAR:<\/strong>\u00a0Heber Roberto Lopes (SC)<\/span><br \/>\n<span style=\"font-family: 'times new roman', times, serif; font-size: 14pt;\"><strong><span style=\"background-color: #ffff00;\">Cart\u00f5es amarelos<\/span>:\u00a0<\/strong>Vinicius Zanocelo, Carlos S\u00e1nchez, Rodrigo Fernandez, Camacho, Lucas Barbosa, Marcelo Fernandes. (Santos)<br \/>\n<strong><span style=\"background-color: #ffff00;\">Cart\u00f5es amarelos<\/span>: <\/strong>Shaylon, Luiz Fernando, Ronaldo, Hayner (Atl\u00e9tico-GO)<\/span><br \/>\n<span style=\"font-family: 'times new roman', times, serif; font-size: 14pt;\"><strong>Publico:\u00a0<\/strong>8.588 torcedores\u00a0\u00a0<strong>Renda:\u00a0<\/strong>R$ 284.207,50<\/span><br \/>\n<span style=\"font-family: 'times new roman', times, serif; font-size: 14pt;\"><strong>GOLS: Santos:\u00a0<\/strong>Lucas Barbosa (31 minutos do 2T)<\/span><br \/>\n<span style=\"font-family: 'times new roman', times, serif; font-size: 14pt;\"><strong>SANTOS:<\/strong>\u00a0Jo\u00e3o Paulo, Madson, Maicon, Bauermann, Felipe Jonatan, Rodrigo Fern\u00e1ndez (Vinicius Balieiro), Zanocelo (Camacho), S\u00e1nchez (Bruno Oliveira), L\u00e9o Baptist\u00e3o (Lucas Barbosa), Lucas Braga e Marcos Leonardo.\u00a0<strong>T\u00e9cnico:<\/strong>\u00a0Marcelo Fernandes<\/span><br \/>\n<span style=\"font-family: 'times new roman', times, serif; font-size: 14pt;\"><strong>ATL\u00c9TICO-GO:\u00a0<\/strong>Ronaldo; Hayner, Wanderson, Ramon e Jefferson (Arthur Henrique); Baralhas (Rickson), Edson (Lucas Lima) e Jorginho (L\u00e9o Pereira); Shaylon (Luiz fernando), Churin e Airton\u00a0<strong>T\u00e9cnico:<\/strong>\u00a0Jorginho<\/span><\/p>\n<p style=\"text-align: justify;\"><span style=\"text-decoration: underline;\"><span style=\"font-family: 'times new roman', times, serif; font-size: 14pt;\"><strong>Acompanhe como foi o gol que deu a vit\u00f3ria ao Santos<\/strong><\/span><\/span><\/p>\n<div class=\"jetpack-video-wrapper\"><iframe loading=\"lazy\" title=\"SANTOS 1 X 0 ATL\u00c9TICO-GO | GOL | BRASILEIR\u00c3O (10\/07\/22)\" width=\"800\" height=\"450\" src=\"https:\/\/www.youtube.com\/embed\/x-hDJXx-cdo?feature=oembed\" frameborder=\"0\" allow=\"accelerometer; autoplay; clipboard-write; encrypted-media; gyroscope; picture-in-picture\" allowfullscreen><\/iframe><\/div>\n<p><span style=\"text-decoration: underline; font-family: 'times new roman', times, serif; font-size: 14pt;\"><strong>Acompanhe como foi a Coletiva de imprensa ap\u00f3s a partida<\/strong><\/span><\/p>\n<div class=\"jetpack-video-wrapper\"><iframe loading=\"lazy\" title=\"MARCELO FERNANDES | COLETIVA (10\/07\/22)\" width=\"800\" height=\"450\" src=\"https:\/\/www.youtube.com\/embed\/Kl2m_iC_voU?start=65&#038;feature=oembed\" frameborder=\"0\" allow=\"accelerometer; autoplay; clipboard-write; encrypted-media; gyroscope; picture-in-picture\" allowfullscreen><\/iframe><\/div>\n<p><span style=\"font-family: 'times new roman', times, serif; font-size: 14pt;\">(Cr\u00e9dito: Imagem: Ivan Storti\/Divulga\u00e7\u00e3o\/Santos FC)<\/span><br \/>\n<span style=\"font-family: 'times new roman', times, serif; font-size: 14pt;\">(Cr\u00e9dito: Imagem: SantosTV\/Divulga\u00e7\u00e3o\/Santos FC)<\/span><\/p>\n","protected":false},"excerpt":{"rendered":"<p>Al\u00f4 Na\u00e7\u00e3o Santista! Sauda\u00e7\u00f5es Alvinegras! Jogando pela 16\u00aa rodada do Campeonato Brasileiro, Santos e Atl\u00e9tico Goianiense se enfrentaram na noite<\/p>\n","protected":false},"author":2,"featured_media":4156,"comment_status":"open","ping_status":"open","sticky":false,"template":"","format":"standard","meta":{"colormag_page_container_layout":"default_layout","colormag_page_sidebar_layout":"default_layout","_jetpack_memberships_contains_paid_content":false,"footnotes":""},"categories":[12,4,11,65],"tags":[6],"class_list":["post-4155","post","type-post","status-publish","format-standard","has-post-thumbnail","hentry","category-analise-e-comentario","category-bastidores-do-santos-fc","category-campeonato-brasileiro","category-questoes-juridicas","tag-santos-fc"],"jetpack_featured_media_url":"https:\/\/i0.wp.com\/sergiobertoldi.com\/wp-content\/uploads\/2022\/07\/santos-x-atcetico-2.jpg?fit=741%2C367&ssl=1","jetpack_likes_enabled":true,"jetpack_sharing_enabled":true,"_links":{"self":[{"href":"https:\/\/sergiobertoldi.com\/index.php\/wp-json\/wp\/v2\/posts\/4155","targetHints":{"allow":["GET"]}}],"collection":[{"href":"https:\/\/sergiobertoldi.com\/index.php\/wp-json\/wp\/v2\/posts"}],"about":[{"href":"https:\/\/sergiobertoldi.com\/index.php\/wp-json\/wp\/v2\/types\/post"}],"author":[{"embeddable":true,"href":"https:\/\/sergiobertoldi.com\/index.php\/wp-json\/wp\/v2\/users\/2"}],"replies":[{"embeddable":true,"href":"https:\/\/sergiobertoldi.com\/index.php\/wp-json\/wp\/v2\/comments?post=4155"}],"version-history":[{"count":7,"href":"https:\/\/sergiobertoldi.com\/index.php\/wp-json\/wp\/v2\/posts\/4155\/revisions"}],"predecessor-version":[{"id":4158,"href":"https:\/\/sergiobertoldi.com\/index.php\/wp-json\/wp\/v2\/posts\/4155\/revisions\/4158"}],"wp:featuredmedia":[{"embeddable":true,"href":"https:\/\/sergiobertoldi.com\/index.php\/wp-json\/wp\/v2\/media\/4156"}],"wp:attachment":[{"href":"https:\/\/sergiobertoldi.com\/index.php\/wp-json\/wp\/v2\/media?parent=4155"}],"wp:term":[{"taxonomy":"category","embeddable":true,"href":"https:\/\/sergiobertoldi.com\/index.php\/wp-json\/wp\/v2\/categories?post=4155"},{"taxonomy":"post_tag","embeddable":true,"href":"https:\/\/sergiobertoldi.com\/index.php\/wp-json\/wp\/v2\/tags?post=4155"}],"curies":[{"name":"wp","href":"https:\/\/api.w.org\/{rel}","templated":true}]}}