{"id":4150,"date":"2022-07-11T10:00:18","date_gmt":"2022-07-11T13:00:18","guid":{"rendered":"https:\/\/sergiobertoldi.com\/?p=4150"},"modified":"2022-07-11T23:00:00","modified_gmt":"2022-07-12T02:00:00","slug":"santos-acerta-venda-de-kaiky-para-o-futebol-da-espanha","status":"publish","type":"post","link":"https:\/\/sergiobertoldi.com\/index.php\/2022\/07\/11\/santos-acerta-venda-de-kaiky-para-o-futebol-da-espanha\/","title":{"rendered":"Santos acerta venda de Kaiky para o futebol da Espanha"},"content":{"rendered":"<p><span style=\"font-family: helvetica, arial, sans-serif; font-size: 14pt;\"><strong><u>Al\u00f4 Na\u00e7\u00e3o Santista! Sauda\u00e7\u00f5es Alvinegras!<\/u><\/strong><\/span><\/p>\n<p style=\"text-align: justify;\"><span style=\"font-family: 'times new roman', times, serif; font-size: 14pt;\">Recentemente o Santos anunciou a renova\u00e7\u00e3o do zagueiro Kaiky, jogador de 18 anos e considerada uma das principais revela\u00e7\u00f5es do clube nos \u00faltimos anos!<\/span><br \/>\n<span style=\"font-family: 'times new roman', times, serif; font-size: 14pt;\">Kaiky teve seu contrato renovado com o Clube, cuja validade se encerraria em 30 de novembro de 2023 sendo estendida at\u00e9 31 de dezembro de 2026.<\/span><\/p>\n<p style=\"text-align: justify;\"><span style=\"font-family: 'times new roman', times, serif; font-size: 14pt;\">O Peixe det\u00e9m 70% dos direitos econ\u00f4micos do jogador e a multa rescis\u00f3ria \u00e9 de 70 milh\u00f5es de euros (R$ 377.007.290 reais)<\/span><br \/>\n<span style=\"font-family: 'times new roman', times, serif; font-size: 14pt;\">Longe de liberar o jogador pelo valor de sua multa rescis\u00f3ria, mas por apenas 10%, 7 milh\u00f5es de euros (R$ 37,7 milh\u00f5es de reais na cota\u00e7\u00e3o atual), o Santos anunciou o acerto para a venda do Zagueiro Kaiky Fernandes que est\u00e1 deixando a Vila Belmiro rumo ao Almer\u00eda, da Espanha, transa\u00e7\u00e3o fechada por sete milh\u00f5es de euros (cerca de R$ 37,7 milh\u00f5es na cota\u00e7\u00e3o atual).<\/span><br \/>\n<span style=\"font-family: 'times new roman', times, serif; font-size: 14pt;\">Como o Santos det\u00e9m apenas 70% dos direitos econ\u00f4micos do jogador, entrar\u00e3o para os cofres do clube aproximadamente R$ 26 milh\u00f5es da transa\u00e7\u00e3o, al\u00e9m manter 20% do valor de uma futura venda.<\/span><\/p>\n<p style=\"text-align: justify;\"><span style=\"font-family: 'times new roman', times, serif; font-size: 14pt;\">Para bater o martelo e poder anunciar oficialmente que o Zagueiro est\u00e1 mesmo sendo contratado pelo Almer\u00eda, da Espanha, o Santos precisa antes de tudo, consultar os Dirigentes do Barcelona!<\/span><br \/>\n<span style=\"font-family: 'times new roman', times, serif; font-size: 14pt;\">O Clube Catal\u00e3o tem prioridade na compra do jogador Kaiky, mas caso n\u00e3o venha no m\u00ednimo igualar a proposta feita, o atleta vai para o Almer\u00eda.<\/span><br \/>\n<span style=\"font-family: 'times new roman', times, serif; font-size: 14pt;\">No come\u00e7o deste ano, (2022), o Santos deu a prefer\u00eancia de compra do Zagueiro Kaiky para o Barcelona. O Alvinegro Praiano tinha uma pend\u00eancia com a equipe Catal\u00e3 desde 2016, e por ter avisado o clube catal\u00e3o a respeito da negocia\u00e7\u00e3o do Gabigol com a Internazionale, em cima da hora, horas antes da janela europeia fechar, o Barcelona que tinha a prefer\u00eancia de compra pelo atacante, alega n\u00e3o ter tido tempo para dar uma resposta e viu o Santos vender o Gabigol para a Internazionale, quebrando assim o acordo!<\/span><\/p>\n<p style=\"text-align: justify;\"><span style=\"font-family: 'times new roman', times, serif; font-size: 14pt;\">Nascido em Santos-sp, Kaiky iniciou sua carreira no futsal do Clube Portu\u00e1rios aos sete anos de idade.<\/span><br \/>\n<span style=\"font-family: 'times new roman', times, serif; font-size: 14pt;\">Aos nove anos de idade, Kaiky trocou o futsal pelo futebol de campo, ap\u00f3s ingressar nas categorias de base do Santos.<\/span><br \/>\n<span style=\"font-family: 'times new roman', times, serif; font-size: 14pt;\">Em 21 de dezembro de 2020, assinou seu primeiro contrato profissional com o clube, fazendo sua estreia profissional no dia 28 de fevereiro de 2021, entrando como titular no empate fora de casa por 2 a 2 com o Santo Andr\u00e9, pelo Campeonato Paulista!<\/span><br \/>\n<span style=\"font-family: 'times new roman', times, serif; font-size: 14pt;\">Kaiky marcou seu primeiro gol como jogador profissional, em 9 de mar\u00e7o, em uma vit\u00f3ria em casa 2 a 1 sobre o Deportivo Lara, pela Copa Libertadores da Am\u00e9rica de 2021.<\/span><br \/>\n<span style=\"font-family: 'times new roman', times, serif; font-size: 14pt;\">O Zagueiro que pode estar se despedindo do Santos, foi lan\u00e7ado como profissional pelo t\u00e9cnico Ariel Holan, em 2021.<\/span><br \/>\n<span style=\"font-family: 'times new roman', times, serif; font-size: 14pt;\">Em 55 jogos com a camisa alvinegra, o zagueiro anotou dois gols Nesta temporada, o jogador realizou 17 jogos com um gol marcado.<\/span><\/p>\n<p style=\"text-align: justify;\"><span style=\"font-family: 'times new roman', times, serif; font-size: 14pt;\">N\u00e3o \u00e9 de hoje que grandes clubes da Europa monitoram o zagueiro Kaiky, avaliando realizarem uma proposta para tira-lo do Santos.<\/span><br \/>\n<span style=\"font-family: 'times new roman', times, serif; font-size: 14pt;\">Analistas de desempenho e representantes de clubes como Ajax, Arsenal, Chelsea, Juventus e Manchester United, assistem a todos os jogos do defensor Santista e mant\u00e9m contato frequente com o estafe do zagueiro.<\/span><\/p>\n<p><span style=\"font-family: 'times new roman', times, serif; font-size: 14pt;\">Desta vez parece que o tempo de avalia\u00e7\u00f5es e observa\u00e7\u00f5es, terminou! O zagueiro Kaiky foi aprovado pelos olhos europeus, e est\u00e1 rumando ao Velho Continente!<\/span><\/p>\n<p style=\"text-align: justify;\"><span style=\"font-family: 'times new roman', times, serif; font-size: 14pt;\">(Credito de Imagem: Ivan Storti \/ Santos FC)<\/span><\/p>\n","protected":false},"excerpt":{"rendered":"<p>Al\u00f4 Na\u00e7\u00e3o Santista! Sauda\u00e7\u00f5es Alvinegras! Recentemente o Santos anunciou a renova\u00e7\u00e3o do zagueiro Kaiky, jogador de 18 anos e considerada<\/p>\n","protected":false},"author":2,"featured_media":4151,"comment_status":"open","ping_status":"open","sticky":false,"template":"","format":"standard","meta":{"colormag_page_container_layout":"default_layout","colormag_page_sidebar_layout":"default_layout","_jetpack_memberships_contains_paid_content":false,"footnotes":""},"categories":[4,24],"tags":[6],"class_list":["post-4150","post","type-post","status-publish","format-standard","has-post-thumbnail","hentry","category-bastidores-do-santos-fc","category-situacao-contratual","tag-santos-fc"],"jetpack_featured_media_url":"https:\/\/i0.wp.com\/sergiobertoldi.com\/wp-content\/uploads\/2022\/07\/52085503720_fd2db45374_k-1024x684-1.jpg?fit=1024%2C684&ssl=1","jetpack_likes_enabled":true,"jetpack_sharing_enabled":true,"_links":{"self":[{"href":"https:\/\/sergiobertoldi.com\/index.php\/wp-json\/wp\/v2\/posts\/4150","targetHints":{"allow":["GET"]}}],"collection":[{"href":"https:\/\/sergiobertoldi.com\/index.php\/wp-json\/wp\/v2\/posts"}],"about":[{"href":"https:\/\/sergiobertoldi.com\/index.php\/wp-json\/wp\/v2\/types\/post"}],"author":[{"embeddable":true,"href":"https:\/\/sergiobertoldi.com\/index.php\/wp-json\/wp\/v2\/users\/2"}],"replies":[{"embeddable":true,"href":"https:\/\/sergiobertoldi.com\/index.php\/wp-json\/wp\/v2\/comments?post=4150"}],"version-history":[{"count":3,"href":"https:\/\/sergiobertoldi.com\/index.php\/wp-json\/wp\/v2\/posts\/4150\/revisions"}],"predecessor-version":[{"id":4154,"href":"https:\/\/sergiobertoldi.com\/index.php\/wp-json\/wp\/v2\/posts\/4150\/revisions\/4154"}],"wp:featuredmedia":[{"embeddable":true,"href":"https:\/\/sergiobertoldi.com\/index.php\/wp-json\/wp\/v2\/media\/4151"}],"wp:attachment":[{"href":"https:\/\/sergiobertoldi.com\/index.php\/wp-json\/wp\/v2\/media?parent=4150"}],"wp:term":[{"taxonomy":"category","embeddable":true,"href":"https:\/\/sergiobertoldi.com\/index.php\/wp-json\/wp\/v2\/categories?post=4150"},{"taxonomy":"post_tag","embeddable":true,"href":"https:\/\/sergiobertoldi.com\/index.php\/wp-json\/wp\/v2\/tags?post=4150"}],"curies":[{"name":"wp","href":"https:\/\/api.w.org\/{rel}","templated":true}]}}