{"id":4145,"date":"2022-07-07T11:00:57","date_gmt":"2022-07-07T14:00:57","guid":{"rendered":"https:\/\/sergiobertoldi.com\/?p=4145"},"modified":"2022-07-08T18:47:19","modified_gmt":"2022-07-08T21:47:19","slug":"termina-de-forma-melancolica-a-passagem-de-fabian-bustos-pelo-santos","status":"publish","type":"post","link":"https:\/\/sergiobertoldi.com\/index.php\/2022\/07\/07\/termina-de-forma-melancolica-a-passagem-de-fabian-bustos-pelo-santos\/","title":{"rendered":"Termina de forma melanc\u00f3lica a passagem de F\u00e1bian Bustos pelo Santos"},"content":{"rendered":"<p><span style=\"font-family: helvetica, arial, sans-serif; font-size: 14pt;\"><strong><u>Al\u00f4 Na\u00e7\u00e3o Santista! Sauda\u00e7\u00f5es Alvinegras!<\/u><\/strong><\/span><\/p>\n<p style=\"text-align: justify;\"><span style=\"font-family: 'times new roman', times, serif; font-size: 14pt;\">Aquilo que j\u00e1 era previsto acontecer, e j\u00e1 nas primeiras horas da madrugada de Quinta-feira, antecip\u00e1vamos na \u00faltima edi\u00e7\u00e3o do Blog, acabou se confirmando ainda no in\u00edcio da manh\u00e3:<br \/>\n&#8220;Fabi\u00e1n Bustos n\u00e3o \u00e9 mais treinador do Santos&#8221;.<\/span><br \/>\n<span style=\"font-family: 'times new roman', times, serif; font-size: 14pt;\">Contratado para substituir o t\u00e9cnico F\u00e1bio Carille, o Argentino F\u00e1bian Bustos chegou ao Santos no in\u00edcio de Fevereiro, vindo do futebol equatoriano onde treinava a equipe do Barcelona de Guayaquil<\/span><br \/>\n<span style=\"font-family: 'times new roman', times, serif; font-size: 14pt;\">Cinco meses depois deixa o comando t\u00e9cnico do Santos com uma passagem que tecnicamente n\u00e3o deixar\u00e1 saudades!<\/span><\/p>\n<p style=\"text-align: justify;\"><span style=\"font-family: 'times new roman', times, serif; font-size: 14pt;\">O desfecho da passagem de mais um treinador no vesti\u00e1rio de Vila Belmiro, o 6\u00ba t\u00e9cnico contratado em um ano e seis meses de Gest\u00e3o do presidente Andr\u00e9s Rueda, n\u00e3o pode ser considerado de todo uma surpresa!<\/span><br \/>\n<span style=\"font-family: 'times new roman', times, serif; font-size: 14pt;\">Algu\u00e9m esperava sinceramente, que um treinador vindo do fraco futebol equatoriano, cujas credenciais para ser contratado pelo Santos, foram no ano passado dirigindo o Barcelona de Guayaquil, ter vencido o Santos duas vezes pela Libertadores!<\/span><br \/>\n<span style=\"font-family: 'times new roman', times, serif; font-size: 14pt;\">2\u00d70 jogando na Vila e 3\u00d71 em Guayaquil no Equador.<\/span><br \/>\n<span style=\"font-family: 'times new roman', times, serif; font-size: 14pt;\">Por mais absurdo que possa parecer, foi assim que a escolha aconteceu.<\/span><\/p>\n<p style=\"text-align: justify;\"><span style=\"font-family: 'times new roman', times, serif; font-size: 14pt;\">Com todo o respeito, \u00e9 muito dif\u00edcil que um treinador vindo de uma pra\u00e7a esportiva, bem inferior a pra\u00e7a do futebol brasileiro, possa compreender logo de cara, que o buraco aqui \u00e9 mais embaixo!<\/span><br \/>\n<span style=\"font-family: 'times new roman', times, serif; font-size: 14pt;\">Em sua curta passagem pelo Santos, F\u00e1bian Bustos foi precocemente eliminado do Campeonato Paulista e al\u00e9m, de n\u00e3o passar da primeira fase de classifica\u00e7\u00e3o, ainda teve que lidar com a situa\u00e7\u00e3o de escapar de um poss\u00edvel rebaixamento, somente na ultima rodada contra a equipe do \u00c1gua Santa!<\/span><\/p>\n<p style=\"text-align: justify;\"><span style=\"font-family: 'times new roman', times, serif; font-size: 14pt;\">Desde ent\u00e3o, mesmo tendo tido praticamente tr\u00eas semanas livres para treinamentos, o novo treinador jamais conseguiu dar ou time sequer um padr\u00e3o de jogo!<\/span><br \/>\n<span style=\"font-family: 'times new roman', times, serif; font-size: 14pt;\">Fosse nos jogos pela Sul-Americana, Copa do Brasil ou Brasileiro, Bustos n\u00e3o conseguia que a equipe apresentasse um futebol convincente!<\/span><\/p>\n<p style=\"text-align: justify;\"><span style=\"font-family: 'times new roman', times, serif; font-size: 14pt;\">Os jogadores oscilavam muito de rendimento, tanto de um jogo para outro, como dentro das pr\u00f3prias partidas!<\/span><br \/>\n<span style=\"font-family: 'times new roman', times, serif; font-size: 14pt;\">Muitas vezes a falta de um maior conhecimento sobre os jogadores do pr\u00f3prio elenco e suas caracter\u00edsticas individuais, ficavam explicitas!<\/span><br \/>\n<span style=\"font-family: 'times new roman', times, serif; font-size: 14pt;\">Aliado a esse fato, tenho para mim que o esquema t\u00e1tico usado pelo treinador, onde a bola n\u00e3o era trabalhada pelo setor de meio campo, tamb\u00e9m pesou no mal futebol apresentado pela equipe!<\/span><\/p>\n<p style=\"text-align: justify;\"><span style=\"font-family: 'times new roman', times, serif; font-size: 14pt;\">A verdade \u00e9 que o tempo foi passando, e n\u00e3o se via nenhuma evolu\u00e7\u00e3o no time!<\/span><br \/>\n<span style=\"font-family: 'times new roman', times, serif; font-size: 14pt;\">Tempo para implantar seu esquema t\u00e1tico, assim como refor\u00e7os, bustos n\u00e3o pode reclamar de n\u00e3o ter tido! Se os refor\u00e7os n\u00e3o deram o ganho de qualidade, que a equipe precisava para atingir um outro patamar, a falha foi do pr\u00f3prio treinador! Afinal de contas todos trazidos foram indicados por ele mesmo!<\/span><br \/>\n<span style=\"font-family: 'times new roman', times, serif; font-size: 14pt;\">Resumindo: Bustos teve cinco meses para tentar mudar o mesmo final que seus \u00faltimos antecessores tiveram, e n\u00e3o conseguiu.<\/span><\/p>\n<p style=\"text-align: justify;\"><span style=\"font-family: 'times new roman', times, serif; font-size: 14pt;\">O Capitulo final dessa hist\u00f3ria que durou 30 partidas, das quais F\u00e1bian Bustos com o Santos, venceu 10, empatou 11 e perdeu nove, ocorreu na noite desta quarta-feira quando o Peixe acabou eliminado nas oitavas da Copa Sul-Americana ao empatar com o Deportivo T\u00e1chira em 1 a 1 no tempo normal e perder nas penalidades 4 a 2.<\/span><br \/>\n<span style=\"font-family: 'times new roman', times, serif; font-size: 14pt;\">Com uma \u00fanica vit\u00f3ria nos \u00faltimos\u00a0<strong>14<\/strong>\u00a0jogos, e com um aproveitamento total de\u00a0<strong>45,5%<\/strong>, terminou assim de forma melanc\u00f3lica a passagem de F\u00e1bian Bustos pelo Santos Futebol Clube!<\/span><br \/>\n<span style=\"font-family: 'times new roman', times, serif; font-size: 14pt;\">Deixam o clube junto com o treinador, os auxiliares\u00a0<strong>Lucas Ochandorena<\/strong>\u00a0e\u00a0<strong>Carlos Caicedo<\/strong>, o preparador f\u00edsico\u00a0<strong>Marcos Conenna<\/strong>, o Gerente de futebol\u00a0<strong>Guilherme Lipi<\/strong>, e o assessor do gerente\u00a0<strong>Arnaldo Hase<\/strong>.<\/span><br \/>\n<span style=\"font-family: 'times new roman', times, serif; font-size: 14pt;\">O Gerente Executivo de Futebol,\u00a0<strong>Edu Dracena<\/strong>, entregou o cargo e tamb\u00e9m deixa o clube.<\/span><\/p>\n<p style=\"text-align: justify;\"><span style=\"font-family: 'times new roman', times, serif; font-size: 14pt;\">Eu quero saber agora, \u00e9 quem vai ser o \u201cCarille\u201d de 2022?<\/span><br \/>\n<span style=\"font-family: 'times new roman', times, serif; font-size: 14pt;\">Quem vai ser o treinador que vai pegar o Santos na mesma situa\u00e7\u00e3o do ano passado, lutando para n\u00e3o cair, e vai conseguir fazer o que o Carille fez? N\u00e3o se iludam porque eu afirmo sem d\u00favida alguma: A situa\u00e7\u00e3o desse ano \u00e9 bem pior!<\/span><\/p>\n<p style=\"text-align: justify;\"><span style=\"font-family: 'times new roman', times, serif; font-size: 14pt;\">O Santos volta a campo no in\u00edcio da noite do pr\u00f3ximo domingo (10), quando \u00e0s 18h00, (de Bras\u00edlia), recebe na Vila Belmiro a equipe do Atl\u00e9tico Goianiense pela 16\u00ba rodada do Campeonato Brasileiro.<\/span><br \/>\n<span style=\"font-family: 'times new roman', times, serif; font-size: 14pt;\">J\u00e1 no dia 13 de julho, \u00e0s 21h30, o Peixe volta a encarar o Corinthians, dessa vez pelo jogo de volta das oitavas de final da Copa do Brasil, na Vila Belmiro. Com a derrota de 4 a 0 na ida, o Santos precisa vencer por cinco gols de vantagem para avan\u00e7ar \u00e0s quartas, ou por quatro para levar a decis\u00e3o da vaga para as penalidades!<\/span><br \/>\n<span style=\"font-family: 'times new roman', times, serif; font-size: 14pt;\">Marcelo Fernandes, auxiliar t\u00e9cnico da Comiss\u00e3o T\u00e9cnica permanente, comanda o time, auxiliado pelo ex jogador Giovanni, o G10, grande \u00eddolo da torcida Santista na d\u00e9cada de 90, que foi convidado para os pr\u00f3ximos dois jogos!<\/span><\/p>\n<p style=\"text-align: justify;\"><span style=\"font-family: 'times new roman', times, serif; font-size: 14pt;\">(Credito de Imagem: Ricardo Moreira\/GettyImages)<\/span><\/p>\n","protected":false},"excerpt":{"rendered":"<p>Al\u00f4 Na\u00e7\u00e3o Santista! Sauda\u00e7\u00f5es Alvinegras! Aquilo que j\u00e1 era previsto acontecer, e j\u00e1 nas primeiras horas da madrugada de Quinta-feira,<\/p>\n","protected":false},"author":2,"featured_media":4146,"comment_status":"open","ping_status":"open","sticky":false,"template":"","format":"standard","meta":{"colormag_page_container_layout":"default_layout","colormag_page_sidebar_layout":"default_layout","_jetpack_memberships_contains_paid_content":false,"footnotes":""},"categories":[12,4,59,32],"tags":[6],"class_list":["post-4145","post","type-post","status-publish","format-standard","has-post-thumbnail","hentry","category-analise-e-comentario","category-bastidores-do-santos-fc","category-pitacos-do-bertoldi","category-treinador-santista","tag-santos-fc"],"jetpack_featured_media_url":"https:\/\/i0.wp.com\/sergiobertoldi.com\/wp-content\/uploads\/2022\/07\/Bustos-0.webp?fit=720%2C405&ssl=1","jetpack_likes_enabled":true,"jetpack_sharing_enabled":true,"_links":{"self":[{"href":"https:\/\/sergiobertoldi.com\/index.php\/wp-json\/wp\/v2\/posts\/4145","targetHints":{"allow":["GET"]}}],"collection":[{"href":"https:\/\/sergiobertoldi.com\/index.php\/wp-json\/wp\/v2\/posts"}],"about":[{"href":"https:\/\/sergiobertoldi.com\/index.php\/wp-json\/wp\/v2\/types\/post"}],"author":[{"embeddable":true,"href":"https:\/\/sergiobertoldi.com\/index.php\/wp-json\/wp\/v2\/users\/2"}],"replies":[{"embeddable":true,"href":"https:\/\/sergiobertoldi.com\/index.php\/wp-json\/wp\/v2\/comments?post=4145"}],"version-history":[{"count":2,"href":"https:\/\/sergiobertoldi.com\/index.php\/wp-json\/wp\/v2\/posts\/4145\/revisions"}],"predecessor-version":[{"id":4148,"href":"https:\/\/sergiobertoldi.com\/index.php\/wp-json\/wp\/v2\/posts\/4145\/revisions\/4148"}],"wp:featuredmedia":[{"embeddable":true,"href":"https:\/\/sergiobertoldi.com\/index.php\/wp-json\/wp\/v2\/media\/4146"}],"wp:attachment":[{"href":"https:\/\/sergiobertoldi.com\/index.php\/wp-json\/wp\/v2\/media?parent=4145"}],"wp:term":[{"taxonomy":"category","embeddable":true,"href":"https:\/\/sergiobertoldi.com\/index.php\/wp-json\/wp\/v2\/categories?post=4145"},{"taxonomy":"post_tag","embeddable":true,"href":"https:\/\/sergiobertoldi.com\/index.php\/wp-json\/wp\/v2\/tags?post=4145"}],"curies":[{"name":"wp","href":"https:\/\/api.w.org\/{rel}","templated":true}]}}