{"id":4106,"date":"2022-06-29T06:00:19","date_gmt":"2022-06-29T09:00:19","guid":{"rendered":"https:\/\/sergiobertoldi.com\/?p=4106"},"modified":"2022-06-29T07:22:52","modified_gmt":"2022-06-29T10:22:52","slug":"pelas-oitavas-de-finais-da-sul-americana-santos-visita-o-deportivo-tachira","status":"publish","type":"post","link":"https:\/\/sergiobertoldi.com\/index.php\/2022\/06\/29\/pelas-oitavas-de-finais-da-sul-americana-santos-visita-o-deportivo-tachira\/","title":{"rendered":"Pelas oitavas de finais da sul-americana Santos visita o Deportivo T\u00e1chira"},"content":{"rendered":"<p><span style=\"font-family: helvetica, arial, sans-serif; font-size: 14pt;\"><strong><u>Al\u00f4 Na\u00e7\u00e3o Santista! Sauda\u00e7\u00f5es Alvinegras!<\/u><\/strong><\/span><\/p>\n<p style=\"text-align: justify;\"><span style=\"font-family: 'times new roman', times, serif; font-size: 14pt;\">Nesta quarta-feira (<strong>29<\/strong>), a partir das\u00a0<strong>21h30<\/strong>\u00a0(de Bras\u00edlia), Deportivo T\u00e1chira e Santos entram em campo no Est\u00e1dio Pueblo Nuevo (em San Crist\u00f3bal, Venezuela), pelo jogo de ida das Oitavas de finais da Copa Sul-Americana.<\/span><br \/>\n<span style=\"font-family: 'times new roman', times, serif; font-size: 14pt;\">Para essa partida diante do Deportivo T\u00e1chira fora de casa, o t\u00e9cnico F\u00e1biam Bustos ter\u00e1 muitos problemas para escalar o que tem de melhor no elenco Santista! Nada mais, nada menos do que 10 jogadores, n\u00e3o estar\u00e3o a disposi\u00e7\u00e3o do treinador, fato \u00e9 que nem viajaram para a Venezuela.<\/span><br \/>\n<span style=\"font-family: 'times new roman', times, serif; font-size: 14pt;\">S\u00e3o eles:<\/span><br \/>\n<span style=\"font-family: 'times new roman', times, serif; font-size: 14pt;\"><strong>John, Lucas Barbosa\u00a0<\/strong>e<strong>\u00a0L\u00e9o Baptist\u00e3o<\/strong>\u00a0est\u00e3o suspensos.<\/span><br \/>\n<span style=\"font-family: 'times new roman', times, serif; font-size: 14pt;\"><strong>Maicon<\/strong>\u00a0e\u00a0<strong>Madson<\/strong>\u00a0ainda se recuperam de les\u00f5es musculares.<\/span><br \/>\n<span style=\"font-family: 'times new roman', times, serif; font-size: 14pt;\"><strong>Rodrigo Fern\u00e1ndez<\/strong>\u00a0e\u00a0<strong>Marcos Leonardo<\/strong>\u00a0com desgaste f\u00edsico ser\u00e3o preservados.<\/span><br \/>\n<span style=\"font-family: 'times new roman', times, serif; font-size: 14pt;\"><strong>Eduardo Bauermann<\/strong>\u00a0e\u00a0<strong>Ricardo Goulart<\/strong>\u00a0realizam trabalhos f\u00edsicos espec\u00edficos tamb\u00e9m e tamb\u00e9m n\u00e3o viajam.<\/span><br \/>\n<span style=\"font-family: 'times new roman', times, serif; font-size: 14pt;\"><strong>Sandry<\/strong>\u00a0testou positivo para Covid-19, e cumprir\u00e1 per\u00edodo obrigat\u00f3rio de isolamento<\/span><br \/>\n<span style=\"font-family: 'times new roman', times, serif; font-size: 14pt;\">Por conta de tantos problemas, o t\u00e9cnico Fabi\u00e1n Bustos convocou da equipe\u00a0<strong>Sub-20<\/strong>\u00a0o zagueiro\u00a0<strong>Derick<\/strong>\u00a0e os atacantes\u00a0<strong>Renyer<\/strong>\u00a0e\u00a0<strong>Fernandinho<\/strong>.<\/span><\/p>\n<p style=\"text-align: justify;\"><span style=\"font-family: 'times new roman', times, serif; font-size: 14pt;\"><strong><u>Veja a lista dos jogadores relacionados:<\/u><\/strong><\/span><\/p>\n<p style=\"text-align: justify;\"><span style=\"font-family: 'times new roman', times, serif; font-size: 14pt;\"><strong>Goleiros<\/strong>: Jo\u00e3o Paulo, Di\u00f3genes e Paulo Mazoti<\/span><br \/>\n<span style=\"font-family: 'times new roman', times, serif; font-size: 14pt;\"><strong>Laterais<\/strong>: Auro, Felipe Jonatan e Lucas Pires<\/span><br \/>\n<span style=\"font-family: 'times new roman', times, serif; font-size: 14pt;\"><strong>Zagueiros<\/strong>: Luiz Felipe, Kaiky, Emiliano Vel\u00e1zquez e Derick<\/span><br \/>\n<span style=\"font-family: 'times new roman', times, serif; font-size: 14pt;\"><strong>Meio-campistas<\/strong>: Camacho, Vinicius Zanocelo, Vinicius Balieiro,<\/span><br \/>\n<span style=\"font-family: 'times new roman', times, serif; font-size: 14pt;\">Bruno Oliveira, Carlos S\u00e1nchez e Willian Maranh\u00e3o<\/span><br \/>\n<span style=\"font-family: 'times new roman', times, serif; font-size: 14pt;\"><strong>Atacantes<\/strong>: \u00c2ngelo, Rwan, Jhojan Julio, Bryan Angulo, Renyer, Fernandinho e Lucas Braga<\/span><\/p>\n<p style=\"text-align: justify;\"><span style=\"font-family: 'times new roman', times, serif; font-size: 14pt;\">Desta forma o t\u00e9cnico F\u00e1biam Bustos deve mandar a campo o 11 Santista com essa poss\u00edvel forma\u00e7\u00e3o:\u00a0<strong>Jo\u00e3o Paulo, Auro, Kaiky, Emiliano Vel\u00e1zquez e Lucas Pires (Felipe Jonatan); Vinicius Zanocelo, Camacho e Bruno Oliveira; \u00c2ngelo, Rwan (Jhojan Julio) e Bryan \u00c2ngulo.<\/strong><\/span><\/p>\n<p style=\"text-align: justify;\"><span style=\"font-family: 'times new roman', times, serif; font-size: 14pt;\">O clube aurinegro \u00e9 o quarto colocado do Campeonato Venezuelano com 26 pontos, cinco atr\u00e1s do l\u00edder Metropolitanos.<\/span><br \/>\n<span style=\"font-family: 'times new roman', times, serif; font-size: 14pt;\">O time obteve a sua classifica\u00e7\u00e3o para a Sul-Americana ap\u00f3s ficar na terceira posi\u00e7\u00e3o do Grupo A na Libertadores, atr\u00e1s de Palmeiras e Emelec.<\/span><\/p>\n<p style=\"text-align: justify;\"><span style=\"font-family: 'times new roman', times, serif; font-size: 14pt;\">O Deportivo T\u00e1chira deve vir a campo para encarar o Santos escalado com: Cristopher Varela;\u00a0<strong>Pablo Camacho<\/strong>,\u00a0<strong>Edisson Restrepo<\/strong>,\u00a0<strong>Jos\u00e9 Luis Marrufo<\/strong>,\u00a0<strong>Gabriel Ben\u00edtez<\/strong>;\u00a0<strong>Yerson Chac\u00f3n<\/strong>,\u00a0<strong>Francisco Flores<\/strong>,\u00a0<strong>Maurice Cova<\/strong>,\u00a0<strong>Robert Hern\u00e1ndez<\/strong>;\u00a0<strong>Anthony Uribe<\/strong>,\u00a0<strong>Edder Far\u00edas<\/strong>. T\u00e9cnico \u00a0<strong>Alexandre Pallares<\/strong><\/span><\/p>\n<p style=\"text-align: justify;\"><span style=\"font-family: 'times new roman', times, serif; font-size: 14pt;\"><strong><u>Conhe\u00e7a um pouco da hist\u00f3ria do advers\u00e1rio do Santos.<\/u><\/strong><\/span><\/p>\n<p style=\"text-align: justify;\"><span style=\"font-family: 'times new roman', times, serif; font-size: 14pt;\">O\u00a0<strong>Deportivo T\u00e1chira F\u00fatbol Club<\/strong>\u00a0ou tamb\u00e9m conhecido somente por\u00a0<strong>Deportivo T\u00e1chira<\/strong>, \u00e9 um clube\u00a0venezuelano\u00a0que tem como modalidade\u00a0esportiva\u00a0principal o\u00a0futebol.<\/span><br \/>\n<span style=\"font-family: 'times new roman', times, serif; font-size: 14pt;\">Em 1970,\u00a0o italiano\u00a0Gaetano\u00a0<span style=\"color: #000080;\"><a style=\"color: #000080;\" href=\"https:\/\/en.wikipedia.org\/wiki\/Gaetano_Greco\" target=\"_blank\" rel=\"nofollow noopener\"><strong>Greco<\/strong><\/a><\/span>\u00a0fundou um clube amador chamado Juventus em<strong>\u00a0<span style=\"color: #000080;\"><a style=\"color: #000080;\" href=\"https:\/\/en.wikipedia.org\/wiki\/San_Crist%C3%B3bal,_T%C3%A1chira\" target=\"_blank\" rel=\"nofollow noopener\">San Crist\u00f3bal<\/a><\/span><\/strong>\u00a0, em homenagem ao\u00a0<span style=\"color: #000080;\"><a style=\"color: #000080;\" href=\"https:\/\/en.wikipedia.org\/wiki\/Juventus_F.C.\" target=\"_blank\" rel=\"nofollow noopener\"><strong>Juventus FC<\/strong><\/a><\/span>\u00a0.<\/span><br \/>\n<span style=\"font-family: 'times new roman', times, serif; font-size: 14pt;\">Em 1974, Greco percebeu que n\u00e3o havia clubes de futebol profissional em<strong>\u00a0<span style=\"color: #000080;\"><a style=\"color: #000080;\" href=\"https:\/\/en.wikipedia.org\/wiki\/T%C3%A1chira\" target=\"_blank\" rel=\"nofollow noopener\">T\u00e1chira<\/a><\/span><\/strong>\u00a0, ent\u00e3o decidiu fundar um clube em T\u00e1chira baseado no clube amador Juventus.<\/span><br \/>\n<span style=\"font-family: 'times new roman', times, serif; font-size: 14pt;\">Ele e outras doze pessoas fundaram o clube em 11 de janeiro daquele ano, que deram o nome de\u00a0<strong>San Crist\u00f3bal F\u00fatbol Club<\/strong>.<\/span><br \/>\n<span style=\"font-family: 'times new roman', times, serif; font-size: 14pt;\">A maioria dos jogadores do clube veio do clube Juventus.\u00a0Inicialmente, as cores do clube eram azul e branco, semelhantes aos uniformes da\u00a0sele\u00e7\u00e3o italiana de futebol\u00a0.<\/span><br \/>\n<span style=\"font-family: 'times new roman', times, serif; font-size: 14pt;\">Em janeiro de 1975, o clube mudou suas cores para amarelo e preto, pois essas cores representavam melhor o estado de T\u00e1chira e eram as cores preferidas do t\u00e9cnico uruguaio Jos\u00e9 \u201cPocho\u201d Gil, pois eram as cores do\u00a0time\u00a0uruguaio<a href=\"https:\/\/en.wikipedia.org\/wiki\/Uruguay\" target=\"_blank\" rel=\"nofollow noopener\">\u00a0<\/a><span style=\"color: #000080;\"><a style=\"color: #000080;\" href=\"https:\/\/en.wikipedia.org\/wiki\/Pe%C3%B1arol\" target=\"_blank\" rel=\"nofollow noopener\"><strong>Pe\u00f1arol<\/strong><\/a><\/span>\u00a0.<\/span><\/p>\n<p style=\"text-align: justify;\"><span style=\"font-family: 'times new roman', times, serif; font-size: 14pt;\">\u00c9 sediado na cidade de<strong>\u00a0<span style=\"color: #000080;\"><a style=\"color: #000080;\" href=\"https:\/\/pt.wikipedia.org\/wiki\/San_Crist%C3%B3bal_(Venezuela)\" target=\"_blank\" rel=\"nofollow noopener\">San Crist\u00f3bal<\/a><\/span><\/strong>, capital do Estado de\u00a0<span style=\"color: #000080;\"><a style=\"color: #000080;\" href=\"https:\/\/pt.wikipedia.org\/wiki\/T%C3%A1chira\" target=\"_blank\" rel=\"nofollow noopener\"><strong>T\u00e1chira<\/strong><\/a><\/span>.<\/span><br \/>\n<span style=\"font-family: 'times new roman', times, serif; font-size: 14pt;\">Manda seus jogos no\u00a0<span style=\"color: #000080;\"><a style=\"color: #000080;\" href=\"https:\/\/pt.wikipedia.org\/wiki\/Estadio_Polideportivo_de_Pueblo_Nuevo\" target=\"_blank\" rel=\"nofollow noopener\"><strong>Pueblo Nuevo de San Crist\u00f3bal<\/strong><\/a><\/span>\u00a0com capacidade de 42.500\u00a0espectadores. \u00c9 o clube com a maior torcida da Venezuela. O seu maior rival \u00e9 o\u00a0<span style=\"color: #000080;\"><a style=\"color: #000080;\" href=\"https:\/\/pt.wikipedia.org\/wiki\/Caracas_F%C3%BAtbol_Club\" target=\"_blank\" rel=\"nofollow noopener\"><strong>Caracas<\/strong><\/a><\/span>, mantendo tamb\u00e9m uma certa rivalidade com o\u00a0<span style=\"color: #000080;\"><a style=\"color: #000080;\" href=\"https:\/\/pt.wikipedia.org\/wiki\/Estudiantes_de_M%C3%A9rida_F%C3%BAtbol_Club\" target=\"_blank\" rel=\"nofollow noopener\"><strong>Estudiantes de M\u00e9rida<\/strong><\/a><\/span>.<\/span><br \/>\n<span style=\"font-family: 'times new roman', times, serif; font-size: 14pt;\">Desde 1975, participa da\u00a0<span style=\"color: #000080;\"><a style=\"color: #000080;\" href=\"https:\/\/en.wikipedia.org\/wiki\/Venezuelan_Primera_Divisi%C3%B3n\" target=\"_blank\" rel=\"nofollow noopener\"><strong>Primera Divisi\u00f3n venezuelana<\/strong><\/a><\/span>\u00a0, tornando-se o \u00fanico time venezuelano que nunca caiu ou participou da categoria inferior.\u00a0Atualmente ocupa a primeira posi\u00e7\u00e3o da classifica\u00e7\u00e3o hist\u00f3rica da Primera Divisi\u00f3n venezuelana com 2229 pontos.<\/span><\/p>\n<p style=\"text-align: justify;\"><span style=\"font-family: 'times new roman', times, serif; font-size: 14pt;\"><strong><u>Em sua galeria de trof\u00e9us, o Deportivo T\u00e1chira F\u00fatbol Club ostenta os seguintes T\u00edtulos<\/u><\/strong><\/span><\/p>\n<ul style=\"text-align: justify;\">\n<li><span style=\"font-family: 'times new roman', times, serif; font-size: 14pt;\">Campeonato Venezuelano<strong>: 9 (1979, 1981, 1984, 1986, 1999-2000, 07-08, 2010-11, 2014-15 e 2021)<\/strong><\/span><\/li>\n<li><span style=\"font-family: 'times new roman', times, serif; font-size: 14pt;\">Copa Venezuela: (<strong>1982<\/strong>)<\/span><\/li>\n<\/ul>\n<p style=\"text-align: justify;\"><span style=\"font-family: 'times new roman', times, serif; font-size: 14pt;\"><strong><u>Uniformes<\/u><\/strong><\/span><\/p>\n<figure class=\"wp-block-image size-full\" style=\"text-align: justify;\"><img data-recalc-dims=\"1\" loading=\"lazy\" decoding=\"async\" class=\"wp-image-9341\" src=\"https:\/\/i0.wp.com\/santosnews.com.br\/wp-content\/uploads\/2022\/06\/Uniforme-do-Deportivo-Tachira.png?resize=355%2C154&#038;ssl=1\" sizes=\"auto, (max-width: 355px) 100vw, 355px\" srcset=\"https:\/\/santosnews.com.br\/wp-content\/uploads\/2022\/06\/Uniforme-do-Deportivo-Tachira.png 355w, https:\/\/santosnews.com.br\/wp-content\/uploads\/2022\/06\/Uniforme-do-Deportivo-Tachira-300x130.png 300w, https:\/\/santosnews.com.br\/wp-content\/uploads\/2022\/06\/Uniforme-do-Deportivo-Tachira-32x14.png 32w\" alt=\"\" width=\"355\" height=\"154\" \/><\/figure>\n<p style=\"text-align: justify;\"><span style=\"font-family: 'times new roman', times, serif; font-size: 14pt;\"><strong><u>Confrontos ao longo da hist\u00f3ria<\/u><\/strong><\/span><br \/>\n<span style=\"font-family: 'times new roman', times, serif; font-size: 14pt;\"><strong><u>Retrospecto<\/u><\/strong><\/span><\/p>\n<p style=\"text-align: justify;\"><span style=\"font-family: 'times new roman', times, serif; font-size: 14pt;\"><strong>Santos<\/strong>\u00a0e\u00a0<strong>Deportivo T\u00e1chira F\u00fatbol Clube\u00a0<\/strong>\u00a0j\u00e1 se enfrentaram\u00a0<strong>02 vezes<\/strong>\u00a0ao longo da hist\u00f3ria.<\/span><br \/>\n<span style=\"font-family: 'times new roman', times, serif; font-size: 14pt;\">Foram\u00a0<strong>01<\/strong>\u00a0<strong>vit\u00f3ria\u00a0<\/strong>do Santos, contra\u00a0<strong>00<\/strong>\u00a0<strong>vit\u00f3rias\u00a0<\/strong>\u00a0do T\u00e1chira e\u00a0<strong>01<\/strong>\u00a0<strong>empates<\/strong>.<\/span><br \/>\n<span style=\"font-family: 'times new roman', times, serif; font-size: 14pt;\">O Peixe marcou\u00a0<strong>03<\/strong>\u00a0<strong>gols\u00a0<\/strong>e sofreu\u00a0<strong>01<\/strong>\u00a0<strong>Saldo<\/strong>\u00a0de\u00a0<strong><u>+02<\/u><\/strong><\/span><br \/>\n<span style=\"font-family: 'times new roman', times, serif; font-size: 14pt;\">Em\u00a0<strong><u>Copas libertadores da Am\u00e9rica\u00a0<\/u><\/strong>\u00a0Desde o primeiro confronto, foram\u00a0<strong>02<\/strong>\u00a0<strong>jogos<\/strong>, com\u00a0<strong>01<\/strong>\u00a0<strong>vit\u00f3rias<\/strong>\u00a0do Santos, contra\u00a0<strong>00<\/strong>\u00a0<strong>vit\u00f3rias\u00a0<\/strong>do T\u00e1chira e\u00a0<strong>01<\/strong>\u00a0<strong>empates<\/strong>.<\/span><br \/>\n<span style=\"font-family: 'times new roman', times, serif; font-size: 14pt;\">O time da Baixada Santista marcou\u00a0<strong>03 gols<\/strong>\u00a0e sofreu\u00a0<strong>01<\/strong>.<\/span><br \/>\n<span style=\"font-family: 'times new roman', times, serif; font-size: 14pt;\">Em\u00a0<strong><u>Copas Sul-Americanas\u00a0<\/u><\/strong>\u00a0este ser\u00e1 o primeiro confronto entre as equipes.<\/span><\/p>\n<p style=\"text-align: justify;\"><span style=\"font-family: 'times new roman', times, serif; font-size: 14pt;\"><strong><u>O \u00faltimo Confronto<\/u><\/strong><\/span><br \/>\n<span style=\"font-family: 'times new roman', times, serif; font-size: 14pt;\">O \u00faltimo confronto entre as duas agremia\u00e7\u00f5es, foi v\u00e1lido pela\u00a0<strong><u>Copa Libertadores da Am\u00e9rica<\/u><\/strong>\u00a0 de\u00a0\u00a0<strong>2011<\/strong>.<\/span><br \/>\n<span style=\"font-family: 'times new roman', times, serif; font-size: 14pt;\">A partida terminou com vit\u00f3ria do Santos pelo placar de 3X1.<\/span><br \/>\n<span style=\"font-family: 'times new roman', times, serif; font-size: 14pt;\">O jogo foi realizado no Pacaembu<\/span><\/p>\n<p style=\"text-align: justify;\"><span style=\"font-family: 'times new roman', times, serif; font-size: 14pt;\">(Cr\u00e9dito de Imagem: Foto: Ivan Storti\/Santos FC)<\/span><\/p>\n","protected":false},"excerpt":{"rendered":"<p>Al\u00f4 Na\u00e7\u00e3o Santista! Sauda\u00e7\u00f5es Alvinegras! Nesta quarta-feira (29), a partir das\u00a021h30\u00a0(de Bras\u00edlia), Deportivo T\u00e1chira e Santos entram em campo no<\/p>\n","protected":false},"author":2,"featured_media":4109,"comment_status":"open","ping_status":"open","sticky":false,"template":"","format":"standard","meta":{"colormag_page_container_layout":"default_layout","colormag_page_sidebar_layout":"default_layout","_jetpack_memberships_contains_paid_content":false,"footnotes":""},"categories":[56,57,17],"tags":[6],"class_list":["post-4106","post","type-post","status-publish","format-standard","has-post-thumbnail","hentry","category-conheca-o-adversario","category-copa-sul-americana","category-pre-jogo","tag-santos-fc"],"jetpack_featured_media_url":"https:\/\/i0.wp.com\/sergiobertoldi.com\/wp-content\/uploads\/2022\/06\/Estadio-Pueblo-Nuevo-Deportivo-Tachira.jpg?fit=1024%2C585&ssl=1","jetpack_likes_enabled":true,"jetpack_sharing_enabled":true,"_links":{"self":[{"href":"https:\/\/sergiobertoldi.com\/index.php\/wp-json\/wp\/v2\/posts\/4106","targetHints":{"allow":["GET"]}}],"collection":[{"href":"https:\/\/sergiobertoldi.com\/index.php\/wp-json\/wp\/v2\/posts"}],"about":[{"href":"https:\/\/sergiobertoldi.com\/index.php\/wp-json\/wp\/v2\/types\/post"}],"author":[{"embeddable":true,"href":"https:\/\/sergiobertoldi.com\/index.php\/wp-json\/wp\/v2\/users\/2"}],"replies":[{"embeddable":true,"href":"https:\/\/sergiobertoldi.com\/index.php\/wp-json\/wp\/v2\/comments?post=4106"}],"version-history":[{"count":3,"href":"https:\/\/sergiobertoldi.com\/index.php\/wp-json\/wp\/v2\/posts\/4106\/revisions"}],"predecessor-version":[{"id":4112,"href":"https:\/\/sergiobertoldi.com\/index.php\/wp-json\/wp\/v2\/posts\/4106\/revisions\/4112"}],"wp:featuredmedia":[{"embeddable":true,"href":"https:\/\/sergiobertoldi.com\/index.php\/wp-json\/wp\/v2\/media\/4109"}],"wp:attachment":[{"href":"https:\/\/sergiobertoldi.com\/index.php\/wp-json\/wp\/v2\/media?parent=4106"}],"wp:term":[{"taxonomy":"category","embeddable":true,"href":"https:\/\/sergiobertoldi.com\/index.php\/wp-json\/wp\/v2\/categories?post=4106"},{"taxonomy":"post_tag","embeddable":true,"href":"https:\/\/sergiobertoldi.com\/index.php\/wp-json\/wp\/v2\/tags?post=4106"}],"curies":[{"name":"wp","href":"https:\/\/api.w.org\/{rel}","templated":true}]}}