{"id":4036,"date":"2022-06-09T06:00:33","date_gmt":"2022-06-09T09:00:33","guid":{"rendered":"https:\/\/sergiobertoldi.com\/?p=4036"},"modified":"2022-06-10T01:09:26","modified_gmt":"2022-06-10T04:09:26","slug":"jogando-em-casa-contra-o-internacional-santos-nao-vai-alem-de-um-empate-e-soma-sua-sexta-partida-sem-vitoria","status":"publish","type":"post","link":"https:\/\/sergiobertoldi.com\/index.php\/2022\/06\/09\/jogando-em-casa-contra-o-internacional-santos-nao-vai-alem-de-um-empate-e-soma-sua-sexta-partida-sem-vitoria\/","title":{"rendered":"Jogando em casa contra o Internacional Santos n\u00e3o vai al\u00e9m de um empate e soma sua sexta partida sem vit\u00f3ria"},"content":{"rendered":"<p><span style=\"font-family: helvetica, arial, sans-serif; font-size: 14pt;\"><strong><u>Al\u00f4 Na\u00e7\u00e3o Santista! Sauda\u00e7\u00f5es Alvinegras!<\/u><\/strong><\/span><\/p>\n<p style=\"text-align: justify;\"><span style=\"font-family: 'times new roman', times, serif; font-size: 14pt;\">Jogando pela 10\u00aa rodada do Campeonato Brasileiro, Santos e Internacional-RS se enfrentaram na noite desta quarta-feira (8), \u00e0s 21h30 (de Bras\u00edlia), quando no Est\u00e1dio Urbano Caldeira, conhecido como \u201cVila Belmiro\u201d, Santistas e Ga\u00fachos n\u00e3o conseguiram ir al\u00e9m de um empate em 1 a 1.<\/span><\/p>\n<p style=\"text-align: justify;\"><span style=\"font-family: 'times new roman', times, serif; font-size: 14pt;\">Lucas Braga, pelo Santos e Bruno M\u00e9ndez pelo Inter, fizeram os gols da partida. O trope\u00e7o em casa resultou na queda de uma posi\u00e7\u00e3o para o Alvinegro Praiano que caiu da nona para a d\u00e9cima posi\u00e7\u00e3o, agora com\u00a0<strong>13<\/strong>\u00a0pontos em\u00a0<strong>30<\/strong>\u00a0disputados, cerca de\u00a0<strong>43,3%<\/strong>\u00a0de aproveitamento.<\/span><\/p>\n<p style=\"text-align: justify;\"><span style=\"font-family: 'times new roman', times, serif; font-size: 14pt;\">Sem poder contar com os atacantes Marcos Leonado, convocado pela Sele\u00e7\u00e3o Brasileira Sub-20, e Jhohan Julio, poupado da partida por ter sentido no \u00faltimo jogo, um desconforto muscular na coxa direita, Angulo e Goulart foram os escolhidos pelo t\u00e9cnico F\u00e1bian Bustos para serem os titulares.<\/span><\/p>\n<p style=\"text-align: justify;\"><span style=\"font-family: 'times new roman', times, serif; font-size: 14pt;\"><strong><u>PITACOS DO BERTOLDI<\/u><\/strong><\/span><\/p>\n<p style=\"text-align: justify;\"><span style=\"font-family: 'times new roman', times, serif; font-size: 14pt;\">O Santos n\u00e3o fez uma partida ruim, por\u00e9m esbarrou em alguns pontos que continuam sendo os pontos negativos da equipe, como alguns momentos em que parece que d\u00e1 um \u201cApag\u00e3o Geral\u201d na equipe.<\/span><br \/>\n<span style=\"font-family: 'times new roman', times, serif; font-size: 14pt;\">Outro ponto que tem atrapalhado bastante a equipe Santista, s\u00e3o os erros na hora da chamada \u201c\u00daltima Bola\u201d. Os atacantes do Peixe t\u00eam falhado na hora da defini\u00e7\u00e3o das jogadas, e isso tem sido crucial, principalmente em partidas onde o advers\u00e1rio tem uma boa postura, uma boa coloca\u00e7\u00e3o defensiva, dificultando muito as a\u00e7\u00f5es ofensivas do Santos!<\/span><br \/>\n<span style=\"font-family: 'times new roman', times, serif; font-size: 14pt;\">Por esse motivo, n\u00e3o se pode perder chances de matar a partida quando as mesmas s\u00e3o muito reduzidas!<\/span><\/p>\n<p style=\"text-align: justify;\"><span style=\"font-family: 'times new roman', times, serif; font-size: 14pt;\">Um ponto importante que eu penso que notoriamente precisa ser trabalhado, \u00e9 o emocional dos jogadores!<\/span><br \/>\n<span style=\"font-family: 'times new roman', times, serif; font-size: 14pt;\">Mais uma vez os jogadores demonstraram o qu\u00e3o incomodados est\u00e3o em rela\u00e7\u00e3o a Arbitragem, com mais um gol anulado por interven\u00e7\u00e3o direta do VAR. Aos 28\u00ba da primeira etapa, o Peixe saiu na frente no placar em uma cabe\u00e7ada do zagueiro Eduardo Bauermann, por\u00e9m o gol acabou sendo anulado ap\u00f3s o VAR apontar posi\u00e7\u00e3o de impedimento do defensor Santista.<\/span><\/p>\n<p style=\"text-align: justify;\"><span style=\"font-family: 'times new roman', times, serif; font-size: 14pt;\">\u00c9 n\u00edtido que erros de arbitragem que realmente tem sido recorrentes nos jogos do Santos, est\u00e3o incomodando e desestabilizando de maneira absurda, os jogadores do Peixe!<\/span><br \/>\n<span style=\"font-family: 'times new roman', times, serif; font-size: 14pt;\">A equipe perde completamente o foco e se desestabiliza emocionalmente, se preocupando demais com algo que j\u00e1 parece que colocaram na cabe\u00e7a, que \u00e9 uma pretensa \u201cPersegui\u00e7\u00e3o\u201d, um \u201cCompl\u00f4\u201d para prejudicar o Santos!<\/span><br \/>\n<span style=\"font-family: 'times new roman', times, serif; font-size: 14pt;\">Se existe ou n\u00e3o existe, quem tem que cuidar disso \u00e9 a Diretoria do Clube!<\/span><br \/>\n<span style=\"font-family: 'times new roman', times, serif; font-size: 14pt;\">Os jogadores precisam estar preparados emocionalmente, para lidarem com esse tipo de situa\u00e7\u00e3o dentro de uma partida e n\u00e3o se deixarem ser afetados pelo emocional.<\/span><br \/>\n<span style=\"font-family: 'times new roman', times, serif; font-size: 14pt;\">E vou mais al\u00e9m: Est\u00e1 na hora da Diretoria chamar o T\u00e9cnico F\u00e1bian Bustos, e orienta-lo a parar de em todas as coletivas p\u00f3s jogo, culpar a Arbitragem pelo insucesso do time! O Pr\u00f3prio treinador, est\u00e1 corroborando para com que os seus jogadores, j\u00e1 entrem em campo com esse pensamento de que fa\u00e7am o que for, s\u00e3o sempre roubados!<\/span><\/p>\n<p style=\"text-align: justify;\"><span style=\"font-family: 'times new roman', times, serif; font-size: 14pt;\">Pela pr\u00f3xima rodada, a 11\u00aa, o Santos entra em campo no s\u00e1bado (11). \u00e0s 19h00 (de Bras\u00edlia), contra o Atl\u00e9tico Mineiro fora de casa no Mineir\u00e3o em BH, em busca de sua primeira vit\u00f3ria fora de casa, al\u00e9m de fazer as pazes com a vit\u00f3ria que j\u00e1 n\u00e3o acontece h\u00e1 seis jogos!<\/span><\/p>\n<p style=\"text-align: justify;\"><span style=\"text-decoration: underline;\"><span style=\"font-family: 'times new roman', times, serif; font-size: 14pt;\"><strong>FICHA T\u00c9CNICA<\/strong><\/span><\/span><br \/>\n<span style=\"text-decoration: underline;\"><span style=\"font-family: 'times new roman', times, serif; font-size: 14pt;\"><strong>SANTOS<\/strong>\u00a01 X 1\u00a0<strong>INTERNACIONAL<\/strong><\/span><\/span><br \/>\n<span style=\"font-family: 'times new roman', times, serif; font-size: 14pt;\">Local:\u00a0<strong>Vila Belmiro, em Santos (SP)<\/strong><\/span><br \/>\n<span style=\"font-family: 'times new roman', times, serif; font-size: 14pt;\">Data:\u00a0<strong>8 de junho de 2022, quarta-feira<\/strong><\/span><br \/>\n<span style=\"font-family: 'times new roman', times, serif; font-size: 14pt;\">Hor\u00e1rio:\u00a0<strong>21h30 (de Bras\u00edlia)<\/strong><\/span><br \/>\n<span style=\"font-family: 'times new roman', times, serif; font-size: 14pt;\">\u00c1rbitro:\u00a0<strong>Ramon Abatti Abel (SC)<\/strong><\/span><br \/>\n<span style=\"font-family: 'times new roman', times, serif; font-size: 14pt;\">Assistentes:\u00a0<strong>Kleber Lucio Gil (FIFA-SC) e Henrique Neu Ribeiro (SC)<\/strong><\/span><br \/>\n<span style=\"font-family: 'times new roman', times, serif; font-size: 14pt;\">VAR:\u00a0<strong>Pablo Ramon Goncalves Pinheiro (RN)<\/strong><\/span><br \/>\n<span style=\"font-family: 'times new roman', times, serif; font-size: 14pt;\">Cart\u00f5es <span style=\"color: #333333; background-color: #ffff00;\">amarelos<\/span>:\u00a0<strong>Madson, Rodrigo Fern\u00e1ndez (Santos)<br \/>\n<\/strong><\/span><span style=\"font-family: 'times new roman', times, serif; font-size: 14pt;\">Cart\u00f5es <span style=\"background-color: #ffff00;\">amarelos<\/span>: <strong>Edenilson (Inter)<\/strong><\/span><br \/>\n<span style=\"font-family: 'times new roman', times, serif; font-size: 14pt;\">GOLS:\u00a0<strong>Lucas Braga, aos 18 do 2\u00baT (Santos); Bruno M\u00e9ndez, aos 25 do 2\u00baT (Inter)<\/strong><\/span><br \/>\n<span style=\"font-family: 'times new roman', times, serif; font-size: 14pt;\">SANTOS:<strong>\u00a0Jo\u00e3o Paulo; Madson, Maicon, Bauermann e Lucas Pires; Rodrigo Fern\u00e1ndez, Zanocelo e Goulart (Lucas Barbosa); Jojhan Lucas Braga, Angulo (Rwan) e L\u00e9o Baptist\u00e3o (Bruno Oliveira)<\/strong><\/span><br \/>\n<span style=\"font-family: 'times new roman', times, serif; font-size: 14pt;\">T\u00e9cnico:\u00a0<strong>Fabi\u00e1n Bustos<\/strong><\/span><br \/>\n<span style=\"font-family: 'times new roman', times, serif; font-size: 14pt;\">INTER:\u00a0<strong>Daniel; Bustos (Bruno M\u00e9ndez), Vit\u00e3o, Mercado e Ren\u00ea; Gabriel, Edenilson (Maur\u00edcio), Carlos de Pena e Alan Patrick (Ta\u00edlson); David (Alem\u00e3o) e Pedro Henrique (Dourado).<\/strong><\/span><br \/>\n<span style=\"font-family: 'times new roman', times, serif; font-size: 14pt;\">T\u00e9cnico:\u00a0<strong>Mano Menezes<\/strong><\/span><\/p>\n<p style=\"text-align: justify;\"><span style=\"text-decoration: underline;\"><span style=\"font-family: 'times new roman', times, serif; font-size: 14pt;\"><strong>Acompanhe a Coletiva com o T\u00e9cnico Fabian Bustos<\/strong><\/span><\/span><\/p>\n<figure class=\"wp-block-embed is-type-video is-provider-youtube wp-block-embed-youtube wp-embed-aspect-16-9 wp-has-aspect-ratio\" style=\"text-align: justify;\">\n<div class=\"wp-block-embed__wrapper\"><iframe loading=\"lazy\" class=\"fcunited_resize trx_addons_resize\" title=\"FABI\u00c1N BUSTOS | COLETIVA (08\/06\/22)\" src=\"https:\/\/www.youtube.com\/embed\/7S2opR0v5pg?feature=oembed\" width=\"1278\" height=\"719\" frameborder=\"0\" allowfullscreen=\"allowfullscreen\" data-last-width=\"830.984\" data-mce-fragment=\"1\"><\/iframe><\/div>\n<\/figure>\n<p style=\"text-align: justify;\"><span style=\"font-family: 'times new roman', times, serif; font-size: 14pt;\">(Credito de Imagem: Maur\u00edcio de Souza\/Di\u00e1riodoLitoral\/Estad\u00e3o)<\/span><br \/>\n<span style=\"font-family: 'times new roman', times, serif; font-size: 14pt;\">(Cr\u00e9dito: Imagem: SantosTV\/Divulga\u00e7\u00e3o\/Santos FC)<\/span><\/p>\n","protected":false},"excerpt":{"rendered":"<p>Al\u00f4 Na\u00e7\u00e3o Santista! Sauda\u00e7\u00f5es Alvinegras! Jogando pela 10\u00aa rodada do Campeonato Brasileiro, Santos e Internacional-RS se enfrentaram na noite desta<\/p>\n","protected":false},"author":2,"featured_media":4037,"comment_status":"open","ping_status":"open","sticky":false,"template":"","format":"standard","meta":{"colormag_page_container_layout":"default_layout","colormag_page_sidebar_layout":"default_layout","_jetpack_memberships_contains_paid_content":false,"footnotes":""},"categories":[12,11,59,16],"tags":[6],"class_list":["post-4036","post","type-post","status-publish","format-standard","has-post-thumbnail","hentry","category-analise-e-comentario","category-campeonato-brasileiro","category-pitacos-do-bertoldi","category-resenha-do-jogo","tag-santos-fc"],"jetpack_featured_media_url":"https:\/\/i0.wp.com\/sergiobertoldi.com\/wp-content\/uploads\/2022\/06\/Santos-x-Internacional.jpg?fit=662%2C450&ssl=1","jetpack_likes_enabled":true,"jetpack_sharing_enabled":true,"_links":{"self":[{"href":"https:\/\/sergiobertoldi.com\/index.php\/wp-json\/wp\/v2\/posts\/4036","targetHints":{"allow":["GET"]}}],"collection":[{"href":"https:\/\/sergiobertoldi.com\/index.php\/wp-json\/wp\/v2\/posts"}],"about":[{"href":"https:\/\/sergiobertoldi.com\/index.php\/wp-json\/wp\/v2\/types\/post"}],"author":[{"embeddable":true,"href":"https:\/\/sergiobertoldi.com\/index.php\/wp-json\/wp\/v2\/users\/2"}],"replies":[{"embeddable":true,"href":"https:\/\/sergiobertoldi.com\/index.php\/wp-json\/wp\/v2\/comments?post=4036"}],"version-history":[{"count":1,"href":"https:\/\/sergiobertoldi.com\/index.php\/wp-json\/wp\/v2\/posts\/4036\/revisions"}],"predecessor-version":[{"id":4038,"href":"https:\/\/sergiobertoldi.com\/index.php\/wp-json\/wp\/v2\/posts\/4036\/revisions\/4038"}],"wp:featuredmedia":[{"embeddable":true,"href":"https:\/\/sergiobertoldi.com\/index.php\/wp-json\/wp\/v2\/media\/4037"}],"wp:attachment":[{"href":"https:\/\/sergiobertoldi.com\/index.php\/wp-json\/wp\/v2\/media?parent=4036"}],"wp:term":[{"taxonomy":"category","embeddable":true,"href":"https:\/\/sergiobertoldi.com\/index.php\/wp-json\/wp\/v2\/categories?post=4036"},{"taxonomy":"post_tag","embeddable":true,"href":"https:\/\/sergiobertoldi.com\/index.php\/wp-json\/wp\/v2\/tags?post=4036"}],"curies":[{"name":"wp","href":"https:\/\/api.w.org\/{rel}","templated":true}]}}