{"id":4022,"date":"2022-06-08T06:00:53","date_gmt":"2022-06-08T09:00:53","guid":{"rendered":"https:\/\/sergiobertoldi.com\/?p=4022"},"modified":"2022-06-07T23:25:56","modified_gmt":"2022-06-08T02:25:56","slug":"santos-conta-com-a-mistica-da-vila-para-vencer-o-internacional","status":"publish","type":"post","link":"https:\/\/sergiobertoldi.com\/index.php\/2022\/06\/08\/santos-conta-com-a-mistica-da-vila-para-vencer-o-internacional\/","title":{"rendered":"Santos conta com a m\u00edstica da Vila para vencer o Internacional"},"content":{"rendered":"<p><span style=\"font-family: helvetica, arial, sans-serif; font-size: 14pt;\"><strong><u>Al\u00f4 Na\u00e7\u00e3o Santista! Sauda\u00e7\u00f5es Alvinegras!<\/u><\/strong><\/span><\/p>\n<p style=\"text-align: justify;\"><span style=\"font-family: 'times new roman', times, serif; font-size: 14pt;\">Pela\u00a0<strong>10\u00aa<\/strong>\u00a0rodada do Campeonato Brasileiro\u00a0<strong>2022<\/strong>, Santos e Internacional se enfrentam na Vila Belmiro na noite desta quarta-feira (<strong>08<\/strong>), quando a partir das\u00a0<strong>21h30\u00a0<\/strong>(de Bras\u00edlia), o Alvinegro Praiano busca em casa, esquecer os \u00faltimos trope\u00e7os, duas derrotas e dois empates, quando conquistou apenas 2 pontos dos \u00faltimos 12 disputados, e volta a focar na for\u00e7a da Vila para garantir em casa pontos preciosos para o dif\u00edcil e longo Campeonato Brasileiro!<\/span><br \/>\n<span style=\"font-family: 'times new roman', times, serif; font-size: 14pt;\">Ocupando a\u00a0<strong>09\u00aa<\/strong>\u00a0coloca\u00e7\u00e3o na tabela de classifica\u00e7\u00e3o, com\u00a0<strong>12<\/strong>\u00a0pontos conquistados em\u00a0<strong>09<\/strong>\u00a0partidas, com\u00a0<strong>03<\/strong>\u00a0vit\u00f3rias,\u00a0<strong>03<\/strong>\u00a0empates e\u00a0<strong>03<\/strong>\u00a0derrotas, o Alvinegro de Vila Belmiro chega para encarar o internacional, bastante pressionado e com o treinador F\u00e1bian Bustos come\u00e7ando a ter seu trabalho contestado pelo torcedor que j\u00e1 demonstra uma certa irrita\u00e7\u00e3o com a insist\u00eancia do treinador n\u00e3o apenas em rela\u00e7\u00e3o ao esquema t\u00e1tico, mas principalmente em rela\u00e7\u00e3o \u00e0 escala\u00e7\u00e3o de alguns jogadores, que j\u00e1 vem a algum tempo apresentando um baixo aproveitamento! Se formos analisar os \u00faltimos jogos, o Santos n\u00e3o jogou m\u00e1s partidas, por\u00e9m os resultados preocupam pois s\u00e3o resultados t\u00edpicos de campanha de clube rebaixado!<\/span><\/p>\n<p><span style=\"font-family: 'times new roman', times, serif; font-size: 14pt;\">Para conquistar uma vit\u00f3ria em casa, o Peixe conta com os retornos de Madson e Rodrigo Fern\u00e1ndez que voltam ap\u00f3s cumprirem suspens\u00e3o diante do Furac\u00e3o. Por outro lado F\u00e1bian Bustos continua tendo como desfalques o zagueiro Kaiky e o atacante \u00c2ngelo que segue afastado dos jogos, realizando um trabalho especial de reequil\u00edbrio e fortalecimento muscular ap\u00f3s lesionar o m\u00fasculo adutor da coxa no dia 28 de abril.<\/span><br \/>\n<span style=\"font-family: 'times new roman', times, serif; font-size: 14pt;\">Outro desfalque certo na equipe Santista \u00e9 o atacante Marcos Leonardo que al\u00e9m de estar suspenso pelo 3\u00ba cart\u00e3o amarelo, encontra-se servindo a Sele\u00e7\u00e3o Brasileira sub-20<\/span><br \/>\n<span style=\"font-family: 'times new roman', times, serif; font-size: 14pt;\">Sendo assim o prov\u00e1vel\u00a0 11 Santista deve vir a campo para enfrentar o Colorado Ga\u00facho com:\u00a0<strong>Jo\u00e3o Paulo<\/strong>;\u00a0<strong>Madson<\/strong>,\u00a0<strong>Maicon<\/strong>,\u00a0<strong>Bauermann<\/strong>\u00a0e\u00a0<strong>Lucas Pires<\/strong>;\u00a0<strong>Rodrigo Fern\u00e1ndez<\/strong>,\u00a0<strong>Zanocelo<\/strong>\u00a0e\u00a0<strong>Sandry;<\/strong>\u00a0<strong>Jojhan Julio<\/strong>,\u00a0<strong>Angulo<\/strong>\u00a0(<strong>Goulart<\/strong>) e\u00a0<strong>L\u00e9o Baptist\u00e3o<\/strong>.<\/span><\/p>\n<p style=\"text-align: justify;\"><span style=\"font-family: 'times new roman', times, serif; font-size: 14pt;\">J\u00e1 o Internacional do t\u00e9cnico Mano Menezes que ocupa a\u00a0<strong>7\u00ba<\/strong>\u00a0coloca\u00e7\u00e3o na classifica\u00e7\u00e3o com\u00a0<strong>14<\/strong>\u00a0pontos, ocupando duas posi\u00e7\u00f5es acima, chega para esse confronto embalado por uma sequ\u00eancia de\u00a0<strong>13\u00a0<\/strong>partidas invictas, sendo\u00a0<strong>11<\/strong>\u00a0delas sob o comando do treinador Mano, que soma<strong>\u00a005<\/strong>\u00a0vit\u00f3rias e\u00a0<strong>06<\/strong>\u00a0empates.<\/span><br \/>\n<span style=\"font-family: 'times new roman', times, serif; font-size: 14pt;\">Problema mesmo Mano Menezes s\u00f3 ter\u00e1 para escolher quem vai substituir o atacante Wanderson que suspenso, \u00e9 desfalque certo! Em compensa\u00e7\u00e3o Pedro Henrique, retorna ao time ap\u00f3s cumprir suspens\u00e3o.<\/span><br \/>\n<span style=\"font-family: 'times new roman', times, serif; font-size: 14pt;\">Salvo algum problema de \u00faltima hora, o Internacional deve vir a Vila para enfrentar o Peixe com:\u00a0<strong>Daniel<\/strong>;\u00a0<strong>Bustos<\/strong>,\u00a0<strong>Vit\u00e3o<\/strong>,\u00a0<strong>Mercado<\/strong>\u00a0e\u00a0<strong>Ren\u00ea<\/strong>;\u00a0<strong>Dourado<\/strong>,\u00a0<strong>Edenilson<\/strong>,\u00a0<strong>Carlos de Pena<\/strong>\u00a0e\u00a0<strong>Alan Patrick<\/strong>;\u00a0<strong>David<\/strong>\u00a0(<strong>Taison<\/strong>,\u00a0<strong>Pedro Henrique<\/strong>\u00a0ou\u00a0<strong>Maur\u00edcio<\/strong>) e\u00a0<strong>Alem\u00e3o<\/strong>. T\u00e9cnico\u00a0<strong>Mano Menezes<\/strong><\/span><\/p>\n<p style=\"text-align: justify;\"><span style=\"font-family: 'times new roman', times, serif; font-size: 14pt;\"><strong><u>Conhe\u00e7a um pouco da hist\u00f3ria do advers\u00e1rio do Santos.<\/u><\/strong><strong>\u00a0<\/strong><\/span><\/p>\n<p style=\"text-align: justify;\"><span style=\"font-family: 'times new roman', times, serif; font-size: 14pt;\">O\u00a0<strong>Sport Club Internacional<\/strong>\u00a0(mais conhecido como\u00a0<strong>Internacional<\/strong>\u00a0ou\u00a0<strong>Inter de Porto Alegre<\/strong>\u00a0e popularmente pelo apelido de\u00a0<strong><em>Colorado<\/em><\/strong>) \u00e9 um clube com sede na cidade de\u00a0<strong><a href=\"https:\/\/pt.wikipedia.org\/wiki\/Porto_Alegre\" target=\"_blank\" rel=\"nofollow noopener\">Porto Alegre<\/a><\/strong>, capital do\u00a0Rio Grande do Sul.<\/span><\/p>\n<p style=\"text-align: justify;\"><span style=\"font-family: 'times new roman', times, serif; font-size: 14pt;\">Com o objetivo de ser uma institui\u00e7\u00e3o democr\u00e1tica e sem\u00a0preconceitos, o clube foi fundado em 4 de abril de 1909, pelo\u00a0<strong><a href=\"https:\/\/pt.wikipedia.org\/wiki\/Jornalista\" target=\"_blank\" rel=\"nofollow noopener\">jor<\/a><a href=\"https:\/\/pt.wikipedia.org\/wiki\/Jornalista\" target=\"_blank\" rel=\"nofollow noopener\">nalista<\/a>\u00a0<a href=\"https:\/\/pt.wikipedia.org\/wiki\/Henrique_Poppe_Le%C3%A3o\" target=\"_blank\" rel=\"nofollow noopener\">Henrique Poppe Le\u00e3o<\/a><\/strong>, junto com seus irm\u00e3os Luiz Madeira Poppe e Jos\u00e9 Eduardo Poppe, que se transferiram de\u00a0S\u00e3o Paulo\u00a0para\u00a0Porto Alegre, em\u00a01901, e encontraram dificuldades para a pr\u00e1tica do futebol, uma vez que os principais clubes da cidade, \u00e0 \u00e9poca, eram restritos a descendentes de alem\u00e3es.\u00a0O nome \u00e9 uma refer\u00eancia \u00e0 abertura a todas nacionalidades e uma homenagem ao\u00a0<span style=\"color: #0000ff;\"><strong><a style=\"color: #0000ff;\" href=\"https:\/\/pt.wikipedia.org\/wiki\/Sport_Club_Internacional_(S%C3%A3o_Paulo)\" target=\"_blank\" rel=\"nofollow noopener\">Internacional<\/a><\/strong><\/span>\u00a0paulista, do qual os irm\u00e3os Poppe fizeram parte.<\/span><\/p>\n<p style=\"text-align: justify;\"><span style=\"font-family: 'times new roman', times, serif; font-size: 14pt;\">No dia 18 de julho do mesmo ano, o Internacional realizou sua primeira partida, no est\u00e1dio do\u00a0Gr\u00eamio\u00a0(Baixada), situado no Bairro\u00a0<strong><a href=\"https:\/\/pt.wikipedia.org\/wiki\/Moinhos_de_Vento\" target=\"_blank\" rel=\"nofollow noopener\">Moinhos de Vento<\/a><\/strong>. O resultado n\u00e3o poderia ser pior para o\u00a0<em>Colorado<\/em>: perdeu por 10\u20130 para o Gr\u00eamio.<\/span><br \/>\n<span style=\"font-family: 'times new roman', times, serif; font-size: 14pt;\">Tem como suas cores o vermelho e o branco e seus torcedores s\u00e3o conhecidos como\u00a0<em>colorados<\/em>.<\/span><br \/>\n<span style=\"font-family: 'times new roman', times, serif; font-size: 14pt;\">Para identificar o Inter como um clube do povo, nas p\u00e1ginas esportivas da antiga\u00a0<strong><em>Folha Desportiva<\/em><\/strong>\u00a0e do jornal\u00a0<strong><em>A Hora<\/em><\/strong>, surgiu na d\u00e9cada de\u00a0<strong>1950<\/strong>\u00a0a figura do \u201cNegrinho\u201d. Com o tempo, o Negrinho acabou virando o\u00a0<strong><a href=\"https:\/\/pt.wikipedia.org\/wiki\/Saci\" target=\"_blank\" rel=\"nofollow noopener\">Saci<\/a><\/strong>, aquele que gosta de armar ciladas contra as pessoas, como uma analogia ao que o Internacional faria nos campos de\u00a0futebol<\/span><br \/>\n<span style=\"font-family: 'times new roman', times, serif; font-size: 14pt;\">O Colorado manda seus jogos como mandante, em seu est\u00e1dio particular, \u201c\u00a0<span style=\"color: #0000ff;\"><strong><a style=\"color: #0000ff;\" href=\"https:\/\/pt.wikipedia.org\/wiki\/Est%C3%A1dio_Beira-Rio\" target=\"_blank\" rel=\"nofollow noopener\">Est\u00e1dio Beira-Rio<\/a><\/strong><\/span>\u201d, inaugurado em\u00a06 de abril\u00a0de\u00a01969, e posteriormente na\u00a0d\u00e9cada de 2000, a diretoria colorada criou um projeto para a remodela\u00e7\u00e3o do\u00a0<em>Complexo Beira-Rio<\/em><\/span><\/p>\n<p style=\"text-align: justify;\"><span style=\"font-family: 'times new roman', times, serif; font-size: 14pt;\"><strong><u>Em sua galeria de trof\u00e9us, o Internacional ostenta os seguintes T\u00edtulos<\/u><\/strong><\/span><\/p>\n<ul style=\"text-align: justify;\">\n<li><span style=\"font-family: 'times new roman', times, serif; font-size: 14pt;\">Campeonato Ga\u00facho<strong>: 45<\/strong><\/span><\/li>\n<li><span style=\"font-family: 'times new roman', times, serif; font-size: 14pt;\">Campeonato Brasileiro<strong>: 3 (1975, 1976, 1979)<\/strong><\/span><\/li>\n<li><span style=\"font-family: 'times new roman', times, serif; font-size: 14pt;\">Copa do Brasil<strong>: (1992)<\/strong><\/span><\/li>\n<li><span style=\"font-family: 'times new roman', times, serif; font-size: 14pt;\">Copa Libertadores<strong>: 2 (2006, 2010)<\/strong><\/span><\/li>\n<li><span style=\"font-family: 'times new roman', times, serif; font-size: 14pt;\">Copa Sul-americana<strong>:<\/strong>\u00a0<strong>(2008)<\/strong><\/span><\/li>\n<li><span style=\"font-family: 'times new roman', times, serif; font-size: 14pt;\">Recopa sul-americana<strong>:<\/strong>\u00a0<strong>2 (2007, 2011)<\/strong><\/span><\/li>\n<\/ul>\n<p style=\"text-align: justify;\"><span style=\"font-family: 'times new roman', times, serif; font-size: 14pt;\"><strong><u>Uniformes<\/u><\/strong><\/span><\/p>\n<figure class=\"wp-block-image size-full\" style=\"text-align: justify;\"><img data-recalc-dims=\"1\" loading=\"lazy\" decoding=\"async\" class=\"wp-image-9259\" src=\"https:\/\/i0.wp.com\/santosnews.com.br\/wp-content\/uploads\/2022\/06\/Uniforme-do-Internacional-RS.png?resize=288%2C170&#038;ssl=1\" sizes=\"auto, (max-width: 288px) 100vw, 288px\" srcset=\"https:\/\/santosnews.com.br\/wp-content\/uploads\/2022\/06\/Uniforme-do-Internacional-RS.png 288w, https:\/\/santosnews.com.br\/wp-content\/uploads\/2022\/06\/Uniforme-do-Internacional-RS-32x19.png 32w\" alt=\"\" width=\"288\" height=\"170\" \/><\/figure>\n<p style=\"text-align: justify;\"><span style=\"font-family: 'times new roman', times, serif; font-size: 14pt;\"><strong><u>Confrontos ao longo da hist\u00f3ria<\/u><\/strong><u><\/u><\/span><\/p>\n<p style=\"text-align: justify;\"><span style=\"font-family: 'times new roman', times, serif; font-size: 14pt;\"><strong>Santos<\/strong>\u00a0e\u00a0<strong>Internacional\u00a0<\/strong>\u00a0j\u00e1 se enfrentaram\u00a0<strong>78 vezes<\/strong>\u00a0ao longo da hist\u00f3ria.<\/span><br \/>\n<span style=\"font-family: 'times new roman', times, serif; font-size: 14pt;\">Foram\u00a0<strong>28<\/strong>\u00a0<strong>vit\u00f3rias\u00a0<\/strong>do Santos, contra\u00a0<strong>28<\/strong>\u00a0<strong>vit\u00f3rias<\/strong>\u00a0do Internacional e\u00a0<strong>22 empates<\/strong>.<\/span><br \/>\n<span style=\"font-family: 'times new roman', times, serif; font-size: 14pt;\">O Peixe marcou\u00a0<strong>96<\/strong>\u00a0<strong>gols\u00a0<\/strong>e sofreu\u00a0<strong>96<\/strong>\u00a0<strong>Saldo<\/strong>\u00a0de\u00a0<strong><u>-00<\/u><\/strong><\/span><\/p>\n<p style=\"text-align: justify;\"><span style=\"font-family: 'times new roman', times, serif; font-size: 14pt;\"><strong><u>Campeonatos Brasileiros\u00a0<\/u><\/strong>\u00a0Desde o primeiro confronto, foram\u00a0<strong>66<\/strong>\u00a0<strong>jogos<\/strong>, com\u00a0<strong>24<\/strong>\u00a0<strong>vit\u00f3rias<\/strong>\u00a0do Santos, contra\u00a0<strong>24\u00a0<\/strong><strong>vit\u00f3rias\u00a0<\/strong>do Internacional e\u00a0<strong>18<\/strong>\u00a0<strong>empates<\/strong>.<\/span><br \/>\n<span style=\"font-family: 'times new roman', times, serif; font-size: 14pt;\">O time da Baixada Santista marcou\u00a0<strong>65\u00a0<\/strong><strong>gols<\/strong>\u00a0e sofreu\u00a0<strong>70<\/strong>.<\/span><\/p>\n<p style=\"text-align: justify;\"><span style=\"font-family: 'times new roman', times, serif; font-size: 14pt;\"><strong><u>O \u00faltimo Confronto<\/u><\/strong><\/span><br \/>\n<span style=\"font-family: 'times new roman', times, serif; font-size: 14pt;\">No \u00faltimo confronto, v\u00e1lido pelo\u00a0<strong><u>Campeonato Brasileiro<\/u><\/strong>\u00a0 de\u00a0<strong>2020<\/strong>, a partida terminou com Vit\u00f3ria do Santos pelo placar de 2X0 O jogo foi realizado na Vila Belmiro<\/span><\/p>\n<p style=\"text-align: justify;\"><span style=\"font-family: 'times new roman', times, serif; font-size: 14pt;\">(Cr\u00e9dito: Imagem: Pedro Ernesto Guerra Azevedo\/Santos FC)<\/span><\/p>\n","protected":false},"excerpt":{"rendered":"<p>Al\u00f4 Na\u00e7\u00e3o Santista! Sauda\u00e7\u00f5es Alvinegras! Pela\u00a010\u00aa\u00a0rodada do Campeonato Brasileiro\u00a02022, Santos e Internacional se enfrentam na Vila Belmiro na noite desta<\/p>\n","protected":false},"author":2,"featured_media":4026,"comment_status":"open","ping_status":"open","sticky":false,"template":"","format":"standard","meta":{"colormag_page_container_layout":"default_layout","colormag_page_sidebar_layout":"default_layout","_jetpack_memberships_contains_paid_content":false,"footnotes":""},"categories":[11,56,17],"tags":[6],"class_list":["post-4022","post","type-post","status-publish","format-standard","has-post-thumbnail","hentry","category-campeonato-brasileiro","category-conheca-o-adversario","category-pre-jogo","tag-santos-fc"],"jetpack_featured_media_url":"https:\/\/i0.wp.com\/sergiobertoldi.com\/wp-content\/uploads\/2022\/06\/Vila-Estudiantes.jpg?fit=1297%2C865&ssl=1","jetpack_likes_enabled":true,"jetpack_sharing_enabled":true,"_links":{"self":[{"href":"https:\/\/sergiobertoldi.com\/index.php\/wp-json\/wp\/v2\/posts\/4022","targetHints":{"allow":["GET"]}}],"collection":[{"href":"https:\/\/sergiobertoldi.com\/index.php\/wp-json\/wp\/v2\/posts"}],"about":[{"href":"https:\/\/sergiobertoldi.com\/index.php\/wp-json\/wp\/v2\/types\/post"}],"author":[{"embeddable":true,"href":"https:\/\/sergiobertoldi.com\/index.php\/wp-json\/wp\/v2\/users\/2"}],"replies":[{"embeddable":true,"href":"https:\/\/sergiobertoldi.com\/index.php\/wp-json\/wp\/v2\/comments?post=4022"}],"version-history":[{"count":4,"href":"https:\/\/sergiobertoldi.com\/index.php\/wp-json\/wp\/v2\/posts\/4022\/revisions"}],"predecessor-version":[{"id":4029,"href":"https:\/\/sergiobertoldi.com\/index.php\/wp-json\/wp\/v2\/posts\/4022\/revisions\/4029"}],"wp:featuredmedia":[{"embeddable":true,"href":"https:\/\/sergiobertoldi.com\/index.php\/wp-json\/wp\/v2\/media\/4026"}],"wp:attachment":[{"href":"https:\/\/sergiobertoldi.com\/index.php\/wp-json\/wp\/v2\/media?parent=4022"}],"wp:term":[{"taxonomy":"category","embeddable":true,"href":"https:\/\/sergiobertoldi.com\/index.php\/wp-json\/wp\/v2\/categories?post=4022"},{"taxonomy":"post_tag","embeddable":true,"href":"https:\/\/sergiobertoldi.com\/index.php\/wp-json\/wp\/v2\/tags?post=4022"}],"curies":[{"name":"wp","href":"https:\/\/api.w.org\/{rel}","templated":true}]}}