{"id":3913,"date":"2022-03-28T11:32:02","date_gmt":"2022-03-28T14:32:02","guid":{"rendered":"https:\/\/sergiobertoldi.com\/?p=3913"},"modified":"2022-03-29T01:23:01","modified_gmt":"2022-03-29T04:23:01","slug":"de-olho-na-copa-sul-americana-fabian-bustos-intensifica-os-treinos-no-ct-rei-pele","status":"publish","type":"post","link":"https:\/\/sergiobertoldi.com\/index.php\/2022\/03\/28\/de-olho-na-copa-sul-americana-fabian-bustos-intensifica-os-treinos-no-ct-rei-pele\/","title":{"rendered":"De olho na Copa Sul-Americana F\u00e1bian Bustos intensifica os treinos no CT Rei Pel\u00e9"},"content":{"rendered":"<p><span style=\"font-family: helvetica, arial, sans-serif; font-size: 14pt;\"><strong><u>Al\u00f4 Na\u00e7\u00e3o Santista! Sauda\u00e7\u00f5es Alvinegras!<\/u><\/strong><\/span><\/p>\n<p style=\"text-align: justify;\"><strong>\u00a0<\/strong><span style=\"font-family: 'times new roman', times, serif; font-size: 14pt;\">Eliminado precocemente do Campeonato Paulista de 2022, n\u00e3o passando da fase de classifica\u00e7\u00e3o, o Santos ganhou for\u00e7osamente 16 dias, duas semanas livres sem jogos, para poder treinar, realizando uma esp\u00e9cie de Intertemporada!<\/span><\/p>\n<p style=\"text-align: justify;\"><span style=\"font-family: 'times new roman', times, serif; font-size: 14pt;\">Com isso o t\u00e9cnico Fabi\u00e1n Bustos que rec\u00e9m chegado ao clube, foi obrigado a emendar uma sequ\u00eancia de quatro jogos, sem tempo para treinos, agora aproveita esse per\u00edodo sem jogos para trabalhar a equipe da Vila Belmiro para o restante da temporada.<\/span><\/p>\n<p style=\"text-align: justify;\"><span style=\"font-family: 'times new roman', times, serif; font-size: 14pt;\">Visando a estreia na Copa Sul-Americana que ser\u00e1 na pr\u00f3xima ter\u00e7a-feira (5), \u00e0s 19h15 (hor\u00e1rio de Bras\u00edlia) no est\u00e1dio Flor\u00eancio Sola, na Argentina, contra o Banfield-ARG, partida v\u00e1lida pela 1\u00aa rodada da fase de grupos da Competi\u00e7\u00e3o, o t\u00e9cnico F\u00e1bian Bustos programou junto a Comiss\u00e3o T\u00e9cnica, uma semana puxada, com treinos em dois per\u00edodos!<\/span><\/p>\n<p style=\"text-align: justify;\"><span style=\"font-family: 'times new roman', times, serif; font-size: 14pt;\">A Assessoria de Imprensa do Santos, divulgou a programa\u00e7\u00e3o da semana visando a estreia na Copa Sul-Americana. <\/span><br \/>\n<span style=\"font-family: 'times new roman', times, serif; font-size: 14pt;\">Nesta segunda-feira, o elenco iniciou o treino \u00e0s 8 horas no CT Rei Pel\u00e9.<\/span><br \/>\n<span style=\"font-family: 'times new roman', times, serif; font-size: 14pt;\">A partir de ter\u00e7a at\u00e9 a sexta, a delega\u00e7\u00e3o vai treinar em dois per\u00edodos, \u00e0s 8 horas e \u00e0s 16 horas. No s\u00e1bado retorna com o treino apenas na parte da manh\u00e3 \u00e0s 8 horas.<\/span><\/p>\n<p style=\"text-align: justify;\"><span style=\"font-family: 'times new roman', times, serif; font-size: 14pt;\"><u>Confira a programa\u00e7\u00e3o semanal<\/u><\/span><\/p>\n<p style=\"text-align: justify;\"><span style=\"font-family: 'times new roman', times, serif; font-size: 14pt;\"><strong>Segunda-feira<\/strong> (28)<br \/>\n<\/span><span style=\"font-family: 'times new roman', times, serif; font-size: 14pt;\">Treino \u00e0s <strong>8h<\/strong>, no CT Rei Pel\u00e9, em Santos.<\/span><\/p>\n<p style=\"text-align: justify;\"><span style=\"font-family: 'times new roman', times, serif; font-size: 14pt;\"><strong>Ter\u00e7a-feira<\/strong> (29)<br \/>\n<\/span><span style=\"font-family: 'times new roman', times, serif; font-size: 14pt;\">Treino \u00e0s <strong>8h<\/strong>, no CT Rei Pel\u00e9, em Santos.<br \/>\n<\/span><span style=\"font-family: 'times new roman', times, serif; font-size: 14pt;\">Treino \u00e0s <strong>16h<\/strong>, no CT Rei Pel\u00e9, em Santos.<\/span><\/p>\n<p style=\"text-align: justify;\"><span style=\"font-family: 'times new roman', times, serif; font-size: 14pt;\"><strong>Quarta-feira<\/strong> (30)<br \/>\n<\/span><span style=\"font-family: 'times new roman', times, serif; font-size: 14pt;\">Treino \u00e0s <strong>8h<\/strong>, no CT Rei Pel\u00e9, em Santos.<br \/>\n<\/span><span style=\"font-family: 'times new roman', times, serif; font-size: 14pt;\">Treino \u00e0s <strong>16h<\/strong>, no CT Rei Pel\u00e9, em Santos.<\/span><\/p>\n<p style=\"text-align: justify;\"><span style=\"font-family: 'times new roman', times, serif; font-size: 14pt;\"><strong>Quinta-feira<\/strong> (31)<br \/>\n<\/span><span style=\"font-family: 'times new roman', times, serif; font-size: 14pt;\">Treino \u00e0s <strong>8h<\/strong>, no CT Rei Pel\u00e9, em Santos.<br \/>\n<\/span><span style=\"font-family: 'times new roman', times, serif; font-size: 14pt;\">Treino \u00e0s <strong>16h<\/strong>, no CT Rei Pel\u00e9, em Santos.<\/span><\/p>\n<p style=\"text-align: justify;\"><span style=\"font-family: 'times new roman', times, serif; font-size: 14pt;\"><strong>Sexta-feira<\/strong> (1)<br \/>\n<\/span><span style=\"font-family: 'times new roman', times, serif; font-size: 14pt;\">Treino \u00e0s <strong>8h<\/strong>, no CT Rei Pel\u00e9, em Santos.<br \/>\n<\/span><span style=\"font-family: 'times new roman', times, serif; font-size: 14pt;\">Treino \u00e0s <strong>16h<\/strong>, no CT Rei Pel\u00e9, em Santos.<\/span><\/p>\n<p style=\"text-align: justify;\"><span style=\"font-family: 'times new roman', times, serif; font-size: 14pt;\"><strong>S\u00e1bado<\/strong> (2)<br \/>\n<\/span><span style=\"font-family: 'times new roman', times, serif; font-size: 14pt;\">Treino \u00e0s <strong>8h<\/strong>, no CT Rei Pel\u00e9, em Santos.<\/span><\/p>\n<p style=\"text-align: justify;\"><span style=\"text-decoration: underline;\"><strong><span style=\"font-family: 'times new roman', times, serif; font-size: 14pt;\">Acompanhe como foi o primeiro treino da semana<\/span><\/strong><\/span><\/p>\n<div class=\"jetpack-video-wrapper\"><iframe loading=\"lazy\" title=\"DE OLHO NO TREINO | 28\/03\" width=\"800\" height=\"450\" src=\"https:\/\/www.youtube.com\/embed\/CWzz2lN7Qxk?feature=oembed\" frameborder=\"0\" allow=\"accelerometer; autoplay; clipboard-write; encrypted-media; gyroscope; picture-in-picture\" allowfullscreen><\/iframe><\/div>\n<p style=\"text-align: justify;\"><span style=\"font-family: 'times new roman', times, serif; font-size: 14pt;\">(Cr\u00e9dito: Imagem: Ivan Storti\/Santos FC)<\/span><br \/>\n<span style=\"font-family: 'times new roman', times, serif; font-size: 14pt;\">(Cr\u00e9dito: Imagem: SantosTV\/Divulga\u00e7\u00e3o\/Santos FC)<\/span><\/p>\n","protected":false},"excerpt":{"rendered":"<p>Al\u00f4 Na\u00e7\u00e3o Santista! Sauda\u00e7\u00f5es Alvinegras! \u00a0Eliminado precocemente do Campeonato Paulista de 2022, n\u00e3o passando da fase de classifica\u00e7\u00e3o, o Santos<\/p>\n","protected":false},"author":2,"featured_media":3917,"comment_status":"open","ping_status":"open","sticky":false,"template":"","format":"standard","meta":{"colormag_page_container_layout":"default_layout","colormag_page_sidebar_layout":"default_layout","_jetpack_memberships_contains_paid_content":false,"footnotes":""},"categories":[4,57,10,39,62],"tags":[6],"class_list":["post-3913","post","type-post","status-publish","format-standard","has-post-thumbnail","hentry","category-bastidores-do-santos-fc","category-copa-sul-americana","category-elenco-profissional","category-retorno-aos-treinos","category-trabalhos-de-intertemporada","tag-santos-fc"],"jetpack_featured_media_url":"https:\/\/i0.wp.com\/sergiobertoldi.com\/wp-content\/uploads\/2022\/03\/image.jpg?fit=900%2C450&ssl=1","jetpack_likes_enabled":true,"jetpack_sharing_enabled":true,"_links":{"self":[{"href":"https:\/\/sergiobertoldi.com\/index.php\/wp-json\/wp\/v2\/posts\/3913","targetHints":{"allow":["GET"]}}],"collection":[{"href":"https:\/\/sergiobertoldi.com\/index.php\/wp-json\/wp\/v2\/posts"}],"about":[{"href":"https:\/\/sergiobertoldi.com\/index.php\/wp-json\/wp\/v2\/types\/post"}],"author":[{"embeddable":true,"href":"https:\/\/sergiobertoldi.com\/index.php\/wp-json\/wp\/v2\/users\/2"}],"replies":[{"embeddable":true,"href":"https:\/\/sergiobertoldi.com\/index.php\/wp-json\/wp\/v2\/comments?post=3913"}],"version-history":[{"count":1,"href":"https:\/\/sergiobertoldi.com\/index.php\/wp-json\/wp\/v2\/posts\/3913\/revisions"}],"predecessor-version":[{"id":3915,"href":"https:\/\/sergiobertoldi.com\/index.php\/wp-json\/wp\/v2\/posts\/3913\/revisions\/3915"}],"wp:featuredmedia":[{"embeddable":true,"href":"https:\/\/sergiobertoldi.com\/index.php\/wp-json\/wp\/v2\/media\/3917"}],"wp:attachment":[{"href":"https:\/\/sergiobertoldi.com\/index.php\/wp-json\/wp\/v2\/media?parent=3913"}],"wp:term":[{"taxonomy":"category","embeddable":true,"href":"https:\/\/sergiobertoldi.com\/index.php\/wp-json\/wp\/v2\/categories?post=3913"},{"taxonomy":"post_tag","embeddable":true,"href":"https:\/\/sergiobertoldi.com\/index.php\/wp-json\/wp\/v2\/tags?post=3913"}],"curies":[{"name":"wp","href":"https:\/\/api.w.org\/{rel}","templated":true}]}}