{"id":3906,"date":"2022-03-25T11:00:52","date_gmt":"2022-03-25T14:00:52","guid":{"rendered":"https:\/\/sergiobertoldi.com\/?p=3906"},"modified":"2022-03-28T22:46:18","modified_gmt":"2022-03-29T01:46:18","slug":"santos-conhece-seus-adversarios-na-copa-sul-americana","status":"publish","type":"post","link":"https:\/\/sergiobertoldi.com\/index.php\/2022\/03\/25\/santos-conhece-seus-adversarios-na-copa-sul-americana\/","title":{"rendered":"Santos conhece seus advers\u00e1rios na Copa Sul-Americana"},"content":{"rendered":"<p><span style=\"font-family: helvetica, arial, sans-serif; font-size: 14pt;\"><strong><u>Al\u00f4 Na\u00e7\u00e3o Santista! Sauda\u00e7\u00f5es Alvinegras!\u00a0<\/u><\/strong><\/span><\/p>\n<p style=\"text-align: justify;\"><span style=\"font-family: 'times new roman', times, serif; font-size: 14pt;\">A Conmebol (Confedera\u00e7\u00e3o Sul-Americana de Futebol), realizou nesta sexta-feira, (25), o sorteio da fase de grupos da\u00a0<strong>Copa Sul-Americana<\/strong>.<\/span><\/p>\n<p style=\"text-align: justify;\"><span style=\"font-family: 'times new roman', times, serif; font-size: 14pt;\"><img data-recalc-dims=\"1\" loading=\"lazy\" decoding=\"async\" class=\"aligncenter wp-image-3907\" src=\"https:\/\/i0.wp.com\/sergiobertoldi.com\/wp-content\/uploads\/2022\/03\/fd86d0d2699b56bb17c89bd33543b04c.jpg?resize=600%2C400&#038;ssl=1\" alt=\"\" width=\"600\" height=\"400\" srcset=\"https:\/\/i0.wp.com\/sergiobertoldi.com\/wp-content\/uploads\/2022\/03\/fd86d0d2699b56bb17c89bd33543b04c.jpg?w=768&amp;ssl=1 768w, https:\/\/i0.wp.com\/sergiobertoldi.com\/wp-content\/uploads\/2022\/03\/fd86d0d2699b56bb17c89bd33543b04c.jpg?resize=300%2C200&amp;ssl=1 300w\" sizes=\"auto, (max-width: 600px) 100vw, 600px\" \/><\/span><\/p>\n<p style=\"text-align: justify;\"><span style=\"font-family: 'times new roman', times, serif; font-size: 14pt;\">Cabe\u00e7a de chave do Grupo C, o Santos conheceu seus advers\u00e1rios e ir\u00e1 enfrentar tr\u00eas equipes as quais nunca enfrentou em uma competi\u00e7\u00e3o Sul-americana: \u00a0<strong>Banfield (ARG)<\/strong>, <strong>Uni\u00f3n La Calera (CHI)<\/strong> e <strong>Universidad Cat\u00f3lica (EQU)<\/strong>.<\/span><\/p>\n<p><img data-recalc-dims=\"1\" loading=\"lazy\" decoding=\"async\" class=\"aligncenter wp-image-3908 size-full\" src=\"https:\/\/i0.wp.com\/sergiobertoldi.com\/wp-content\/uploads\/2022\/03\/sul-americana-grupo-c-25032022150506425.jpeg?resize=442%2C241&#038;ssl=1\" alt=\"\" width=\"442\" height=\"241\" srcset=\"https:\/\/i0.wp.com\/sergiobertoldi.com\/wp-content\/uploads\/2022\/03\/sul-americana-grupo-c-25032022150506425.jpeg?w=442&amp;ssl=1 442w, https:\/\/i0.wp.com\/sergiobertoldi.com\/wp-content\/uploads\/2022\/03\/sul-americana-grupo-c-25032022150506425.jpeg?resize=300%2C164&amp;ssl=1 300w\" sizes=\"auto, (max-width: 442px) 100vw, 442px\" \/><\/p>\n<p style=\"text-align: justify;\"><span style=\"font-family: 'times new roman', times, serif; font-size: 14pt;\">A fase de grupos da Sul-Americana ocorrer\u00e1 em seis rodadas entre abril e maio.<br \/>\nNesta fase da competi\u00e7\u00e3o, todas as equipes do mesmo grupo se enfrentam entre si em jogos de ida e volta.<\/span><br \/>\n<span style=\"font-family: 'times new roman', times, serif; font-size: 14pt;\">Ao final da sexta rodada, apenas o time que terminar na primeira coloca\u00e7\u00e3o avan\u00e7ar\u00e1 para as oitavas de final, enquanto os outros tr\u00eas ser\u00e3o eliminados. Os terceiros colocados de cada grupo da Libertadores, desclassificados da competi\u00e7\u00e3o, entram automaticamente na Copa Sul-Americana para completarem a etapa.<\/span><\/p>\n<p><img data-recalc-dims=\"1\" loading=\"lazy\" decoding=\"async\" class=\"aligncenter wp-image-3909 size-full\" src=\"https:\/\/i0.wp.com\/sergiobertoldi.com\/wp-content\/uploads\/2022\/03\/Fase-de-Grupos-da-Sulamericana.png?resize=551%2C366&#038;ssl=1\" alt=\"\" width=\"551\" height=\"366\" srcset=\"https:\/\/i0.wp.com\/sergiobertoldi.com\/wp-content\/uploads\/2022\/03\/Fase-de-Grupos-da-Sulamericana.png?w=551&amp;ssl=1 551w, https:\/\/i0.wp.com\/sergiobertoldi.com\/wp-content\/uploads\/2022\/03\/Fase-de-Grupos-da-Sulamericana.png?resize=300%2C199&amp;ssl=1 300w\" sizes=\"auto, (max-width: 551px) 100vw, 551px\" \/><\/p>\n<p style=\"text-align: justify;\"><span style=\"font-family: 'times new roman', times, serif; font-size: 14pt;\">O Santos teve sua trajet\u00f3ria inicial na competi\u00e7\u00e3o, definida por sorteio feito no Pote 1, que ainda tinha as equipes do <strong>Independiente\/ARG<\/strong>, <strong>S\u00e3o Paulo<\/strong>, <strong>Internacional<\/strong>, <strong>Racing\/ARG<\/strong>, <strong>LDU\/EQU<\/strong>, <strong>Lanuz\/ARG<\/strong> e <strong>Junior Barranquilla<\/strong>.<br \/>\n<\/span><span style=\"font-family: 'times new roman', times, serif; font-size: 14pt;\">O Santos que est\u00e1 no Grupo C, busca o t\u00edtulo que ainda n\u00e3o possu\u00ed, al\u00e9m do atrativo extra que \u00e9 a premia\u00e7\u00e3o da competi\u00e7\u00e3o, que garante a bagatela de <strong>US$ 15,1 milh\u00f5es<\/strong> (cerca de <strong>R$ 86 milh\u00f5es<\/strong> na cota\u00e7\u00e3o atual).\u00a0<\/span><\/p>\n<p style=\"text-align: justify;\"><span style=\"font-family: 'times new roman', times, serif; font-size: 14pt;\">A competi\u00e7\u00e3o contar\u00e1 com <strong>32<\/strong> equipes, sendo <strong>4<\/strong> que vir\u00e3o eliminados na terceira fase da Libertadores, com <strong>6<\/strong> brasileiros, <strong>6<\/strong> argentinos, al\u00e9m de mais <strong>16<\/strong> clubes dos outros pa\u00edses sul-americanos, que se classificaram nas fases anteriores. As equipes ser\u00e3o divididas em oito grupos com quatro times cada.<\/span><br \/>\n<span style=\"font-family: 'times new roman', times, serif; font-size: 14pt;\">\u00a0Os jogos ser\u00e3o nos dias <strong>06<\/strong>, <strong>13<\/strong> e <strong>24<\/strong> de <strong>abril<\/strong> e <strong>4<\/strong>, <strong>18<\/strong> e <strong>25<\/strong> de <strong>maio<\/strong>, a fase de grupos. A competi\u00e7\u00e3o Ter\u00e1 o jogo final no dia <strong>1\u00ba<\/strong> de <strong>outubro<\/strong>.<\/span><\/p>\n","protected":false},"excerpt":{"rendered":"<p>Al\u00f4 Na\u00e7\u00e3o Santista! Sauda\u00e7\u00f5es Alvinegras!\u00a0 A Conmebol (Confedera\u00e7\u00e3o Sul-Americana de Futebol), realizou nesta sexta-feira, (25), o sorteio da fase de<\/p>\n","protected":false},"author":2,"featured_media":3910,"comment_status":"open","ping_status":"open","sticky":false,"template":"","format":"standard","meta":{"colormag_page_container_layout":"default_layout","colormag_page_sidebar_layout":"default_layout","_jetpack_memberships_contains_paid_content":false,"footnotes":""},"categories":[56,57,10],"tags":[6],"class_list":["post-3906","post","type-post","status-publish","format-standard","has-post-thumbnail","hentry","category-conheca-o-adversario","category-copa-sul-americana","category-elenco-profissional","tag-santos-fc"],"jetpack_featured_media_url":"https:\/\/i0.wp.com\/sergiobertoldi.com\/wp-content\/uploads\/2022\/03\/microsoftteams-image_22_1_0.jpg?fit=750%2C484&ssl=1","jetpack_likes_enabled":true,"jetpack_sharing_enabled":true,"_links":{"self":[{"href":"https:\/\/sergiobertoldi.com\/index.php\/wp-json\/wp\/v2\/posts\/3906","targetHints":{"allow":["GET"]}}],"collection":[{"href":"https:\/\/sergiobertoldi.com\/index.php\/wp-json\/wp\/v2\/posts"}],"about":[{"href":"https:\/\/sergiobertoldi.com\/index.php\/wp-json\/wp\/v2\/types\/post"}],"author":[{"embeddable":true,"href":"https:\/\/sergiobertoldi.com\/index.php\/wp-json\/wp\/v2\/users\/2"}],"replies":[{"embeddable":true,"href":"https:\/\/sergiobertoldi.com\/index.php\/wp-json\/wp\/v2\/comments?post=3906"}],"version-history":[{"count":2,"href":"https:\/\/sergiobertoldi.com\/index.php\/wp-json\/wp\/v2\/posts\/3906\/revisions"}],"predecessor-version":[{"id":3912,"href":"https:\/\/sergiobertoldi.com\/index.php\/wp-json\/wp\/v2\/posts\/3906\/revisions\/3912"}],"wp:featuredmedia":[{"embeddable":true,"href":"https:\/\/sergiobertoldi.com\/index.php\/wp-json\/wp\/v2\/media\/3910"}],"wp:attachment":[{"href":"https:\/\/sergiobertoldi.com\/index.php\/wp-json\/wp\/v2\/media?parent=3906"}],"wp:term":[{"taxonomy":"category","embeddable":true,"href":"https:\/\/sergiobertoldi.com\/index.php\/wp-json\/wp\/v2\/categories?post=3906"},{"taxonomy":"post_tag","embeddable":true,"href":"https:\/\/sergiobertoldi.com\/index.php\/wp-json\/wp\/v2\/tags?post=3906"}],"curies":[{"name":"wp","href":"https:\/\/api.w.org\/{rel}","templated":true}]}}