{"id":3896,"date":"2022-03-08T13:32:57","date_gmt":"2022-03-08T16:32:57","guid":{"rendered":"https:\/\/sergiobertoldi.com\/?p=3896"},"modified":"2022-03-26T23:31:17","modified_gmt":"2022-03-27T02:31:17","slug":"ex-cruzeiro-zagueiro-maicon-e-anunciado-no-peixe","status":"publish","type":"post","link":"https:\/\/sergiobertoldi.com\/index.php\/2022\/03\/08\/ex-cruzeiro-zagueiro-maicon-e-anunciado-no-peixe\/","title":{"rendered":"Ex-Cruzeiro Zagueiro Maicon \u00e9 anunciado no Peixe"},"content":{"rendered":"<p><span style=\"font-family: helvetica, arial, sans-serif; font-size: 14pt;\"><strong>Al\u00f4 Na\u00e7\u00e3o Santista! Sauda\u00e7\u00f5es Alvinegras!<\/strong><\/span><\/p>\n<p style=\"text-align: justify;\"><span style=\"font-family: 'times new roman', times, serif; font-size: 14pt;\">O Santos anunciou nesta ter\u00e7a-feira, 08\/03\/2022 \u00a0a contrata\u00e7\u00e3o do zagueiro Maicon, pelo per\u00edodo de duas temporadas!<\/span><br \/>\n<span style=\"font-family: 'times new roman', times, serif; font-size: 14pt;\">O atleta de 33 anos, (nome de experi\u00eancia que o clube buscava para o elenco), estava no Cruzeiro de onde se desligou oficialmente, ao assinar sua rescis\u00e3o de contrato ainda pela manh\u00e3.<\/span><\/p>\n<p style=\"text-align: justify;\"><span style=\"font-family: 'times new roman', times, serif; font-size: 14pt;\">O jogador havia realizado exames m\u00e9dicos no Peixe na \u00faltima segunda-feira.<br \/>\n<\/span><span style=\"font-family: 'times new roman', times, serif; font-size: 14pt;\">Maicon j\u00e1 havia firmado um acordo com o Santos ha v\u00e1rios dias, mas faltava ainda formalizar sua sa\u00edda do Cruzeiro.<br \/>\n<\/span><span style=\"font-family: 'times new roman', times, serif; font-size: 14pt;\">O acerto com o Alvinegro de Vila Belmiro, realiza um sonho antigo do pai do jogador, seo <strong>Maurides<\/strong>, que \u00e9 torcedor do Santos!<\/span><\/p>\n<p style=\"text-align: justify;\"><img data-recalc-dims=\"1\" loading=\"lazy\" decoding=\"async\" class=\"aligncenter wp-image-3897\" src=\"https:\/\/i0.wp.com\/sergiobertoldi.com\/wp-content\/uploads\/2022\/03\/santos-maicon.jpg?resize=650%2C434&#038;ssl=1\" alt=\"\" width=\"650\" height=\"434\" srcset=\"https:\/\/i0.wp.com\/sergiobertoldi.com\/wp-content\/uploads\/2022\/03\/santos-maicon.jpg?resize=1024%2C684&amp;ssl=1 1024w, https:\/\/i0.wp.com\/sergiobertoldi.com\/wp-content\/uploads\/2022\/03\/santos-maicon.jpg?resize=300%2C201&amp;ssl=1 300w, https:\/\/i0.wp.com\/sergiobertoldi.com\/wp-content\/uploads\/2022\/03\/santos-maicon.jpg?resize=768%2C513&amp;ssl=1 768w, https:\/\/i0.wp.com\/sergiobertoldi.com\/wp-content\/uploads\/2022\/03\/santos-maicon.jpg?w=1200&amp;ssl=1 1200w\" sizes=\"auto, (max-width: 650px) 100vw, 650px\" \/><\/p>\n<p>&nbsp;<\/p>\n<blockquote>\n<p style=\"text-align: justify;\"><span style=\"font-family: 'times new roman', times, serif; font-size: 14pt;\">\u201cEmo\u00e7\u00e3o muito grande. N\u00e3o consigo nem descrever o que estou sentindo agora. Estou realizando o sonho do meu pai. \u00c9 um time que eu cresci vendo jogar. A gente esperou tanto por esse momento\u201d.<\/span><\/p>\n<\/blockquote>\n<p style=\"text-align: justify;\"><span style=\"font-family: 'times new roman', times, serif; font-size: 14pt;\"><br \/>\n<\/span><span style=\"font-family: 'times new roman', times, serif; font-size: 14pt;\">Desde pequeno meu pai sempre falava que o sonho dele era ver um dos filhos jogando no Santos, vestindo a camisa do time do cora\u00e7\u00e3o.<\/span><br \/>\n<span style=\"font-family: 'times new roman', times, serif; font-size: 14pt;\">E n\u00e3o tem orgulho maior do que poder realizar esse sonho, declarou o jogador.<\/span><\/p>\n<p style=\"text-align: justify;\"><span style=\"font-family: 'times new roman', times, serif; font-size: 14pt;\">Quinto refor\u00e7o do Santos para a temporada, Maicon se junta aos novos colegas, o meia Bruno Oliveira, o zagueiro Eduardo Bauermann, o meia-atacante Ricardo Goulart e o lateral-direito Auro, que tamb\u00e9m chegaram contratados pela Diretoria, na expectativa de qualificar e refor\u00e7ar o elenco Santista.<br \/>\n<\/span><span style=\"font-family: 'times new roman', times, serif; font-size: 14pt;\">O aval do t\u00e9cnico F\u00e1bin Bustos, foi fundamental para que a negocia\u00e7\u00e3o fosse aprovada.<br \/>\nEm seguida, o Comit\u00ea de Gest\u00e3o do clube tamb\u00e9m aprovou a chegada do zagueiro.<\/span><\/p>\n<p style=\"text-align: justify;\"><span style=\"font-family: 'times new roman', times, serif; font-size: 14pt;\">Vale lembrar que a chegada do novo defensor da zaga Peixeira, j\u00e1 havia sido um pedido do ex treinador F\u00e1bio Carille, demitido em 18 de Fevereiro.<br \/>\n<\/span><span style=\"font-family: 'times new roman', times, serif; font-size: 14pt;\">A vinda do Zagueiro, \u00e9 vista pela c\u00fapula Santista como uma contrata\u00e7\u00e3o importante pela quest\u00e3o t\u00e9cnica e tamb\u00e9m pela lideran\u00e7a que o atleta costuma exercer pelos clubes em que atuou, motivo pelo qual tamb\u00e9m recebeu elogios de Fabi\u00e1n Bustos.<\/span><\/p>\n<p style=\"text-align: justify;\"><span style=\"font-family: 'times new roman', times, serif; font-size: 14pt;\">Maicon iniciou a carreira no pr\u00f3prio Cruzeiro. Em seguida, passou por Cabofriense e Nacional.<\/span><br \/>\n<span style=\"font-family: 'times new roman', times, serif; font-size: 14pt;\">Depois, passou por Portugal, primeiro no Nacional da Ilha da Madeira, depois no Porto, at\u00e9 ser negociado com o S\u00e3o Paulo. Em 2017, voltou \u00e0 Europa para defender o Galatasaray da Turquia, de onde rumou para o Al-Nassr, da Ar\u00e1bia Saudita, seu \u00faltimo destino antes do retorno ao Cruzeiro de Minas Gerais.<br \/>\n<\/span><span style=\"font-family: 'times new roman', times, serif; font-size: 14pt;\">Antes de assinar com o Santos, Maicon atuou pelo Cruzeiro em tr\u00eas partidas do Campeonato Mineiro. Por\u00e9m, com a situa\u00e7\u00e3o contratual indefinida, passou somente a treinar e deixou de ser relacionado para as partidas. Desfalcou o clube nos jogos contra Tombense, Uberl\u00e2ndia e Villa Nova e Atl\u00e9tico-MG, pelo estadual, al\u00e9m do confronto contra o Sergipe, pela Copa do Brasil.<\/span><\/p>\n<p style=\"text-align: justify;\"><span style=\"font-family: 'times new roman', times, serif; font-size: 14pt;\">O Superintendente de Futebol do Santos, Edu Dracena, continua no mercado em busca de mais contrata\u00e7\u00f5es para a sequ\u00eancia da temporada. <\/span><br \/>\n<span style=\"font-family: 'times new roman', times, serif; font-size: 14pt;\">O departamento de futebol do clube, entende que a chegada de jogadores experientes, como Maicon, podem ser importante para o crescimento do elenco que ainda vai disputar o Brasileir\u00e3o, Copa do Brasil, e Sul-Americana.<\/span><\/p>\n<p><span style=\"font-family: 'times new roman', times, serif; font-size: 14pt;\">Acompanhe agora como foi a chegada o novo Sheriff da Zaga Santista<\/span><\/p>\n<div class=\"jetpack-video-wrapper\"><iframe loading=\"lazy\" title=\"PARA ALEGRIA DE SR. MAURIDES, O MAICON \u00c9 DO PEIX\u00c3O! \ud83e\udd0d\ud83d\udda4\" width=\"800\" height=\"450\" src=\"https:\/\/www.youtube.com\/embed\/Q20bocPIXPg?feature=oembed\" frameborder=\"0\" allow=\"accelerometer; autoplay; clipboard-write; encrypted-media; gyroscope; picture-in-picture\" allowfullscreen><\/iframe><\/div>\n<p><span style=\"font-family: 'times new roman', times, serif; font-size: 14pt;\">(Cr\u00e9dito: Imagem: Ivan Storti\/Santos FC)<br \/>\n<\/span><span style=\"font-family: 'times new roman', times, serif; font-size: 14pt;\">(Cr\u00e9dito: Imagem: SantosTV\/Divulga\u00e7\u00e3o\/Santos FC)<\/span><\/p>\n","protected":false},"excerpt":{"rendered":"<p>Al\u00f4 Na\u00e7\u00e3o Santista! Sauda\u00e7\u00f5es Alvinegras! O Santos anunciou nesta ter\u00e7a-feira, 08\/03\/2022 \u00a0a contrata\u00e7\u00e3o do zagueiro Maicon, pelo per\u00edodo de duas<\/p>\n","protected":false},"author":2,"featured_media":3900,"comment_status":"open","ping_status":"open","sticky":false,"template":"","format":"standard","meta":{"colormag_page_container_layout":"default_layout","colormag_page_sidebar_layout":"default_layout","_jetpack_memberships_contains_paid_content":false,"footnotes":""},"categories":[4,30,10],"tags":[6],"class_list":["post-3896","post","type-post","status-publish","format-standard","has-post-thumbnail","hentry","category-bastidores-do-santos-fc","category-contratacoes","category-elenco-profissional","tag-santos-fc"],"jetpack_featured_media_url":"https:\/\/i0.wp.com\/sergiobertoldi.com\/wp-content\/uploads\/2022\/03\/maicon-e-o-quinto-reforco-do-santos-para-temporada-2022-1646758012572_v2_450x337.jpg?fit=450%2C337&ssl=1","jetpack_likes_enabled":true,"jetpack_sharing_enabled":true,"_links":{"self":[{"href":"https:\/\/sergiobertoldi.com\/index.php\/wp-json\/wp\/v2\/posts\/3896","targetHints":{"allow":["GET"]}}],"collection":[{"href":"https:\/\/sergiobertoldi.com\/index.php\/wp-json\/wp\/v2\/posts"}],"about":[{"href":"https:\/\/sergiobertoldi.com\/index.php\/wp-json\/wp\/v2\/types\/post"}],"author":[{"embeddable":true,"href":"https:\/\/sergiobertoldi.com\/index.php\/wp-json\/wp\/v2\/users\/2"}],"replies":[{"embeddable":true,"href":"https:\/\/sergiobertoldi.com\/index.php\/wp-json\/wp\/v2\/comments?post=3896"}],"version-history":[{"count":2,"href":"https:\/\/sergiobertoldi.com\/index.php\/wp-json\/wp\/v2\/posts\/3896\/revisions"}],"predecessor-version":[{"id":3901,"href":"https:\/\/sergiobertoldi.com\/index.php\/wp-json\/wp\/v2\/posts\/3896\/revisions\/3901"}],"wp:featuredmedia":[{"embeddable":true,"href":"https:\/\/sergiobertoldi.com\/index.php\/wp-json\/wp\/v2\/media\/3900"}],"wp:attachment":[{"href":"https:\/\/sergiobertoldi.com\/index.php\/wp-json\/wp\/v2\/media?parent=3896"}],"wp:term":[{"taxonomy":"category","embeddable":true,"href":"https:\/\/sergiobertoldi.com\/index.php\/wp-json\/wp\/v2\/categories?post=3896"},{"taxonomy":"post_tag","embeddable":true,"href":"https:\/\/sergiobertoldi.com\/index.php\/wp-json\/wp\/v2\/tags?post=3896"}],"curies":[{"name":"wp","href":"https:\/\/api.w.org\/{rel}","templated":true}]}}