{"id":3778,"date":"2021-09-08T01:57:41","date_gmt":"2021-09-08T04:57:41","guid":{"rendered":"https:\/\/sergiobertoldi.com\/?p=3778"},"modified":"2021-09-08T01:59:06","modified_gmt":"2021-09-08T04:59:06","slug":"marinho-revela-em-live-sua-magoa-com-a-diretoria-do-santos-e-torcedores","status":"publish","type":"post","link":"https:\/\/sergiobertoldi.com\/index.php\/2021\/09\/08\/marinho-revela-em-live-sua-magoa-com-a-diretoria-do-santos-e-torcedores\/","title":{"rendered":"Marinho revela em live sua m\u00e1goa com a Diretoria do Santos e torcedores!"},"content":{"rendered":"<p><span style=\"font-family: helvetica, arial, sans-serif; font-size: 14pt;\"><strong><u>Al\u00f4 Na\u00e7\u00e3o Santista! Sauda\u00e7\u00f5es Alvinegras!<\/u><\/strong><\/span><\/p>\n<p style=\"text-align: justify;\"><span style=\"font-family: 'times new roman', times, serif; font-size: 14pt;\">O Jornalista e Radialista Ademir Quintino se preparava para realizava uma live em sua p\u00e1gina no Instagram, quando logo no in\u00edcio foi surpreendido com uma entrada ao vivo do Jogador Marinho do Santos Futebol Clube!<\/span><br \/>\n<span style=\"font-family: 'times new roman', times, serif; font-size: 14pt;\">Sem que houvesse nada pr\u00e9 combinado, pr\u00e9s estabelecido, o jogador do Santos fez um desabafo muito sincero, sofre sua situa\u00e7\u00e3o no pr\u00f3prio clube, e algo pelo qual vem passando h\u00e1 mais de um m\u00eas, per\u00edodo em que est\u00e1 afastado dos gramados!<\/span><br \/>\n<span style=\"font-family: 'times new roman', times, serif; font-size: 14pt;\">Antes de mais nada, vamos recordar um pouco do caso ocorrido com o jogador!<\/span><br \/>\n<span style=\"font-family: 'times new roman', times, serif; font-size: 14pt;\">Marinho vinha se queixando de dores no m\u00fasculo reto femoral, na coxa, j\u00e1 havia algum tempo, e vinha jogando no sacrif\u00edcio a base de infiltra\u00e7\u00f5es, at\u00e9 que n\u00e3o deu mais e no final do m\u00eas de Julho, na semana que antecedeu a partida contra a Chapecoense em Chapec\u00f3, o jogador foi afastado pelo Departamento M\u00e9dico do clube!<\/span><\/p>\n<p style=\"text-align: justify;\"><span style=\"font-family: 'times new roman', times, serif; font-size: 14pt;\">Come\u00e7ava ali o calv\u00e1rio do jogador, Isso porque o tratamento feito pelo departamento m\u00e9dico do Santos, para acabar com as dores na coxa esquerda do atacante, procedimento realizado no CT Rei Pel\u00e9 enquanto a delega\u00e7\u00e3o se encontrava em Chapec\u00f3 e posteriormente em Juazeiro para compromissos pelo Campeonato Brasileiro e Copa do Brasil, ocasionou um hematoma muscular interno, na coxa do jogador, provocando um per\u00edodo ainda maior afastado dos jogos, visto que Marinho sentia uma dor intensa que limitava seus movimentos, at\u00e9 para um simples caminhar!<\/span><\/p>\n<p style=\"text-align: justify;\"><span style=\"font-family: 'times new roman', times, serif; font-size: 14pt;\">Na ocasi\u00e3o, o caso acabou gerando um desgaste e um mal-estar interno no Santos, com o t\u00e9cnico Fernando Diniz ficando bastante incomodado com o que considerou, um erro dos m\u00e9dicos respons\u00e1veis pelo tratamento adotado, o que acabou tirando seu principal jogador, de a\u00e7\u00e3o.<\/span><br \/>\n<span style=\"font-family: 'times new roman', times, serif; font-size: 14pt;\">E n\u00e3o foi s\u00f3 com o treinador Santista que o mal-estar foi criado n\u00e3o!<\/span><br \/>\n<span style=\"font-family: 'times new roman', times, serif; font-size: 14pt;\">Consta que os membros do Comit\u00ea Gestor, ficaram bastante incomodados, bastante irritados por somente atrav\u00e9s da imprensa, tomarem conhecimento dos fatos ocorridos!<\/span><\/p>\n<p style=\"text-align: justify;\"><span style=\"font-family: 'times new roman', times, serif; font-size: 14pt;\">Por\u00e9m somente hoje durante a live realizada pelo companheiro Ademir Quintino, foi que o jogador Marinho revelou um fato bastante grave, o que o pr\u00f3prio jogador denunciou como sendo um \u201cErro M\u00e9dico\u201d : Ap\u00f3s o erro em seu tratamento, o jogador precisou no dia 11 de Agosto, ser submetido a uma interven\u00e7\u00e3o cir\u00fargica, algo que o clube omitiu, com certeza para evitar mais bombardeio pois sabiam que algu\u00e9m havia feito \u201cCaca\u201d, tanto \u00e9 verdade que esse algu\u00e9m, foi demitido!<\/span><\/p>\n<p style=\"text-align: justify;\"><span style=\"font-family: 'times new roman', times, serif; font-size: 14pt;\">O detalhe \u00e9 que sem o conhecimento da realidade dos fatos, parte da torcida do Santos, passou tecer fortes cr\u00edticas ao jogador, inclusive atrav\u00e9s das redes sociais, acusando o jogador de ser Chinelinho, (Jogador que simula contus\u00f5es e vive no DM), de fazer corpo mole, de jogador que desaparece em momentos cruciais do clube, xingando o jogador de vagabundo, mercen\u00e1rio e outras coisas mais!<\/span><br \/>\n<span style=\"font-family: 'times new roman', times, serif; font-size: 14pt;\">O jogador que sempre foi profissional ao extremo, entrando em campo muitas vezes sem estar em condi\u00e7\u00f5es ideais, se auto sacrificando em prol de ajudar o clube ao qual passou a ser torcedor, se sentiu exposto, injusti\u00e7ado, sem prote\u00e7\u00e3o e respaldo do clube, e magoado com v\u00e1rias situa\u00e7\u00f5es as quais vinha at\u00e9 ent\u00e3o enfrentando calado, hoje desabafou colocando v\u00e1rias situa\u00e7\u00f5es que o torcedor nem imagina!<\/span><\/p>\n<p style=\"text-align: justify;\"><span style=\"font-family: 'times new roman', times, serif; font-size: 14pt;\">Outra situa\u00e7\u00e3o levantada pelo jogador, se refere ao fato de n\u00e3o ter tido por parte da Diretoria do Santos, uma valoriza\u00e7\u00e3o ou ao menos que lhe oferecessem um plano de carreira, visto que dos principais jogadores do elenco vice-campe\u00e3o da libertadores, <strong>Soteldo<\/strong>, <strong>Luan Peres<\/strong>, <strong>Lucas Ver\u00edssimo<\/strong>, <strong>Alison<\/strong>, <strong>Pituca<\/strong> e <strong>Kaio Jorge, <\/strong>todos sa\u00edram e ele ficou mesmo tendo tido propostas financeiramente bem melhores, al\u00e9m do desejo de conseguir ao menos um t\u00edtulo com a camisa do Santos!<\/span><br \/>\n<span style=\"font-family: 'times new roman', times, serif; font-size: 14pt;\">Falei para o presidente que depois do Campeonato Brasileiro de (2020) eu gostaria de almejar coisas novas para a minha vida deixando a porta aberta.<\/span><br \/>\n<span style=\"font-family: 'times new roman', times, serif; font-size: 14pt;\">Algumas situa\u00e7\u00f5es estiveram perto de acontecer (Palmeiras e Atl\u00e9tico-MG), mas o presidente recusou todas as propostas. Falei para o presidente que eu estava feliz em ficar, mas tenho 31 anos e se surgir algo que for bom para o Santos e para mim&#8230; \u00a0O que sei \u00e9 que hoje eu n\u00e3o posso falar que vou aposentar no Santos, por\u00e9m poder estar certos que vou me dedicar at\u00e9 o \u00faltimo dia.<\/span><\/p>\n<p style=\"text-align: justify;\"><span style=\"font-family: 'times new roman', times, serif; font-size: 14pt;\">Cheguei pela porta da frente, na primeira divis\u00e3o, e vou sair com o Santos na primeira divis\u00e3o. Estou fechado at\u00e9 o fim do campeonato.<\/span><br \/>\n<span style=\"font-family: 'times new roman', times, serif; font-size: 14pt;\">Perguntado pelo jornalista Ademir Quintino, se teria condi\u00e7\u00f5es de retornar na partida de S\u00e1bado contra o Bahia pelo returno do Brasileir\u00e3o, Marinho respondeu que havia retornado aos trabalhos e a treinar com o grupo nesta ter\u00e7a feira, (7), fazendo alguns trabalhos leves pois ainda tem um ponto que n\u00e3o fechou. E j\u00e1 adiantou que n\u00e3o tem condi\u00e7\u00f5es de jogar 90 minutos (contra o Bahia).<\/span><br \/>\n<span style=\"font-family: 'times new roman', times, serif; font-size: 14pt;\">Daqui a pouco vou estar de boa\u201d, completou.<\/span><\/p>\n<p style=\"text-align: justify;\"><span style=\"font-family: 'times new roman', times, serif; font-size: 14pt;\"><strong><u>Pitacos do Bertoldi<\/u><\/strong><strong><u>\u00a0<\/u><\/strong><\/span><\/p>\n<p style=\"text-align: justify;\"><span style=\"font-family: 'times new roman', times, serif; font-size: 14pt;\">Assisti a live com o Marinho, e vou comentar aqui duas coisas bem distintas uma da outra.<\/span><\/p>\n<p style=\"text-align: justify;\"><span style=\"font-family: 'times new roman', times, serif; font-size: 14pt;\">Primeira delas: Quem acompanha o meu trabalho, e l\u00ea as minhas mat\u00e9rias, sabe muito bem que eu teci severas cr\u00edticas em rela\u00e7\u00e3o ao caso do Marinho, e na ocasi\u00e3o bati com for\u00e7a na (Tese de erro M\u00e9dico), inclusive mencionei o erro tamb\u00e9m com o Goleiro John e etc<\/span><br \/>\n<span style=\"font-family: 'times new roman', times, serif; font-size: 14pt;\">Dito isso, agora vou comentar sobre o desabafo do jogador, focando o aspecto do mesmo \u00a0estar chateado com tudo o que l\u00ea e ouve da torcida.<\/span><br \/>\n<span style=\"font-family: 'times new roman', times, serif; font-size: 14pt;\">Antes de mais nada, que deixar bem claro que entendo e respeito o sentimento dele, compreendo que ele esteja chateado, mas eu tamb\u00e9m n\u00e3o posso deixar de fazer uma observa\u00e7\u00e3o:<\/span><\/p>\n<ol style=\"text-align: justify;\">\n<li><span style=\"font-family: 'times new roman', times, serif; font-size: 14pt;\">Isso \u00e9 novo no futebol?<\/span><\/li>\n<li><span style=\"font-family: 'times new roman', times, serif; font-size: 14pt;\">Isso \u00e9 recente no futebol?<\/span><\/li>\n<li><span style=\"font-family: 'times new roman', times, serif; font-size: 14pt;\">Antigamente jogador nenhum era xingado, criticado, at\u00e9 mesmo injusti\u00e7ado pela torcida?<\/span><\/li>\n<li><span style=\"font-family: 'times new roman', times, serif; font-size: 14pt;\">Ser\u00e1 que isso nunca existiu?<\/span><\/li>\n<li><span style=\"font-family: 'times new roman', times, serif; font-size: 14pt;\">Ou ser\u00e1 que hoje, jogador fica procurando em tudo o que \u00e9 lugar, o que falam sobre ele?<\/span><\/li>\n<\/ol>\n<p style=\"text-align: justify;\"><span style=\"font-family: 'times new roman', times, serif; font-size: 14pt;\">Antigamente, jogador era xingado na hora do jogo pela torcida nos alambrados, acabava o jogo e a coisa terminava por ali.<\/span><br \/>\n<span style=\"font-family: 'times new roman', times, serif; font-size: 14pt;\">No m\u00e1ximo pegavam um jornal esportivo, que na minha \u00e9poca de moleque era a &#8220;<strong>Gazeta Esportiva<\/strong>&#8220;, e davam uma olhada no que os comentaristas esportivos comentavam da atua\u00e7\u00e3o de um ou de outro!<\/span><br \/>\n<span style=\"font-family: 'times new roman', times, serif; font-size: 14pt;\">Hoje com essas Redes Sociais, passam o dia postando fotos, fazendo lives, lendo tudo o que os torcedores comentam, chegando at\u00e9 a trocarem bate boca com torcedores.<\/span><\/p>\n<p style=\"text-align: justify;\"><span style=\"font-family: 'times new roman', times, serif; font-size: 14pt;\">Me desculpe quem pensa o contr\u00e1rio, mas essa intera\u00e7\u00e3o &#8220;<strong>Torcida\/Jogador<\/strong>&#8221; s\u00f3 acontece porque os pr\u00f3prios jogadores foram quem come\u00e7aram a permitir isso!<\/span><br \/>\n<span style=\"font-family: 'times new roman', times, serif; font-size: 14pt;\">Essa exposi\u00e7\u00e3o absurda e demasiada, \u00e9 culpa de quem? Da minha m\u00e3e?<\/span><br \/>\n<span style=\"font-family: 'times new roman', times, serif; font-size: 14pt;\">Quem manda ficar procurando tudo que falam, tudo que comentam?<\/span><br \/>\n<span style=\"font-family: 'times new roman', times, serif; font-size: 14pt;\">Torcedor \u00e9 isso mesmo! Um minuto o jogador \u00e9 <strong>BESTIAL<\/strong> e no minuto seguinte vira uma <strong>BESTA<\/strong>!<\/span><br \/>\n<span style=\"font-family: 'times new roman', times, serif; font-size: 14pt;\">Dito isso, no tocante a todo o restante, o desabafo do jogador \u00e9 v\u00e1lido e tem todo o meu respeito!<\/span><\/p>\n<p style=\"text-align: justify;\"><span style=\"font-family: 'times new roman', times, serif; font-size: 14pt;\">E para finalizar, pergunto aos torcedores que est\u00e3o criticando a atitude do Marinho, se acham bom serem criticados, julgados e sentenciados, por algo que as pessoas n\u00e3o sabem da missa a metade?<\/span><br \/>\n<span style=\"font-family: 'times new roman', times, serif; font-size: 14pt;\">Tentem se colocar s\u00f3 um pouquinho no lugar do jogador, e experimentem passar por algo calados, com as pessoas falando abobrinhas sem saber da verdade, e vejam se \u00e9 legal<\/span><\/p>\n","protected":false},"excerpt":{"rendered":"<p>Al\u00f4 Na\u00e7\u00e3o Santista! Sauda\u00e7\u00f5es Alvinegras! O Jornalista e Radialista Ademir Quintino se preparava para realizava uma live em sua p\u00e1gina<\/p>\n","protected":false},"author":2,"featured_media":3779,"comment_status":"open","ping_status":"open","sticky":false,"template":"","format":"standard","meta":{"colormag_page_container_layout":"default_layout","colormag_page_sidebar_layout":"default_layout","_jetpack_memberships_contains_paid_content":false,"footnotes":""},"categories":[12,4,10,59],"tags":[6],"class_list":["post-3778","post","type-post","status-publish","format-standard","has-post-thumbnail","hentry","category-analise-e-comentario","category-bastidores-do-santos-fc","category-elenco-profissional","category-pitacos-do-bertoldi","tag-santos-fc"],"jetpack_featured_media_url":"https:\/\/i0.wp.com\/sergiobertoldi.com\/wp-content\/uploads\/2021\/09\/Marinho.jpg?fit=1008%2C672&ssl=1","jetpack_likes_enabled":true,"jetpack_sharing_enabled":true,"_links":{"self":[{"href":"https:\/\/sergiobertoldi.com\/index.php\/wp-json\/wp\/v2\/posts\/3778","targetHints":{"allow":["GET"]}}],"collection":[{"href":"https:\/\/sergiobertoldi.com\/index.php\/wp-json\/wp\/v2\/posts"}],"about":[{"href":"https:\/\/sergiobertoldi.com\/index.php\/wp-json\/wp\/v2\/types\/post"}],"author":[{"embeddable":true,"href":"https:\/\/sergiobertoldi.com\/index.php\/wp-json\/wp\/v2\/users\/2"}],"replies":[{"embeddable":true,"href":"https:\/\/sergiobertoldi.com\/index.php\/wp-json\/wp\/v2\/comments?post=3778"}],"version-history":[{"count":3,"href":"https:\/\/sergiobertoldi.com\/index.php\/wp-json\/wp\/v2\/posts\/3778\/revisions"}],"predecessor-version":[{"id":3782,"href":"https:\/\/sergiobertoldi.com\/index.php\/wp-json\/wp\/v2\/posts\/3778\/revisions\/3782"}],"wp:featuredmedia":[{"embeddable":true,"href":"https:\/\/sergiobertoldi.com\/index.php\/wp-json\/wp\/v2\/media\/3779"}],"wp:attachment":[{"href":"https:\/\/sergiobertoldi.com\/index.php\/wp-json\/wp\/v2\/media?parent=3778"}],"wp:term":[{"taxonomy":"category","embeddable":true,"href":"https:\/\/sergiobertoldi.com\/index.php\/wp-json\/wp\/v2\/categories?post=3778"},{"taxonomy":"post_tag","embeddable":true,"href":"https:\/\/sergiobertoldi.com\/index.php\/wp-json\/wp\/v2\/tags?post=3778"}],"curies":[{"name":"wp","href":"https:\/\/api.w.org\/{rel}","templated":true}]}}