{"id":3762,"date":"2021-09-08T15:02:46","date_gmt":"2021-09-08T18:02:46","guid":{"rendered":"https:\/\/sergiobertoldi.com\/?p=3762"},"modified":"2022-01-20T18:46:54","modified_gmt":"2022-01-20T21:46:54","slug":"santos-anuncia-a-contratacao-do-tecnico-fabio-carille","status":"publish","type":"post","link":"https:\/\/sergiobertoldi.com\/index.php\/2021\/09\/08\/santos-anuncia-a-contratacao-do-tecnico-fabio-carille\/","title":{"rendered":"Santos anuncia a contrata\u00e7\u00e3o do t\u00e9cnico F\u00e1bio Carille"},"content":{"rendered":"\r\n<p><span style=\"font-family: helvetica, arial, sans-serif; font-size: 14pt;\"><strong><u>Al\u00f4 Na\u00e7\u00e3o Santista! Sauda\u00e7\u00f5es Alvinegras!<\/u><\/strong><\/span><\/p>\r\n\r\n\r\n\r\n<p><span style=\"font-family: 'times new roman', times, serif; font-size: 14pt;\">Preocupado com a situa\u00e7\u00e3o do Santos no Campeonato Brasileiro, o Presidente Andr\u00e9s Rueda n\u00e3o esperou muito, e pouco tempo ap\u00f3s o an\u00fancio da demiss\u00e3o do t\u00e9cnico Fernando Diniz, em decis\u00e3o tomada em conjunto com seus pares do Conselho Gestor, fecharam em torno do nome de <strong>F\u00e1bio Carille<\/strong>.<\/span><br \/><span style=\"font-family: 'times new roman', times, serif; font-size: 14pt;\">O Santos anunciou na tarde desta Quarta-feira (8) a contrata\u00e7\u00e3o do t\u00e9cnico F\u00e1bio Carille, 47.<\/span><br \/><span style=\"font-family: 'times new roman', times, serif; font-size: 14pt;\">Sem clube desde sua sa\u00edda do <strong>Al-Ittihad Jeddah<\/strong>, da <strong>Ar\u00e1bia Saudita<\/strong>, ocorrida no \u00faltimo dia <strong>22 de Agosto de 2021, <\/strong>Carille estava no Al-Ittihad Jeddah, desde <strong>17 de fevereiro de 2020<\/strong>.<\/span><\/p>\r\n\r\n\r\n\r\n<p><span style=\"font-family: 'times new roman', times, serif; font-size: 14pt;\">Assim que soube do interesse do Santos em contar com o seu trabalho, atrav\u00e9s de um contato inicial de representantes do Santos com seus empres\u00e1rios, contato ocorrido ainda no \u00faltimo domingo, F\u00e1bio Carille mostrou-se bastante empolgado com a possibilidade de comandar o Santos, inclusive aceitando de imediato, n\u00e3o ter multa rescis\u00f3ria no contrato, al\u00e9m de se enquadrar na pol\u00edtica financeira do clube!<\/span><\/p>\r\n\r\n\r\n\r\n<p><span style=\"font-family: 'times new roman', times, serif; font-size: 14pt;\">O treinador chega \u00e0 Vila Belmiro como substituto do t\u00e9cnico Fernando Diniz, demitido no \u00faltimo Domingo (05) h\u00e1 03 dias.<\/span><br \/><span style=\"font-family: 'times new roman', times, serif; font-size: 14pt;\">O acordo com F\u00e1bio Carille ter\u00e1 dura\u00e7\u00e3o at\u00e9 Dezembro de 2022, sem multa rescis\u00f3ria<\/span><br \/><span style=\"font-family: 'times new roman', times, serif; font-size: 14pt;\">O novo Treinador Santista que esteve em Santos nesta Quarta-feira, reunido com o Presidente Andr\u00e9s Rueda, retorna para S\u00e3o Paulo para resolver algumas quest\u00f5es particulares, e \u00e9 aguardado para iniciar seu trabalho no clube, na manh\u00e3 desta Quinta-feira quando \u00e0s\u00a0<strong>11:30<\/strong>, na Vila Belmiro, ser\u00e1 apresentado \u00e0 imprensa em entrevista coletiva!<br \/>\u00c0 beira do gramado Carille assume o comando do time no jogo do pr\u00f3ximo s\u00e1bado (11) diante do Bahia, na Vila Belmiro, partida v\u00e1lida pela abertura do returno do Campeonato Brasileiro.<\/span><\/p>\r\n\r\n\r\n\r\n<p><span style=\"font-family: 'times new roman', times, serif; font-size: 14pt;\">Nascido no dia 26 de Setembro de 1973, em S\u00e3o Paulo-SP, F\u00e1bio Carille iniciou sua carreira como jogador de futebol em 1992, no <strong>XV de Ja\u00fa<\/strong> onde fez toda sua base, desde o juniores at\u00e9 chegar ao profissional, Zagueiro e lateral-esquerdo, Carille fez parte de uma safra do clube, onde surgiram o atacante <strong>Fran\u00e7a e<\/strong> o volante <strong>Edmilson<\/strong> (campe\u00e3o do Mundo com a sele\u00e7\u00e3o em 2002).<\/span><br \/><span style=\"font-family: 'times new roman', times, serif; font-size: 14pt;\">Seu \u00faltimo clube como jogador foi o Gr\u00eamio Barueri, time pelo qual em 2007 pendurou as chuteiras.<\/span><\/p>\r\n\r\n\r\n\r\n<p><span style=\"font-family: 'times new roman', times, serif; font-size: 14pt;\">Encerrada a carreira nos gramados, Carille optou por seguir na \u00e1rea esportiva, tornando-se auxiliar-t\u00e9cnico, integrando a comiss\u00e3o t\u00e9cnica do clube barueriense onde permaneceu por duas temporadas antes de chegar ao Corinthians onde em 2009, iniciou sua trajet\u00f3ria como Auxiliar T\u00e9cnico sendo bra\u00e7o direito de treinadores como <strong>Mano Menezes<\/strong> (que pediu sua contrata\u00e7\u00e3o), <strong>Ad\u00edlson Batista<\/strong>, <strong>Tite<\/strong> e <strong>Crist\u00f3v\u00e3o Borges<\/strong>.<\/span><br \/><span style=\"font-family: 'times new roman', times, serif; font-size: 14pt;\">Em 2010, com a sa\u00edda de Mano Menezes, contratado para comandar a Sele\u00e7\u00e3o Brasileira, F\u00e1bio Carille assumiu o comando t\u00e9cnico da equipe onde conquistou como treinador os t\u00edtulos de <strong>Campeonato Paulista: 2017, 2018, 2019<\/strong> e <strong>Campeonato Brasileiro: 2017<\/strong><\/span><\/p>\r\n\r\n\r\n\r\n<p><span style=\"font-family: 'times new roman', times, serif; font-size: 14pt;\">O Novo treinador Santista chega a Vila Belmiro trazendo em sua bagagem, n\u00fameros que desmentem a fama de &#8220;<strong>Treinador Retranqueiro<\/strong>&#8220;<\/span><\/p>\r\n\r\n\r\n\r\n<div class=\"wp-block-image\">\r\n<figure class=\"aligncenter\"><img data-recalc-dims=\"1\" loading=\"lazy\" decoding=\"async\" width=\"470\" height=\"193\" class=\"wp-image-3768\" src=\"https:\/\/i0.wp.com\/sergiobertoldi.com\/wp-content\/uploads\/2021\/09\/Fabio-Carille-Estatisticas-2.png?resize=470%2C193&#038;ssl=1\" alt=\"\" srcset=\"https:\/\/i0.wp.com\/sergiobertoldi.com\/wp-content\/uploads\/2021\/09\/Fabio-Carille-Estatisticas-2.png?w=470&amp;ssl=1 470w, https:\/\/i0.wp.com\/sergiobertoldi.com\/wp-content\/uploads\/2021\/09\/Fabio-Carille-Estatisticas-2.png?resize=300%2C123&amp;ssl=1 300w\" sizes=\"auto, (max-width: 470px) 100vw, 470px\" \/><\/figure>\r\n<\/div>\r\n\r\n\r\n\r\n<p><span style=\"font-family: 'times new roman', times, serif; font-size: 14pt;\"><strong>\u00a0 \u00a0 \u00a0<\/strong><\/span><\/p>\r\n\r\n\r\n\r\n<p><span style=\"font-family: 'times new roman', times, serif; font-size: 14pt;\">Em seu primeiro cl\u00e1ssico dirigindo o <strong>Al-Ittihad<\/strong> na liga saudita F\u00e1bio Carille venceu o Al-Shabab por 5 a 1<\/span><br \/><span style=\"font-family: 'times new roman', times, serif; font-size: 14pt;\">Dirigindo o <strong>Al-Ittihad Jeddah, <\/strong>da Ar\u00e1bia Saudita, F\u00e1bio Carille disputou <strong>10<\/strong> Cl\u00e1ssicos nacionais, vencendo <strong>05<\/strong>, empatando <strong>05, <\/strong>n\u00e3o tendo portanto sido derrotado em nenhum!<\/span><\/p>\r\n\r\n\r\n\r\n<p><span style=\"font-family: 'times new roman', times, serif; font-size: 14pt;\">Com a contrata\u00e7\u00e3o do t\u00e9cnico F\u00e1bio Carille, a nova Comiss\u00e3o T\u00e9cnica do Santos deve ser formada por tr\u00eas profissionais de sua confian\u00e7a, que sempre o acompanham em seus trabalhos: O Auxiliar T\u00e9cnico <strong>Leandro Cuca,<\/strong> o Preparador f\u00edsico <strong>Walmir Cruz<\/strong> e o Analista <strong>D\u00eanis Lupp<\/strong>, profissionais que estavam com o treinador no Al-ittihad e j\u00e1 retornaram com ele ao Brasil.<\/span><\/p>\r\n\r\n\r\n\r\n<p><span style=\"font-family: 'times new roman', times, serif; font-size: 14pt;\">Carille chegou de volta ao Brasil nesta ter\u00e7a-feira, e demonstrou ainda em seu desembarque no Aeroporto de Cumbica em Guarulhos, que fez sua li\u00e7\u00e3o de casa e est\u00e1 bem atualizado sobre a situa\u00e7\u00e3o de Santos e dos jogadores que ir\u00e1 encontrar: Citou que tem conhecimento que o Santos se fortaleceu, mencionando a chegada de jogadores como <strong>Diego Tardelli<\/strong>, <strong>L\u00e9o Baptist\u00e3o<\/strong>, e o zagueiro <strong>Vel\u00e1squez<\/strong>!<\/span><br \/><span style=\"font-family: 'times new roman', times, serif; font-size: 14pt;\">Perguntado se a situa\u00e7\u00e3o do Santos \u00e9 um desafio por ser a quarta troca de t\u00e9cnico em poucos meses, e se isso lhe preocupa, Carille respondeu: &#8220;Aceitei um desafio pior no Ittihad. Nas \u00faltimas tr\u00eas temporadas tiveram 11 t\u00e9cnicos e eu fiquei um ano e sete meses. \u00c9 resultado, sabemos, mas sem medo de encarar. Sabia desde que escolhi a profiss\u00e3o\u201d<\/span><br \/><span style=\"font-family: 'times new roman', times, serif; font-size: 14pt;\">Para finalizar, o novo treinador do Santos declarou estar muito otimista e certo que tem tudo para realizar um grande trabalho!<\/span><\/p>\r\n\r\n\r\n\r\n<p><span style=\"text-decoration: underline; font-family: 'times new roman', times, serif; font-size: 14pt;\"><strong>Pitacos do Bertoldi<\/strong><\/span><\/p>\r\n\r\n\r\n\r\n<p><span style=\"font-family: 'times new roman', times, serif; font-size: 14pt;\">Acredito de verdade, que a escolha pelo nome do treinador F\u00e1bio Carille, n\u00e3o demorar\u00e1 muito para se mostrar acertada! Ao contrario de seu antecessor, (Fernando Diniz), com o qual Carille mantem uma amizade de inf\u00e2ncia, (os dois iniciaram suas vidas no futsal), F\u00e1bio Carille sabe que tem que montar suas equipes jogando com o que tem, e n\u00e3o com o que sonha em ter!<\/span><\/p>\r\n\r\n\r\n\r\n<blockquote class=\"wp-block-quote is-layout-flow wp-block-quote-is-layout-flow\">\r\n<p><span style=\"font-family: 'times new roman', times, serif; font-size: 14pt;\">Quero jogar igual o Barcelona do Guardiola, mas tenho jogadores para isso?<\/span><br \/><span style=\"font-family: 'times new roman', times, serif; font-size: 14pt;\">Tem que tomar cuidado. \u00c9 aquele ditado: \u201cN\u00e3o d\u00e1 para fazer uma salada de frutas com um monte de laranjas\u201d. F\u00e1bio Carille<\/span><\/p>\r\n<\/blockquote>\r\n\r\n\r\n\r\n<p>&nbsp;<\/p>\r\n\r\n\r\n\r\n<p><span style=\"font-family: 'times new roman', times, serif; font-size: 14pt;\">(Credito de Imagem foto: Divulga\u00e7\u00e3o\/Al-Ittihad)<\/span><\/p>\r\n\r\n\r\n\r\n<p>&nbsp;<\/p>\r\n\r\n\r\n\r\n<p>&nbsp;<\/p>\r\n\r\n\r\n\r\n<p>&nbsp;<\/p>\r\n\r\n\r\n\r\n<p>&nbsp;<\/p>\r\n","protected":false},"excerpt":{"rendered":"<p>Al\u00f4 Na\u00e7\u00e3o Santista! Sauda\u00e7\u00f5es Alvinegras! Preocupado com a situa\u00e7\u00e3o do Santos no Campeonato Brasileiro, o Presidente Andr\u00e9s Rueda n\u00e3o esperou<\/p>\n","protected":false},"author":2,"featured_media":3775,"comment_status":"open","ping_status":"open","sticky":false,"template":"","format":"standard","meta":{"colormag_page_container_layout":"default_layout","colormag_page_sidebar_layout":"default_layout","_jetpack_memberships_contains_paid_content":false,"footnotes":""},"categories":[4,30,32],"tags":[6],"class_list":["post-3762","post","type-post","status-publish","format-standard","has-post-thumbnail","hentry","category-bastidores-do-santos-fc","category-contratacoes","category-treinador-santista","tag-santos-fc"],"jetpack_featured_media_url":"https:\/\/i0.wp.com\/sergiobertoldi.com\/wp-content\/uploads\/2021\/09\/naom_5a7c92d7bf7ff.jpg?fit=1920%2C1080&ssl=1","jetpack_likes_enabled":true,"jetpack_sharing_enabled":true,"_links":{"self":[{"href":"https:\/\/sergiobertoldi.com\/index.php\/wp-json\/wp\/v2\/posts\/3762","targetHints":{"allow":["GET"]}}],"collection":[{"href":"https:\/\/sergiobertoldi.com\/index.php\/wp-json\/wp\/v2\/posts"}],"about":[{"href":"https:\/\/sergiobertoldi.com\/index.php\/wp-json\/wp\/v2\/types\/post"}],"author":[{"embeddable":true,"href":"https:\/\/sergiobertoldi.com\/index.php\/wp-json\/wp\/v2\/users\/2"}],"replies":[{"embeddable":true,"href":"https:\/\/sergiobertoldi.com\/index.php\/wp-json\/wp\/v2\/comments?post=3762"}],"version-history":[{"count":7,"href":"https:\/\/sergiobertoldi.com\/index.php\/wp-json\/wp\/v2\/posts\/3762\/revisions"}],"predecessor-version":[{"id":3784,"href":"https:\/\/sergiobertoldi.com\/index.php\/wp-json\/wp\/v2\/posts\/3762\/revisions\/3784"}],"wp:featuredmedia":[{"embeddable":true,"href":"https:\/\/sergiobertoldi.com\/index.php\/wp-json\/wp\/v2\/media\/3775"}],"wp:attachment":[{"href":"https:\/\/sergiobertoldi.com\/index.php\/wp-json\/wp\/v2\/media?parent=3762"}],"wp:term":[{"taxonomy":"category","embeddable":true,"href":"https:\/\/sergiobertoldi.com\/index.php\/wp-json\/wp\/v2\/categories?post=3762"},{"taxonomy":"post_tag","embeddable":true,"href":"https:\/\/sergiobertoldi.com\/index.php\/wp-json\/wp\/v2\/tags?post=3762"}],"curies":[{"name":"wp","href":"https:\/\/api.w.org\/{rel}","templated":true}]}}