{"id":3754,"date":"2021-09-05T17:30:50","date_gmt":"2021-09-05T20:30:50","guid":{"rendered":"https:\/\/sergiobertoldi.com\/?p=3754"},"modified":"2021-09-05T17:43:45","modified_gmt":"2021-09-05T20:43:45","slug":"apos-mais-uma-derrota-fernando-diniz-deixa-o-comando-tecnico-do-santos-futebol-clube","status":"publish","type":"post","link":"https:\/\/sergiobertoldi.com\/index.php\/2021\/09\/05\/apos-mais-uma-derrota-fernando-diniz-deixa-o-comando-tecnico-do-santos-futebol-clube\/","title":{"rendered":"Ap\u00f3s mais uma derrota Fernando Diniz deixa o Comando T\u00e9cnico do Santos Futebol Clube"},"content":{"rendered":"<p><span style=\"font-size: 14pt;\"><strong><span style=\"font-family: helvetica, arial, sans-serif;\"><u>Al\u00f4 Na\u00e7\u00e3o Santista! Sauda\u00e7\u00f5es Alvinegras!<\/u><\/span><\/strong><\/span><\/p>\r\n\r\n<p style=\"text-align: justify;\"><span style=\"font-family: 'times new roman', times, serif; font-size: 14pt;\">Fernando Diniz estreou no Comando do Santos no dia 11 de Maio de 2021, na 4\u00aa Rodada da Copa Libertadores de 2021 contra o Boca Juniors na Vila Belmiro, e com menos de quatro meses a frente do cargo, deixa o Santos demitido! Estiv\u00e9ssemos falando de um trabalhador comum, sua Carteira Profissional levaria com certeza a marca de \u201cJUSTA CAUSA\u201d! Sim motivos s\u00e3o o que n\u00e3o faltaram para justificar uma demiss\u00e3o mais do que justa!<\/span><\/p>\r\n<p><span style=\"font-family: 'times new roman', times, serif; font-size: 14pt;\">\r\n\r\n<\/span><\/p>\r\n<p style=\"text-align: justify;\"><span style=\"font-family: 'times new roman', times, serif; font-size: 14pt;\">A derrota da equipe Santista ocorrida frente ao Cuiab\u00e1 neste s\u00e1bado, na Arena Pantanal, foi demais at\u00e9 para o Presidente Andr\u00e9s Rueda, que h\u00e1 uma semana j\u00e1 havia sido voto vencido perante os outros membros do Conselho Gestor, guando da humilhante derrota por 4 x 0, frente ao Flamengo em plena Vila Belmiro! Ainda assim o presidente bancou a perman\u00eancia do treinador, dando-lhe uma semana de sobrevida, acreditando ainda que o treinador pudesse tendo uma semana cheia para trabalhar os jogadores, come\u00e7ar a reverter o quadro atual.\u00a0Veio a partida contra o Cuiab\u00e1 e perante a vis\u00edvel falta de uma m\u00ednima evolu\u00e7\u00e3o que fosse, n\u00e3o havia mais outra alternativa que n\u00e3o fosse a demiss\u00e3o do treinador!<\/span><\/p>\r\n<p><span style=\"font-family: 'times new roman', times, serif; font-size: 14pt;\">\r\n\r\n<\/span><\/p>\r\n<p style=\"text-align: justify;\"><span style=\"font-family: 'times new roman', times, serif; font-size: 14pt;\">Fernando Diniz deixa o Santos com uma campanha que no geral mostrou-se decepcionante, mesmo levando-se em conta os problemas que o Santos enfrenta! Sob o seu comando o santos foi eliminado precocemente de torneios como a <strong>Copa Libertadores de Am\u00e9rica<\/strong>, <strong>Copa Sul americana<\/strong>, foi derrotado pelo Atl\u00e9tico Paranaense na primeira partida pela Quinta fase da <strong>Copa do Brasil<\/strong>, e no <strong>Campeonato Brasileiro<\/strong> ocupa a <strong>13\u00aa<\/strong> Coloca\u00e7\u00e3o, com <strong>38%<\/strong> de aproveitamento e a apenas quatro pontos da zona do rebaixamento!<\/span><\/p>\r\n<p><span style=\"font-family: 'times new roman', times, serif; font-size: 14pt;\">\r\n\r\n<\/span><\/p>\r\n<p style=\"text-align: justify;\"><span style=\"font-family: 'times new roman', times, serif; font-size: 14pt;\">Acompanhe abaixo o desempenho total do t\u00e9cnico Fernando Diniz \u00e1 frente do Santos!<\/span><\/p>\r\n<p><img data-recalc-dims=\"1\" loading=\"lazy\" decoding=\"async\" class=\"size-full wp-image-3760 aligncenter\" src=\"https:\/\/i0.wp.com\/sergiobertoldi.com\/wp-content\/uploads\/2021\/09\/Capturar.png?resize=246%2C296&#038;ssl=1\" alt=\"\" width=\"246\" height=\"296\" \/><\/p>\r\n<p><span style=\"font-family: 'times new roman', times, serif; font-size: 14pt;\">\r\n\r\n\r\n\r\n<\/span><\/p>\r\n<p style=\"text-align: justify;\"><span style=\"font-family: 'times new roman', times, serif; font-size: 14pt;\">Em Comunicado Oficial\u00a0 o Santos Futebol Clube informa o desligamento do Treinador e demais componentes trazidos por ele para compor a Comiss\u00e3o T\u00e9cnica!<\/span><\/p>\r\n<p><img data-recalc-dims=\"1\" loading=\"lazy\" decoding=\"async\" class=\"aligncenter wp-image-3759\" src=\"https:\/\/i0.wp.com\/sergiobertoldi.com\/wp-content\/uploads\/2021\/09\/comuni.png?resize=600%2C263&#038;ssl=1\" alt=\"\" width=\"600\" height=\"263\" srcset=\"https:\/\/i0.wp.com\/sergiobertoldi.com\/wp-content\/uploads\/2021\/09\/comuni.png?w=777&amp;ssl=1 777w, https:\/\/i0.wp.com\/sergiobertoldi.com\/wp-content\/uploads\/2021\/09\/comuni.png?resize=300%2C132&amp;ssl=1 300w, https:\/\/i0.wp.com\/sergiobertoldi.com\/wp-content\/uploads\/2021\/09\/comuni.png?resize=768%2C337&amp;ssl=1 768w\" sizes=\"auto, (max-width: 600px) 100vw, 600px\" \/><\/p>\r\n<p><span style=\"font-family: 'times new roman', times, serif; font-size: 14pt;\">\r\n\r\n\r\n\r\n<\/span><\/p>\r\n<p style=\"text-align: justify;\"><span style=\"font-family: 'times new roman', times, serif; font-size: 14pt;\"><strong><em>&#8220;O Santos FC comunica que Fernando Diniz deixa a fun\u00e7\u00e3o de t\u00e9cnico do time profissional neste domingo, 5 de setembro. O treinador foi comunicado ainda em Cuiab\u00e1, ap\u00f3s reuni\u00e3o com o presidente Andres Rueda e o executivo de futebol, Andr\u00e9 Mazzuco.<\/em><\/strong> <strong>\r\n\r\n<\/strong> <strong><em>Os auxiliares-t\u00e9cnicos Eduardo Zuma e Yan Razera e o preparador f\u00edsico Wagner Bertelli tamb\u00e9m deixam o Clube. O Santos FC agradece ao t\u00e9cnico pelos servi\u00e7os prestados, iniciados no dia 7 de maio, pela parceria neste momento do Clube e deseja sorte em seu futuro profissional&#8221;.<\/em><\/strong><\/span><\/p>\r\n","protected":false},"excerpt":{"rendered":"<p>Al\u00f4 Na\u00e7\u00e3o Santista! Sauda\u00e7\u00f5es Alvinegras! Fernando Diniz estreou no Comando do Santos no dia 11 de Maio de 2021, na<\/p>\n","protected":false},"author":2,"featured_media":3755,"comment_status":"open","ping_status":"open","sticky":false,"template":"","format":"standard","meta":{"colormag_page_container_layout":"default_layout","colormag_page_sidebar_layout":"default_layout","_jetpack_memberships_contains_paid_content":false,"footnotes":""},"categories":[4,59],"tags":[6],"class_list":["post-3754","post","type-post","status-publish","format-standard","has-post-thumbnail","hentry","category-bastidores-do-santos-fc","category-pitacos-do-bertoldi","tag-santos-fc"],"jetpack_featured_media_url":"https:\/\/i0.wp.com\/sergiobertoldi.com\/wp-content\/uploads\/2021\/09\/47379_29ebb0f3af8ffa4.jpg?fit=700%2C466&ssl=1","jetpack_likes_enabled":true,"jetpack_sharing_enabled":true,"_links":{"self":[{"href":"https:\/\/sergiobertoldi.com\/index.php\/wp-json\/wp\/v2\/posts\/3754","targetHints":{"allow":["GET"]}}],"collection":[{"href":"https:\/\/sergiobertoldi.com\/index.php\/wp-json\/wp\/v2\/posts"}],"about":[{"href":"https:\/\/sergiobertoldi.com\/index.php\/wp-json\/wp\/v2\/types\/post"}],"author":[{"embeddable":true,"href":"https:\/\/sergiobertoldi.com\/index.php\/wp-json\/wp\/v2\/users\/2"}],"replies":[{"embeddable":true,"href":"https:\/\/sergiobertoldi.com\/index.php\/wp-json\/wp\/v2\/comments?post=3754"}],"version-history":[{"count":4,"href":"https:\/\/sergiobertoldi.com\/index.php\/wp-json\/wp\/v2\/posts\/3754\/revisions"}],"predecessor-version":[{"id":3761,"href":"https:\/\/sergiobertoldi.com\/index.php\/wp-json\/wp\/v2\/posts\/3754\/revisions\/3761"}],"wp:featuredmedia":[{"embeddable":true,"href":"https:\/\/sergiobertoldi.com\/index.php\/wp-json\/wp\/v2\/media\/3755"}],"wp:attachment":[{"href":"https:\/\/sergiobertoldi.com\/index.php\/wp-json\/wp\/v2\/media?parent=3754"}],"wp:term":[{"taxonomy":"category","embeddable":true,"href":"https:\/\/sergiobertoldi.com\/index.php\/wp-json\/wp\/v2\/categories?post=3754"},{"taxonomy":"post_tag","embeddable":true,"href":"https:\/\/sergiobertoldi.com\/index.php\/wp-json\/wp\/v2\/tags?post=3754"}],"curies":[{"name":"wp","href":"https:\/\/api.w.org\/{rel}","templated":true}]}}