{"id":3741,"date":"2021-09-01T19:39:15","date_gmt":"2021-09-01T22:39:15","guid":{"rendered":"https:\/\/sergiobertoldi.com\/?p=3741"},"modified":"2021-09-01T19:39:15","modified_gmt":"2021-09-01T22:39:15","slug":"presente-em-convocacoes-das-selecoes-brasileiras-de-base-no-santos-renyer-passou-de-joia-rara-a-esquecido","status":"publish","type":"post","link":"https:\/\/sergiobertoldi.com\/index.php\/2021\/09\/01\/presente-em-convocacoes-das-selecoes-brasileiras-de-base-no-santos-renyer-passou-de-joia-rara-a-esquecido\/","title":{"rendered":"Presente em convoca\u00e7\u00f5es das Sele\u00e7\u00f5es Brasileiras de base no Santos Renyer passou de joia rara a esquecido"},"content":{"rendered":"<p><strong><u>Al\u00f4 Na\u00e7\u00e3o Santista! Sauda\u00e7\u00f5es Alvinegras!<\/u><\/strong><\/p>\n<p>Que a fama do Santos em ser um dos grandes formadores de jogadores do futebol brasileiro, corre o mundo, isso j\u00e1 n\u00e3o \u00e9 nenhuma novidade! A lista \u00e9 extensa e conta com nomes de peso como Edu, Pepe, Pel\u00e9, Coutinho, Juary, Clodoaldo, Robinho, Neymar e Rodrygo, \u00c2ngelo e etc..<br \/>\nPois \u00e9! N\u00e3o faz muito tempo e mais um \u201cRaio\u201d, quer dizer: Mais um \u201cnome\u201d vinha sendo preparado pela Base Santista para entrar no seleto grupo dessa lista!<\/p>\n<p>Renyer Luan de Oliveira Damasceno, ou simplesmente Renyer \u00a0(nascido no Rio de Janeiro em 12 de julho de 2003), um Jovem de 18 anos, que \u00e9 tido como uma das maiores promessas do Santos nos \u00faltimos anos, inclusive com multa rescis\u00f3ria de <strong>100 milh\u00f5es<\/strong> <strong>de euros<\/strong>, maior at\u00e9 do que a multa que havia no contrato do jogador Rodrygo G\u00f3es, comprado pelo Real Madrid por <strong>45 milh\u00f5es de euros<\/strong>., sendo a maior transfer\u00eancia at\u00e9 hoje na hist\u00f3ria do Santos!<\/p>\n<p>A jovem revela\u00e7\u00e3o da base Santista, chegou ao Alvinegro de Vila Belmiro em 2013, com apenas 10 anos de idade, assinando seu primeiro contrato com o clube como jogador profissional, em 2019!<br \/>\nEm 2020 seu futebol chamou a aten\u00e7\u00e3o do t\u00e9cnico Jesualdo Ferreira, quando ent\u00e3o foi puxado pelo treinador para integrar o profissional.<br \/>\nRenyer teve sua primeira oportunidade na equipe de cima, quando no dia 30 de Janeiro de 2020, na Vila Belmiro, entrou em campo pela primeira vez pela equipe profissional, na vit\u00f3ria de 2 x 0 frente a \u00a0Inter de Limeira, em partida v\u00e1lida pelo Campeonato Paulista.<br \/>\nSua estreia com apenas <strong>16 anos<\/strong>, <strong>seis meses<\/strong> e <strong>18 dias<\/strong>, o tornou o <strong>quinto<\/strong> jogador mais jovem a entrar em campo vestindo a camisa do Santos, ficando atr\u00e1s apenas de <strong>Coutinho<\/strong> (o mais jovem com <strong>14 anos e 11 meses<\/strong>), <strong>Pel\u00e9<\/strong> (<strong>15 anos e 10 meses<\/strong>), <strong>Gabriel <\/strong>(<strong>16 anos e quatro meses<\/strong>) e <strong>Sandry<\/strong> (<strong>16 anos e cinco meses<\/strong>), e superando outros Santistas como <strong>Neymar<\/strong>, <strong>Rodrygo<\/strong> e <strong>Edu<\/strong>.<\/p>\n<p>Infelizmente o in\u00edcio de uma caminhada que parecia ter tudo para ser promissora, foi interrompida por uma infelicidade ocorrida em meio a uma \u201cFelicidade\u201d<br \/>\nRadiante por ter sido convocado para defender a <strong>Sele\u00e7\u00e3o Brasileira sub-17<\/strong>, durante um per\u00edodo de treinamentos na Granja Comary em Teres\u00f3polis (RJ), o jogador do Santos sofreu uma les\u00e3o em um treinamento e poucos dias depois, precisou se submeter a um procedimento para reconstruir o ligamento cruzado do joelho direito, cirurgia realizada com sucesso pelo Doutor Mois\u00e9s Cohen, no Hospital Albert Einstein em S\u00e3o Paulo!<\/p>\n<p>Surpreendentemente, apenas cinco meses ap\u00f3s a cirurgia, gra\u00e7as ao excelente trabalho realizado pelo departamento m\u00e9dico do Santos, uma les\u00e3o ligamentar que normalmente precisaria de no m\u00ednimo oito meses para cicatrizar e deixar o jogador recuperado, demorou bem menos do que o esperado deixando ainda em 2020, apto a voltar aos gramados!<br \/>\nDesde ent\u00e3o o garoto Renyer vem treinando normalmente, estando sem problema algum \u00e0 disposi\u00e7\u00e3o do treinador, inclusive tendo em Mar\u00e7o de 2021, sido convocado novamente para a <strong>Sele\u00e7\u00e3o Brasileira desta vez a Sub-18<\/strong>.<\/p>\n<p><strong><u>PITACOS DO BERTOLDI<\/u><\/strong><strong><u>\u00a0<\/u><\/strong><\/p>\n<p>Acho sinceramente, muito estranho que um jogador que tem o seu potencial reconhecido pelos Treinadores e Comiss\u00f5es T\u00e9cnicas das Sele\u00e7\u00f5es de base do Brasil, n\u00e3o seja aproveitado no seu pr\u00f3prio clube?<br \/>\nDesde que surgiu como uma das ultimas grandes promessas das categorias de base do Santos, eu n\u00e3o me lembro desse garoto Renyer, ter entrado em campo 10 vezes!<\/p>\n<p>O Santos parece realmente caminhar na contram\u00e3o de sua ess\u00eancia!<br \/>\nEnquanto o treinador Fernando Diniz, vem \u00e0 p\u00fablico, e declara em coletiva que o presidente teve que usar de recursos de um funding criado recentemente, para poder para pagar a folha mensal do clube, o executivo de futebol se orgulha de trazer <strong>43<\/strong> novos atletas para o CT Rei Pel\u00e9, sendo <strong>32<\/strong> para as categorias de base, Sub-20 e Sub-23 e <strong>11 <\/strong>contratados para o profissional<\/p>\n<p>Mas afinal, ser\u00e1 que atletas como <strong>Renyer<\/strong>, <strong>Lucas Sena<\/strong>, <strong>Pedro Scaramussa, Mikael, <\/strong>e etc.. n\u00e3o poderiam ter mais oportunidades?<br \/>\nN\u00e3o seria melhor se os dirigentes e comiss\u00e3o t\u00e9cnica, estivessem dando mais aten\u00e7\u00e3o e acompanhando a performance em campo de jovens valores, como alguns da base que raramente recebem oportunidades, ou nem recebem?<\/p>\n<p>(Cr\u00e9dito: Imagem: Ivan Storti\/Divulga\u00e7\u00e3o\/Santos FC)<\/p>\n","protected":false},"excerpt":{"rendered":"<p>Al\u00f4 Na\u00e7\u00e3o Santista! Sauda\u00e7\u00f5es Alvinegras! Que a fama do Santos em ser um dos grandes formadores de jogadores do futebol<\/p>\n","protected":false},"author":2,"featured_media":3742,"comment_status":"open","ping_status":"open","sticky":false,"template":"","format":"standard","meta":{"colormag_page_container_layout":"default_layout","colormag_page_sidebar_layout":"default_layout","_jetpack_memberships_contains_paid_content":false,"footnotes":""},"categories":[12,7,4,60,59],"tags":[6],"class_list":["post-3741","post","type-post","status-publish","format-standard","has-post-thumbnail","hentry","category-analise-e-comentario","category-base-santista","category-bastidores-do-santos-fc","category-categorias-de-base","category-pitacos-do-bertoldi","tag-santos-fc"],"jetpack_featured_media_url":"https:\/\/i0.wp.com\/sergiobertoldi.com\/wp-content\/uploads\/2021\/09\/49581789871_a1fa9c8981_o.jpg_231334169.jpg?fit=600%2C400&ssl=1","jetpack_likes_enabled":true,"jetpack_sharing_enabled":true,"_links":{"self":[{"href":"https:\/\/sergiobertoldi.com\/index.php\/wp-json\/wp\/v2\/posts\/3741","targetHints":{"allow":["GET"]}}],"collection":[{"href":"https:\/\/sergiobertoldi.com\/index.php\/wp-json\/wp\/v2\/posts"}],"about":[{"href":"https:\/\/sergiobertoldi.com\/index.php\/wp-json\/wp\/v2\/types\/post"}],"author":[{"embeddable":true,"href":"https:\/\/sergiobertoldi.com\/index.php\/wp-json\/wp\/v2\/users\/2"}],"replies":[{"embeddable":true,"href":"https:\/\/sergiobertoldi.com\/index.php\/wp-json\/wp\/v2\/comments?post=3741"}],"version-history":[{"count":1,"href":"https:\/\/sergiobertoldi.com\/index.php\/wp-json\/wp\/v2\/posts\/3741\/revisions"}],"predecessor-version":[{"id":3743,"href":"https:\/\/sergiobertoldi.com\/index.php\/wp-json\/wp\/v2\/posts\/3741\/revisions\/3743"}],"wp:featuredmedia":[{"embeddable":true,"href":"https:\/\/sergiobertoldi.com\/index.php\/wp-json\/wp\/v2\/media\/3742"}],"wp:attachment":[{"href":"https:\/\/sergiobertoldi.com\/index.php\/wp-json\/wp\/v2\/media?parent=3741"}],"wp:term":[{"taxonomy":"category","embeddable":true,"href":"https:\/\/sergiobertoldi.com\/index.php\/wp-json\/wp\/v2\/categories?post=3741"},{"taxonomy":"post_tag","embeddable":true,"href":"https:\/\/sergiobertoldi.com\/index.php\/wp-json\/wp\/v2\/tags?post=3741"}],"curies":[{"name":"wp","href":"https:\/\/api.w.org\/{rel}","templated":true}]}}