{"id":3666,"date":"2021-10-10T22:15:09","date_gmt":"2021-10-11T01:15:09","guid":{"rendered":"https:\/\/sergiobertoldi.com\/?p=3666"},"modified":"2022-01-18T22:17:20","modified_gmt":"2022-01-19T01:17:20","slug":"caso-envolvendo-a-area-do-ct-rei-pele-prova-a-importancia-de-se-ter-boas-relacoes-politicas","status":"publish","type":"post","link":"https:\/\/sergiobertoldi.com\/index.php\/2021\/10\/10\/caso-envolvendo-a-area-do-ct-rei-pele-prova-a-importancia-de-se-ter-boas-relacoes-politicas\/","title":{"rendered":"Caso envolvendo a \u00e1rea do CT Rei Pel\u00e9 prova a import\u00e2ncia de se ter boas rela\u00e7\u00f5es Pol\u00edticas!"},"content":{"rendered":"<p>H\u00e1 pouco mais de um m\u00eas, dois clubes tradicionais da cidade de Santos: A <strong>Associa\u00e7\u00e3o Atl\u00e9tica Portuguesa<\/strong> (conhecida como Briosa ou Portuguesa Santista), e a <strong>Associa\u00e7\u00e3o Atl\u00e9tica dos Portu\u00e1rios de Santos<\/strong>, sofreram um duro golpe, ao perderem terrenos ocupados por ambos os clubes, os quais pertencem a Uni\u00e3o, e foram retomados pelo Governo Federal, que atrav\u00e9s de um leil\u00e3o virtual promovido pelo Minist\u00e9rio da Economia foram arrematados por <strong>R$ 71.250.000,00<\/strong>.<br \/>\nO Santos Futebol Clube, esteve no ano passado, mais precisamente em Outubro de 2020, muito perto de passar por situa\u00e7\u00e3o semelhante, envolvendo o terreno onde fica toda a instala\u00e7\u00e3o do Complexo do CT Rei Pel\u00e9, terreno tamb\u00e9m pertencente a Uni\u00e3o, (Governo Federal).<br \/>\nAvaliado em <strong>R$ 90 milh\u00f5es<\/strong>, o terreno onde fica o CT do Santos, faz parte de uma lista de bens e im\u00f3veis p\u00fablicos que o Governo Federal, acolhendo ideia do Ministro da Economia, <strong>Paulo Guedes<\/strong>, vem se desfazendo para reduzir a d\u00edvida p\u00fablica do pa\u00eds, atrav\u00e9s de leil\u00e3o promovido pela Secretaria de Patrim\u00f4nio da Uni\u00e3o (SPU).<\/p>\n<p>Em viagem a Bras\u00edlia, Orlando Rollo que na ocasi\u00e3o era o presidente em exerc\u00edcio do Santos, foi at\u00e9 a Capital Federal, onde foi recebido pelo Secret\u00e1rio de Coordena\u00e7\u00e3o e Governan\u00e7a do Patrim\u00f4nio da Uni\u00e3o, <strong>Fernando Bispo<\/strong>, e por <strong>Paulo Martins<\/strong>, deputado federal pelo Paran\u00e1.<br \/>\nA principal pauta da longa agenda de compromissos foi com certeza o CT Rei Pel\u00e9.<br \/>\nOrlando Rollo reuniu-se com representantes da Secretaria de Patrim\u00f4nio da Uni\u00e3o, para discutir contrapartidas sociais e evitar qualquer risco de leil\u00e3o do terreno.<br \/>\nO resultado da reuni\u00e3o terminou de maneira positiva para o clube, que se comprometeu em agilizar uma contrapartida social.<\/p>\n<p>&nbsp;<\/p>\n<p>Rollo em entrevista coletiva virtual, declarou: \u201cEst\u00e1vamos correndo o risco do CT Rei Pel\u00e9 ir para leil\u00e3o. \u00c9 uma \u00e1rea federal, por meio de concess\u00e3o p\u00fablica. Fui para Bras\u00edlia e fiz propostas alternativas para ficarmos no CT, suspendendo leil\u00e3o iminente. Foi uma grande vit\u00f3ria. Est\u00e1vamos prestes a perder o CT em um leil\u00e3o. Seria uma resolu\u00e7\u00e3o em definitivo, com contrapartida social. Enviaremos hoje ao Conselho a funda\u00e7\u00e3o do Instituto Santos de responsabilidade social. Justamente para nos auxiliar nessa contrapartida\u201d<\/p>\n<p>Vamos voltar um pouco no tempo, e explicar ao leitor e torcedor Santista, como se deu o in\u00edcio dessa hist\u00f3ria:<\/p>\n<p>Antes da constru\u00e7\u00e3o do CT Rei Pel\u00e9, funcionava no terreno o \u201c<strong>Conjunto Poliesportivo Chico Guimar\u00e3es<\/strong>\u201d, da prefeitura de Santos, situado no bairro do Jabaquara e usado em torneios e jogos de equipes amadoras da cidade.<\/p>\n<figure id=\"attachment_3667\" aria-describedby=\"caption-attachment-3667\" style=\"width: 500px\" class=\"wp-caption aligncenter\"><img data-recalc-dims=\"1\" loading=\"lazy\" decoding=\"async\" class=\"wp-image-3667\" src=\"https:\/\/i0.wp.com\/sergiobertoldi.com\/wp-content\/uploads\/2021\/08\/12719218_1672176939703955_8052473844834458752_o.jpg?resize=500%2C508&#038;ssl=1\" alt=\"\" width=\"500\" height=\"508\" srcset=\"https:\/\/i0.wp.com\/sergiobertoldi.com\/wp-content\/uploads\/2021\/08\/12719218_1672176939703955_8052473844834458752_o.jpg?resize=1008%2C1024&amp;ssl=1 1008w, https:\/\/i0.wp.com\/sergiobertoldi.com\/wp-content\/uploads\/2021\/08\/12719218_1672176939703955_8052473844834458752_o.jpg?resize=295%2C300&amp;ssl=1 295w, https:\/\/i0.wp.com\/sergiobertoldi.com\/wp-content\/uploads\/2021\/08\/12719218_1672176939703955_8052473844834458752_o.jpg?resize=768%2C780&amp;ssl=1 768w, https:\/\/i0.wp.com\/sergiobertoldi.com\/wp-content\/uploads\/2021\/08\/12719218_1672176939703955_8052473844834458752_o.jpg?resize=1512%2C1536&amp;ssl=1 1512w, https:\/\/i0.wp.com\/sergiobertoldi.com\/wp-content\/uploads\/2021\/08\/12719218_1672176939703955_8052473844834458752_o.jpg?w=2016&amp;ssl=1 2016w, https:\/\/i0.wp.com\/sergiobertoldi.com\/wp-content\/uploads\/2021\/08\/12719218_1672176939703955_8052473844834458752_o.jpg?w=1600&amp;ssl=1 1600w\" sizes=\"auto, (max-width: 500px) 100vw, 500px\" \/><figcaption id=\"caption-attachment-3667\" class=\"wp-caption-text\"><strong>\u00a0 \u00a0 \u00a0 \u00a0 \u00a0 \u00a0 Foto a\u00e9rea do Conjunto Poliesportivo Chico (entre 1980 e 1984)<\/strong><\/figcaption><\/figure>\n<p>O terreno pertence \u00e0 Uni\u00e3o e foi concedido ao clube em <strong>6 de novembro de 1996<\/strong>, de acordo com a certid\u00e3o <strong>n\u00ba 21\/96 <\/strong>do Minist\u00e9rio do Patrim\u00f4nio da Uni\u00e3o (MPU), e previa a instala\u00e7\u00e3o de um local de treinamento para a popula\u00e7\u00e3o mais carente, com a meta de formar atletas em diversas modalidades esportivas. O local passou por constantes vistorias e dilig\u00eancias, entre os anos de 2000 e 2006, comprovando na \u00e9poca que o clube cumpria o acordo.<\/p>\n<p>Em <strong>9 de abril de 2008<\/strong>, o procurador <strong>Rodrigo Joaquim Lima<\/strong>, do MPF de Santos, instaurou inqu\u00e9rito civil porque o clube teria compet\u00eancia de cumprir sua parte no acordo. Mais de oito anos depois, em 19 de dezembro de 2016, a procuradora<strong> Juliana Mendes Daun Fonseca<\/strong>, tamb\u00e9m do MPF de Santos, emitiu of\u00edcio \u00e0 Consultoria Jur\u00eddica da Uni\u00e3o em S\u00e3o Paulo (CJU-SP) e \u00e0 SPU-SP solicitando manifesta\u00e7\u00e3o sobre o projeto apresentado pelo Santos em julho daquele ano.<br \/>\nNo dia <strong>20 de mar\u00e7o de 2017<\/strong>, uma procuradora concluiu que o clube n\u00e3o mantinha a destina\u00e7\u00e3o p\u00fablica pactuada, o que demandaria uma rescis\u00e3o contratual e consequente retomada do bem p\u00fablico federal. No mesmo dia, uma procuradora Juliana Mendes Daun Fonseca mandou o Santos enviar, em um prazo de 90 dias, projeto que atendesse ao contrato de cess\u00e3o gratuita.<\/p>\n<p>Um laudo que contraria as afirma\u00e7\u00f5es do MPF de Santos foi apresentado pelo Santos em 11 de julho, realizando 89 a\u00e7\u00f5es e projetos sociais entre janeiro de 2015 e junho de 2017, contestando a SPU, que n\u00e3o aceitou as explica\u00e7\u00f5es e notificou o clube, pedindo a desocupa\u00e7\u00e3o imediata.<br \/>\nDesde ent\u00e3o de tempos em tempos, ressurge essa quest\u00e3o com o clube sendo cobrado por n\u00e3o cumprir sua parte na contrapartida em rela\u00e7\u00e3o ao uso do terreno!<br \/>\nO CT Rei Pel\u00e9 est\u00e1 instalado dentro de um terreno que \u00e9 uma \u00e1rea federal, que o Santos Futebol Clube usa, por meio de concess\u00e3o p\u00fablica. Por\u00e9m o clube precisa cumprir com o acordo com o qual se comprometeu.<br \/>\nPara que o Santos cumpra a sua parte, o ex presidente Orlando Rollo teve a id\u00e9ia de criar o &#8220;<strong>Instituto Santos de responsabilidade social<\/strong>&#8220;.<\/p>\n<p>Inaugurado em <strong>05 de Dezembro de 2020<\/strong>, o Instituto Santos de responsabilidade social \u00e9 um grande projeto social, que engloba a pr\u00e1tica de <strong>futebol de amputados<\/strong>, pessoas portadoras de <strong>s\u00edndrome de down<\/strong> e com <strong>defici\u00eancia intelectual<\/strong> (DI), al\u00e9m da implanta\u00e7\u00e3o de escolinhas de <strong>futebol feminino<\/strong> e <strong>masculino<\/strong> para crian\u00e7as carentes, <strong>futebol de mesa e etc..<\/strong><\/p>\n<figure id=\"attachment_3669\" aria-describedby=\"caption-attachment-3669\" style=\"width: 700px\" class=\"wp-caption aligncenter\"><img data-recalc-dims=\"1\" loading=\"lazy\" decoding=\"async\" class=\"wp-image-3669\" src=\"https:\/\/i0.wp.com\/sergiobertoldi.com\/wp-content\/uploads\/2021\/08\/instituto.png?resize=700%2C304&#038;ssl=1\" alt=\"\" width=\"700\" height=\"304\" srcset=\"https:\/\/i0.wp.com\/sergiobertoldi.com\/wp-content\/uploads\/2021\/08\/instituto.png?w=920&amp;ssl=1 920w, https:\/\/i0.wp.com\/sergiobertoldi.com\/wp-content\/uploads\/2021\/08\/instituto.png?resize=300%2C130&amp;ssl=1 300w, https:\/\/i0.wp.com\/sergiobertoldi.com\/wp-content\/uploads\/2021\/08\/instituto.png?resize=768%2C334&amp;ssl=1 768w\" sizes=\"auto, (max-width: 700px) 100vw, 700px\" \/><figcaption id=\"caption-attachment-3669\" class=\"wp-caption-text\"><strong>\u00a0 \u00a0 \u00a0 Festa de inaugura\u00e7\u00e3o do Instituto<\/strong><\/figcaption><\/figure>\n<p>Inaugurado em 1\u00ba de outubro de 2005, o CT Rei Pel\u00e9 ocupa uma \u00e1rea de aproximadamente 40 mil metros quadrados entre a rua Rangel Pestana e as avenidas Francisco Manoel e Waldemar Le\u00e3o, no bairro do Jabaquara.<\/p>\n<figure id=\"attachment_3670\" aria-describedby=\"caption-attachment-3670\" style=\"width: 700px\" class=\"wp-caption aligncenter\"><img data-recalc-dims=\"1\" loading=\"lazy\" decoding=\"async\" class=\"wp-image-3670\" src=\"https:\/\/i0.wp.com\/sergiobertoldi.com\/wp-content\/uploads\/2021\/08\/Image-2021-01-01-at-14-20-43-jpeg.jpg?resize=700%2C312&#038;ssl=1\" alt=\"\" width=\"700\" height=\"312\" srcset=\"https:\/\/i0.wp.com\/sergiobertoldi.com\/wp-content\/uploads\/2021\/08\/Image-2021-01-01-at-14-20-43-jpeg.jpg?w=1024&amp;ssl=1 1024w, https:\/\/i0.wp.com\/sergiobertoldi.com\/wp-content\/uploads\/2021\/08\/Image-2021-01-01-at-14-20-43-jpeg.jpg?resize=300%2C134&amp;ssl=1 300w, https:\/\/i0.wp.com\/sergiobertoldi.com\/wp-content\/uploads\/2021\/08\/Image-2021-01-01-at-14-20-43-jpeg.jpg?resize=768%2C343&amp;ssl=1 768w\" sizes=\"auto, (max-width: 700px) 100vw, 700px\" \/><figcaption id=\"caption-attachment-3670\" class=\"wp-caption-text\"><strong>CT Rei Pel\u00e9 nos dias atuais<\/strong><\/figcaption><\/figure>\n<p>O jornalista Aldo Neto recebeu hoje em seu programa \u201cCanal do Santos\u201d na TV-COM, o Deputado Federal pelo <strong>PSC <\/strong>do Paran\u00e1, Paulo Eduardo Martins.<\/p>\n<p>Na companhia do ex-conselheiro <strong>Clovis Cimino<\/strong>, Aldo Neto conduziu a entrevista abordando sobretudo a rela\u00e7\u00e3o \u201cClube \u2013 Pol\u00edticos\u201d como fundamental para a solu\u00e7\u00e3o de problemas do Santos FC.<\/p>\n<p>O deputado que sempre fez quest\u00e3o de assumir publicamente seu amor incondicional ao Santos FC, mesmo morando em outro estado, contou como foi a participa\u00e7\u00e3o dele ao lado do presidente Orlando Rollo na resolu\u00e7\u00e3o do imbr\u00f3glio envolvendo o terreno onde est\u00e1 situado o CT REI PEL\u00c9.<\/p>\n<p>&nbsp;<\/p>\n<p>&nbsp;<\/p>\n<p>&nbsp;<\/p>\n<p>&nbsp;<\/p>\n<p>&nbsp;<\/p>\n","protected":false},"excerpt":{"rendered":"<p>H\u00e1 pouco mais de um m\u00eas, dois clubes tradicionais da cidade de Santos: A Associa\u00e7\u00e3o Atl\u00e9tica Portuguesa (conhecida como Briosa<\/p>\n","protected":false},"author":2,"featured_media":3670,"comment_status":"open","ping_status":"open","sticky":false,"template":"","format":"standard","meta":{"colormag_page_container_layout":"default_layout","colormag_page_sidebar_layout":"default_layout","_jetpack_memberships_contains_paid_content":false,"footnotes":""},"categories":[12,23,4,14],"tags":[6],"class_list":["post-3666","post","type-post","status-publish","format-standard","has-post-thumbnail","hentry","category-analise-e-comentario","category-arquivo-e-memoria","category-bastidores-do-santos-fc","category-gestao-e-negocios","tag-santos-fc"],"jetpack_featured_media_url":"https:\/\/i0.wp.com\/sergiobertoldi.com\/wp-content\/uploads\/2021\/08\/Image-2021-01-01-at-14-20-43-jpeg.jpg?fit=1024%2C457&ssl=1","jetpack_likes_enabled":true,"jetpack_sharing_enabled":true,"_links":{"self":[{"href":"https:\/\/sergiobertoldi.com\/index.php\/wp-json\/wp\/v2\/posts\/3666","targetHints":{"allow":["GET"]}}],"collection":[{"href":"https:\/\/sergiobertoldi.com\/index.php\/wp-json\/wp\/v2\/posts"}],"about":[{"href":"https:\/\/sergiobertoldi.com\/index.php\/wp-json\/wp\/v2\/types\/post"}],"author":[{"embeddable":true,"href":"https:\/\/sergiobertoldi.com\/index.php\/wp-json\/wp\/v2\/users\/2"}],"replies":[{"embeddable":true,"href":"https:\/\/sergiobertoldi.com\/index.php\/wp-json\/wp\/v2\/comments?post=3666"}],"version-history":[{"count":4,"href":"https:\/\/sergiobertoldi.com\/index.php\/wp-json\/wp\/v2\/posts\/3666\/revisions"}],"predecessor-version":[{"id":3843,"href":"https:\/\/sergiobertoldi.com\/index.php\/wp-json\/wp\/v2\/posts\/3666\/revisions\/3843"}],"wp:featuredmedia":[{"embeddable":true,"href":"https:\/\/sergiobertoldi.com\/index.php\/wp-json\/wp\/v2\/media\/3670"}],"wp:attachment":[{"href":"https:\/\/sergiobertoldi.com\/index.php\/wp-json\/wp\/v2\/media?parent=3666"}],"wp:term":[{"taxonomy":"category","embeddable":true,"href":"https:\/\/sergiobertoldi.com\/index.php\/wp-json\/wp\/v2\/categories?post=3666"},{"taxonomy":"post_tag","embeddable":true,"href":"https:\/\/sergiobertoldi.com\/index.php\/wp-json\/wp\/v2\/tags?post=3666"}],"curies":[{"name":"wp","href":"https:\/\/api.w.org\/{rel}","templated":true}]}}