{"id":3650,"date":"2021-08-15T06:00:40","date_gmt":"2021-08-15T09:00:40","guid":{"rendered":"https:\/\/sergiobertoldi.com\/?p=3650"},"modified":"2021-08-15T01:48:09","modified_gmt":"2021-08-15T04:48:09","slug":"contra-o-fortaleza-santos-busca-uma-vitoria-que-nao-acontece-ha-15-anos","status":"publish","type":"post","link":"https:\/\/sergiobertoldi.com\/index.php\/2021\/08\/15\/contra-o-fortaleza-santos-busca-uma-vitoria-que-nao-acontece-ha-15-anos\/","title":{"rendered":"Contra o Fortaleza Santos busca uma vit\u00f3ria que n\u00e3o acontece h\u00e1 15 anos"},"content":{"rendered":"<p><span style=\"font-family: helvetica, arial, sans-serif; font-size: 14pt;\"><strong><u>Al\u00f4 Na\u00e7\u00e3o Santista! Sauda\u00e7\u00f5es Alvinegras!<\/u><\/strong><\/span><\/p>\n<p style=\"text-align: justify;\"><span style=\"font-family: 'times new roman', times, serif; font-size: 14pt;\">Pela <strong>16\u00aa<\/strong> rodada do Campeonato Brasileiro <strong>2021<\/strong>, Fortaleza e Santos se enfrentam no in\u00edcio da noite deste domingo (<strong>15<\/strong>), quando a partir das <strong>18h15 <\/strong>(de Bras\u00edlia), o Alvinegro Praiano busca vencer novamente fora de casa, desta vez jogando na Arena Castel\u00e3o.<\/span><\/p>\n<p style=\"text-align: justify;\"><span style=\"font-family: 'times new roman', times, serif; font-size: 14pt;\">Ocupando a <strong>08\u00aa<\/strong> coloca\u00e7\u00e3o na tabela de classifica\u00e7\u00e3o, com <strong>20<\/strong> pontos conquistados em <strong>15<\/strong> partidas, com <strong>05<\/strong> vit\u00f3rias, <strong>05<\/strong> empates e <strong>05<\/strong> derrotas, o Alvinegro de Vila Belmiro chega para o confronto com o Fortaleza, buscando uma vit\u00f3ria para subir na tabela, e se aproximar ao G4. <\/span><br \/>\n<span style=\"font-family: 'times new roman', times, serif; font-size: 14pt;\">Fora de casa, o Santos busca al\u00e9m de uma vit\u00f3ria para subir na tabela, melhorar esse incomodo retrospecto negativo quando joga fora de casa! Dos sete jogos que fez como visitante no Campeonato Brasileiro, o Santos do t\u00e9cnico Fernando Diniz, s\u00f3 venceu um, tendo um \u00edndice de aproveitamento muito baixo quando joga como \u201cVisitante\u201d.<br \/>\n<\/span><span style=\"font-family: 'times new roman', times, serif; font-size: 14pt;\">Um Tabu estar\u00e1 em jogo nessa partida, j\u00e1 que o Santos n\u00e3o vence o Fortaleza h\u00e1 15 anos, desde a ultima vit\u00f3ria em 06\/05\/2006 \u2013 Santos 2 x 0 Fortaleza \u2013 Campeonato Brasileiro\u00a0<\/span><\/p>\n<p style=\"text-align: justify;\"><span style=\"font-family: 'times new roman', times, serif; font-size: 14pt;\">Jogando em casa, e embalado pela importante vit\u00f3ria na rodada passada, onde venceu o Palmeiras por 3 a 2, fora de casa, o Fortaleza vem para cima do Peixe em busca de mais tr\u00eas pontos para seguir nas primeiras coloca\u00e7\u00f5es da tabela, ainda mais estando em alta no campeonato onde atualmente ocupa a 3\u00aa coloca\u00e7\u00e3o a 2 pontos do vice l\u00edder Palmeiras.<br \/>\n<\/span><span style=\"font-family: 'times new roman', times, serif; font-size: 14pt;\">Com um time limitado, modesto, e sem jogadores denominados \u201cEstrelas\u201d o Fortaleza vem surpreendendo e realizando uma excelente campanha gra\u00e7as tamb\u00e9m ao trabalho realizado pelo treinador argentino &#8211; Juan Vojvoda.<\/span><\/p>\n<p style=\"text-align: justify;\"><span style=\"font-family: 'times new roman', times, serif; font-size: 14pt;\">Para esse confronto, o t\u00e9cnico Juan Vojvoda conta com o time quase completo, a exce\u00e7\u00e3o do volante Felipe, expulso na partida contra o Palmeiras na \u00faltima rodada!<br \/>\n<\/span><span style=\"font-family: 'times new roman', times, serif; font-size: 14pt;\">Desta forma o Fortaleza deve vir a campo com: <strong>Marcelo Boeck<\/strong>; <strong>Tinga<\/strong>, <strong>Marcelo Benevenuto<\/strong> e <strong>Titi<\/strong>; <strong>Yago Pikachu<\/strong>, <strong>Matheus Jussa<\/strong>, <strong>\u00c9derson<\/strong>, <strong>Matheus Vargas<\/strong> e <strong>Lucas Crispim<\/strong>; <strong>Romarinho<\/strong> e <strong>Robson<\/strong> (<strong>Wellington Paulista<\/strong>). T\u00e9cnico <strong>Juan Vojvoda <\/strong><\/span><\/p>\n<p style=\"text-align: justify;\"><span style=\"font-family: 'times new roman', times, serif; font-size: 14pt;\"><strong><u>Conhe\u00e7a um pouco da hist\u00f3ria do advers\u00e1rio do Santos.<\/u><\/strong><strong>\u00a0<\/strong><\/span><span style=\"font-family: 'times new roman', times, serif; font-size: 14pt;\"><strong>\u00a0<\/strong><\/span><\/p>\n<p style=\"text-align: justify;\"><span style=\"font-family: 'times new roman', times, serif; font-size: 14pt;\"><strong>Fortaleza Esporte Clube<\/strong>\u00a0\u00e9 um clube\u00a0poliesportivo\u00a0que est\u00e1 sediado na\u00a0cidade\u00a0de\u00a0<a href=\"https:\/\/pt.wikipedia.org\/wiki\/Fortaleza\" target=\"_blank\" rel=\"noopener\">Fortaleza<\/a>, no\u00a0Nordeste\u00a0do\u00a0Brasil. Foi fundado em\u00a018 de outubro\u00a0de\u00a01918, por\u00a0<a href=\"https:\/\/pt.wikipedia.org\/wiki\/Alcides_Santos\" target=\"_blank\" rel=\"noopener\">Alcides Santos<\/a>, um dos maiores esportistas\u00a0cearenses, que se apaixonou pelo\u00a0futebol\u00a0durante o per\u00edodo em que estudou no\u00a0<em>College Stella<\/em>, na\u00a0Su\u00ed\u00e7a.<\/span><br \/>\n<span style=\"font-family: 'times new roman', times, serif; font-size: 14pt;\">No\u00a0futebol, principal esporte em que atua, tem como principal t\u00edtulo o\u00a0Campeonato Brasileiro da S\u00e9rie B de 2018, quando foi campe\u00e3o nacional no ano do seu Centen\u00e1rio e com duas rodadas de anteced\u00eancia.<\/span><br \/>\n<span style=\"font-family: 'times new roman', times, serif; font-size: 14pt;\">Na\u00a0d\u00e9cada de 1960, o jornalista Vicente Alencar, na antiga\u00a0R\u00e1dio Uirapuru, popularizou o mascote\u00a0Le\u00e3o, denomina\u00e7\u00e3o que vinha dos tempos da <a href=\"https:\/\/pt.wikipedia.org\/wiki\/Pra%C3%A7a_General_Tib%C3%BArcio_(Fortaleza)\" target=\"_blank\" rel=\"noopener\">Pra\u00e7a General Tib\u00farcio<\/a>\u00a0mais popularmente conhecida por\u00a0<strong><em>Pra\u00e7a do Le\u00f5es<\/em><\/strong>, pois quando os advers\u00e1rios vinham atuar contra o Fortaleza, diziam: &#8220;Vamos enfrentar o time da pra\u00e7a do Le\u00f5es&#8221; e depois time de Le\u00f5es<\/span><br \/>\n<span style=\"font-family: 'times new roman', times, serif; font-size: 14pt;\">Embora o Fortaleza tenha seu pr\u00f3prio est\u00e1dio, chamado Est\u00e1dio <a href=\"https:\/\/pt.wikipedia.org\/wiki\/Est%C3%A1dio_Alcides_Santos\" target=\"_blank\" rel=\"noopener\">Alcides Santos<\/a> no localizado no Bairro <a href=\"https:\/\/pt.wikipedia.org\/wiki\/Pici\" target=\"_blank\" rel=\"noopener\">Pici<\/a>, o Le\u00e3o manda seus jogos no Est\u00e1dio \u201cgovernador Pl\u00e1cido Castelo\u201d mais conhecido como \u201cArena <a href=\"https:\/\/pt.wikipedia.org\/wiki\/Est%C3%A1dio_Governador_Pl%C3%A1cido_Castelo\" target=\"_blank\" rel=\"noopener\">Castel\u00e3o<\/a>\u201d<\/span><\/p>\n<p style=\"text-align: justify;\"><span style=\"font-family: 'times new roman', times, serif; font-size: 14pt;\"><strong><u>Em sua galeria de trof\u00e9us, o Fortaleza ostenta os seguintes T\u00edtulos<\/u><\/strong><\/span><\/p>\n<ul style=\"text-align: justify;\">\n<li><span style=\"font-family: 'times new roman', times, serif; font-size: 14pt;\">Campeonato Cearense<strong>: 44<\/strong><\/span><\/li>\n<li><span style=\"font-family: 'times new roman', times, serif; font-size: 14pt;\">Torneio in\u00edcio<strong>:<\/strong> 1<strong>2 <\/strong><\/span><\/li>\n<li><span style=\"font-family: 'times new roman', times, serif; font-size: 14pt;\">Ta\u00e7a dos Campe\u00f5es Cearenses<strong>:<\/strong> <strong>2 (2016, 2017)<\/strong><\/span><\/li>\n<li><span style=\"font-family: 'times new roman', times, serif; font-size: 14pt;\">Copa Nordeste<strong>: (2019)<\/strong><\/span><\/li>\n<li><span style=\"font-family: 'times new roman', times, serif; font-size: 14pt;\">Campeonato Brasileiro S\u00e9rie B<strong>: (2018)<\/strong><\/span><\/li>\n<li><span style=\"font-family: 'times new roman', times, serif; font-size: 14pt;\">Torneio Norte Nordeste<strong>: (1970)<\/strong><\/span><\/li>\n<\/ul>\n<p style=\"text-align: justify;\"><span style=\"font-family: 'times new roman', times, serif; font-size: 14pt;\"><strong><u>Uniformes<\/u><\/strong><\/span><\/p>\n<p style=\"text-align: justify;\"><img data-recalc-dims=\"1\" loading=\"lazy\" decoding=\"async\" class=\"alignnone size-medium wp-image-3651\" src=\"https:\/\/i0.wp.com\/sergiobertoldi.com\/wp-content\/uploads\/2021\/08\/Uniforme-do-Fortaleza.png?resize=300%2C154&#038;ssl=1\" alt=\"\" width=\"300\" height=\"154\" srcset=\"https:\/\/i0.wp.com\/sergiobertoldi.com\/wp-content\/uploads\/2021\/08\/Uniforme-do-Fortaleza.png?resize=300%2C154&amp;ssl=1 300w, https:\/\/i0.wp.com\/sergiobertoldi.com\/wp-content\/uploads\/2021\/08\/Uniforme-do-Fortaleza.png?w=337&amp;ssl=1 337w\" sizes=\"auto, (max-width: 300px) 100vw, 300px\" \/><\/p>\n<p style=\"text-align: justify;\"><span style=\"font-family: 'times new roman', times, serif; font-size: 14pt;\"><strong><u>Confrontos ao longo da hist\u00f3ria<br \/>\n<\/u><\/strong><\/span><span style=\"font-family: 'times new roman', times, serif; font-size: 14pt;\"><strong><u>Retrospecto\u00a0\u00a0\u00a0\u00a0 <\/u><\/strong><\/span><\/p>\n<p style=\"text-align: justify;\"><span style=\"font-family: 'times new roman', times, serif; font-size: 14pt;\"><strong>Santos<\/strong> e <strong>Fortaleza Esporte Clube<\/strong>\u00a0 j\u00e1 se enfrentaram <strong>19 <\/strong><strong>vezes<\/strong> ao longo da hist\u00f3ria.<br \/>\n<\/span><span style=\"font-family: 'times new roman', times, serif; font-size: 14pt;\">Foram <strong>08<\/strong> <strong>vit\u00f3rias <\/strong>do Santos, contra <strong>02<\/strong> <strong>vit\u00f3rias<\/strong> do Fortaleza e <strong>09<\/strong> <strong>empates<\/strong>.<br \/>\n<\/span><span style=\"font-family: 'times new roman', times, serif; font-size: 14pt;\">O Peixe marcou <strong>37<\/strong> <strong>gols <\/strong>e sofreu <strong>17<\/strong> <strong>Saldo<\/strong> de <strong><u>+20<\/u><\/strong><\/span><\/p>\n<p style=\"text-align: justify;\"><span style=\"font-family: 'times new roman', times, serif; font-size: 14pt;\">Em <strong><u>Campeonatos Brasileiros <\/u><\/strong>\u00a0Desde o primeiro confronto, foram <strong>16<\/strong> <strong>jogos<\/strong>, com <strong>06<\/strong> <strong>vit\u00f3rias<\/strong> do Santos, contra <strong>02 <\/strong><strong>vit\u00f3rias <\/strong>do Fortaleza e <strong>08<\/strong> <strong>empates<\/strong>.<\/span><br \/>\n<span style=\"font-family: 'times new roman', times, serif; font-size: 14pt;\">O time da Baixada Santista marcou <strong>27 <\/strong><strong>gols<\/strong> e sofreu <strong>13<\/strong>.<\/span><\/p>\n<p style=\"text-align: justify;\"><span style=\"font-family: 'times new roman', times, serif; font-size: 14pt;\"><strong><u>O \u00faltimo Confronto<br \/>\n<\/u><\/strong><\/span><span style=\"font-family: 'times new roman', times, serif; font-size: 14pt;\">No \u00faltimo confronto, v\u00e1lido pelo <strong><u>Campeonato Brasileiro<\/u><\/strong>\u00a0 de <strong>2020<\/strong>, a partida terminou com derrota do Santos pelo placar de 2X0 O jogo foi realizado no Castel\u00e3o<\/span><\/p>\n<p>&nbsp;<\/p>\n","protected":false},"excerpt":{"rendered":"<p>Al\u00f4 Na\u00e7\u00e3o Santista! Sauda\u00e7\u00f5es Alvinegras! Pela 16\u00aa rodada do Campeonato Brasileiro 2021, Fortaleza e Santos se enfrentam no in\u00edcio da<\/p>\n","protected":false},"author":2,"featured_media":3652,"comment_status":"open","ping_status":"open","sticky":false,"template":"","format":"standard","meta":{"colormag_page_container_layout":"default_layout","colormag_page_sidebar_layout":"default_layout","_jetpack_memberships_contains_paid_content":false,"footnotes":""},"categories":[11,56,17],"tags":[],"class_list":["post-3650","post","type-post","status-publish","format-standard","has-post-thumbnail","hentry","category-campeonato-brasileiro","category-conheca-o-adversario","category-pre-jogo"],"jetpack_featured_media_url":"https:\/\/i0.wp.com\/sergiobertoldi.com\/wp-content\/uploads\/2021\/08\/whatsapp_image_2019-11-28_at_18.31.08_1.jpeg?fit=984%2C738&ssl=1","jetpack_likes_enabled":true,"jetpack_sharing_enabled":true,"_links":{"self":[{"href":"https:\/\/sergiobertoldi.com\/index.php\/wp-json\/wp\/v2\/posts\/3650","targetHints":{"allow":["GET"]}}],"collection":[{"href":"https:\/\/sergiobertoldi.com\/index.php\/wp-json\/wp\/v2\/posts"}],"about":[{"href":"https:\/\/sergiobertoldi.com\/index.php\/wp-json\/wp\/v2\/types\/post"}],"author":[{"embeddable":true,"href":"https:\/\/sergiobertoldi.com\/index.php\/wp-json\/wp\/v2\/users\/2"}],"replies":[{"embeddable":true,"href":"https:\/\/sergiobertoldi.com\/index.php\/wp-json\/wp\/v2\/comments?post=3650"}],"version-history":[{"count":2,"href":"https:\/\/sergiobertoldi.com\/index.php\/wp-json\/wp\/v2\/posts\/3650\/revisions"}],"predecessor-version":[{"id":3654,"href":"https:\/\/sergiobertoldi.com\/index.php\/wp-json\/wp\/v2\/posts\/3650\/revisions\/3654"}],"wp:featuredmedia":[{"embeddable":true,"href":"https:\/\/sergiobertoldi.com\/index.php\/wp-json\/wp\/v2\/media\/3652"}],"wp:attachment":[{"href":"https:\/\/sergiobertoldi.com\/index.php\/wp-json\/wp\/v2\/media?parent=3650"}],"wp:term":[{"taxonomy":"category","embeddable":true,"href":"https:\/\/sergiobertoldi.com\/index.php\/wp-json\/wp\/v2\/categories?post=3650"},{"taxonomy":"post_tag","embeddable":true,"href":"https:\/\/sergiobertoldi.com\/index.php\/wp-json\/wp\/v2\/tags?post=3650"}],"curies":[{"name":"wp","href":"https:\/\/api.w.org\/{rel}","templated":true}]}}