{"id":3631,"date":"2021-08-13T08:58:15","date_gmt":"2021-08-13T11:58:15","guid":{"rendered":"https:\/\/sergiobertoldi.com\/?p=3631"},"modified":"2021-08-13T08:58:15","modified_gmt":"2021-08-13T11:58:15","slug":"santos-tras-mais-uma-aposta-para-o-setor-ofensivo-conheca-marcello-pistelli","status":"publish","type":"post","link":"https:\/\/sergiobertoldi.com\/index.php\/2021\/08\/13\/santos-tras-mais-uma-aposta-para-o-setor-ofensivo-conheca-marcello-pistelli\/","title":{"rendered":"Santos tr\u00e1s mais uma aposta para o setor ofensivo! Conhe\u00e7a Marcello Pistelli"},"content":{"rendered":"<p style=\"text-align: justify;\"><span style=\"font-family: 'times new roman', times, serif; font-size: 14pt;\">Todo contrato de trabalho tem as suas peculiaridades, detalhes que o empregador e principalmente o empregado, tem a obriga\u00e7\u00e3o de saber.<\/span><br \/>\n<span style=\"font-family: 'times new roman', times, serif; font-size: 14pt;\">No futebol, um neg\u00f3cio que movimenta milh\u00f5es, os cuidados e a aten\u00e7\u00e3o aos detalhes que se precisa ter, s\u00e3o maiores ainda! H\u00e1 diversos pontos que dirigentes de clubes, devem estar atentos ao contratar um atleta de futebol.<\/span><\/p>\n<p style=\"text-align: justify;\"><span style=\"font-family: 'times new roman', times, serif; font-size: 14pt;\"><strong><u>Como se d\u00e1 o contrato?<\/u><\/strong><\/span><\/p>\n<p style=\"text-align: justify;\"><span style=\"font-family: 'times new roman', times, serif; font-size: 14pt;\">O contrato de trabalho do atleta de futebol, somente pode ser firmado entre atleta e uma entidade de pr\u00e1tica desportiva, ou seja: N\u00e3o \u00e9 permitida a presen\u00e7a de pessoa f\u00edsica na qualidade de empregador. Nesse momento, nasce o v\u00ednculo desportivo, bem como o direito do clube em registrar o atleta na federa\u00e7\u00e3o a ele vinculada, no caso do futebol, a \u201cConfedera\u00e7\u00e3o Brasileira de Futebol\u201d (CBF), possuindo o atleta condi\u00e7\u00e3o legal de atua\u00e7\u00e3o.<\/span><\/p>\n<p style=\"text-align: justify;\"><span style=\"font-family: 'times new roman', times, serif; font-size: 14pt;\"><strong><u>Quanto tempo dura um Contrato?<\/u><\/strong><\/span><\/p>\n<p style=\"text-align: justify;\"><span style=\"font-family: 'times new roman', times, serif; font-size: 14pt;\">O contrato de trabalho com um jogador de futebol, possui um prazo determinado, que pode variar de uma dura\u00e7\u00e3o m\u00ednima de 90 dias, e m\u00e1xima de cinco anos. Al\u00e9m disso, n\u00e3o \u00e9 poss\u00edvel firmar um contrato com tempo indeterminado, tampouco com duas entidades de pr\u00e1tica desportiva ao mesmo tempo.<\/span><\/p>\n<p style=\"text-align: justify;\"><span style=\"font-family: 'times new roman', times, serif; font-size: 14pt;\">Estamos trazendo as informa\u00e7\u00f5es acima, elucidando ao leitor e torcedor, sobre como se d\u00e1 o tr\u00e2mite, o processo de registro de um jogador de futebol, pois nos causou estranheza, uma informa\u00e7\u00e3o a respeito da contrata\u00e7\u00e3o de um jovem jogador adquirido inicialmente para compor o Sub-20, categoria para onde chegaram 13 jogadores.<\/span><br \/>\n<span style=\"font-family: 'times new roman', times, serif; font-size: 14pt;\">Trata-se do jogador \u201c<strong>Jo\u00e3o Marcello Pinho Pistelli Nogueira<\/strong>\u201d, atleta de <strong>20 anos<\/strong> de idade, que tem dupla nacionalidade (Brasileira \/Italiana) Atacante canhoto que atua tanto como (<strong>Ponta Esquerda<\/strong>), como Defensor atuando como (<strong>Lateral Esquerdo<\/strong>).<\/span><\/p>\n<p style=\"text-align: justify;\"><span style=\"font-family: 'times new roman', times, serif; font-size: 14pt;\">Ex menino da vila agora de volta ao Santos, em <strong>2016<\/strong>, iniciou sua trajet\u00f3ria no futebol europeu pelo <strong>Rio Ave<\/strong>, de Portugal onde atuou desde o <strong>Sub-15<\/strong> at\u00e9 o <strong>Sub-19<\/strong>. Pelo <strong>Sub-18<\/strong>, foi o artilheiro da equipe com <strong>18 gols<\/strong> marcados.<\/span><br \/>\n<span style=\"font-family: 'times new roman', times, serif; font-size: 14pt;\">Tr\u00eas anos mais tarde, chegou ao <strong>Getafe<\/strong> para defender o <strong>Sub-19<\/strong> do time na Primeira Divis\u00e3o Espanhola.<\/span><\/p>\n<p style=\"text-align: justify;\"><span style=\"font-family: 'times new roman', times, serif; font-size: 14pt;\">Inicialmente surgiu a informa\u00e7\u00e3o, de que o jogador chegaria ao Santos com um contrato de apenas quatro meses, algo que embora por lei seja permitido, n\u00e3o se trata de um per\u00edodo muito comum, ainda mais se recordarmos que se a pr\u00f3pria lei faculta ao jogador poder assinar um pr\u00e9 contrato com qualquer outro clube, faltando seis meses para o t\u00e9rmino de seu contrato em vig\u00eancia, o que dir\u00e1 em apenas quatro meses!<\/span><br \/>\n<span style=\"font-family: 'times new roman', times, serif; font-size: 14pt;\"> Ou seja: O jogador viria fazer o que no Santos?<\/span><br \/>\n<span style=\"font-family: 'times new roman', times, serif; font-size: 14pt;\">Usar o clube como vitrina, e em dezembro ir embora sem deixar nada para o Santos?<\/span><\/p>\n<p><img data-recalc-dims=\"1\" loading=\"lazy\" decoding=\"async\" class=\"aligncenter wp-image-3632\" src=\"https:\/\/i0.wp.com\/sergiobertoldi.com\/wp-content\/uploads\/2021\/08\/inscricao.png?resize=460%2C241&#038;ssl=1\" alt=\"\" width=\"460\" height=\"241\" srcset=\"https:\/\/i0.wp.com\/sergiobertoldi.com\/wp-content\/uploads\/2021\/08\/inscricao.png?w=735&amp;ssl=1 735w, https:\/\/i0.wp.com\/sergiobertoldi.com\/wp-content\/uploads\/2021\/08\/inscricao.png?resize=300%2C157&amp;ssl=1 300w, https:\/\/i0.wp.com\/sergiobertoldi.com\/wp-content\/uploads\/2021\/08\/inscricao.png?resize=390%2C205&amp;ssl=1 390w\" sizes=\"auto, (max-width: 460px) 100vw, 460px\" \/><\/p>\n<p style=\"text-align: justify;\"><span style=\"font-family: 'times new roman', times, serif; font-size: 14pt;\">Por\u00e9m algumas horas depois, a informa\u00e7\u00e3o que acreditamos ser a correta, foi a veiculada no (BID) \u201cBoletim Informativo Di\u00e1rio\u201d, da \u201cConfedera\u00e7\u00e3o Brasileira de Futebol\u201d (CBF), conforme reproduziremos abaixo, e embora n\u00e3o conste do BID, o contrato do jogador ir\u00e1 at\u00e9 <strong>31 de Dezembro de 2022.<\/strong><\/span><\/p>\n<p style=\"text-align: justify;\"><img data-recalc-dims=\"1\" loading=\"lazy\" decoding=\"async\" class=\"aligncenter wp-image-3633\" src=\"https:\/\/i0.wp.com\/sergiobertoldi.com\/wp-content\/uploads\/2021\/08\/inscricao-02.png?resize=461%2C252&#038;ssl=1\" alt=\"\" width=\"461\" height=\"252\" srcset=\"https:\/\/i0.wp.com\/sergiobertoldi.com\/wp-content\/uploads\/2021\/08\/inscricao-02.png?w=491&amp;ssl=1 491w, https:\/\/i0.wp.com\/sergiobertoldi.com\/wp-content\/uploads\/2021\/08\/inscricao-02.png?resize=300%2C164&amp;ssl=1 300w\" sizes=\"auto, (max-width: 461px) 100vw, 461px\" \/><\/p>\n<p style=\"text-align: justify;\"><span style=\"font-family: 'times new roman', times, serif; font-size: 14pt;\">Saiba quem s\u00e3o os outros 13 jogadores trazidos para o Sub-20<\/span><\/p>\n<ul style=\"text-align: justify;\">\n<li><span style=\"font-family: 'times new roman', times, serif; font-size: 14pt;\">zagueiro <strong>Gabriel Passos<\/strong><\/span><\/li>\n<li><span style=\"font-family: 'times new roman', times, serif; font-size: 14pt;\">volante <strong>St\u00eanio<\/strong><\/span><\/li>\n<li><span style=\"font-family: 'times new roman', times, serif; font-size: 14pt;\">volante <strong>Geliel Silva<\/strong><\/span><\/li>\n<li><span style=\"font-family: 'times new roman', times, serif; font-size: 14pt;\">volante\/meia <strong>Jo\u00e3o Victor<\/strong><\/span><\/li>\n<li><span style=\"font-family: 'times new roman', times, serif; font-size: 14pt;\">lateral-esquerdo <strong>Natan Pereira<\/strong><\/span><\/li>\n<li><span style=\"font-family: 'times new roman', times, serif; font-size: 14pt;\">lateral-esquerdo <strong>Diogo Correia<\/strong><\/span><\/li>\n<li><span style=\"font-family: 'times new roman', times, serif; font-size: 14pt;\">lateral-esquerdo <strong>Jeffin<\/strong><\/span><\/li>\n<li><span style=\"font-family: 'times new roman', times, serif; font-size: 14pt;\">meia <strong>Filipe Claudino<\/strong><\/span><\/li>\n<li><span style=\"font-family: 'times new roman', times, serif; font-size: 14pt;\">meia <strong>Thomas Bueno<\/strong><\/span><\/li>\n<li><span style=\"font-family: 'times new roman', times, serif; font-size: 14pt;\">meia <strong>Davis Silva<\/strong><\/span><\/li>\n<li><span style=\"font-family: 'times new roman', times, serif; font-size: 14pt;\">atacante <strong>Rayan Carlos<\/strong><\/span><\/li>\n<li><span style=\"font-family: 'times new roman', times, serif; font-size: 14pt;\">atacante <strong>Cau\u00e3<\/strong><\/span><\/li>\n<li><span style=\"font-family: 'times new roman', times, serif; font-size: 14pt;\">atacante <strong>Gabriel dos Anjos<\/strong><\/span><\/li>\n<li><span style=\"font-family: 'times new roman', times, serif; font-size: 14pt;\">atacante <strong>Marco Antonio<\/strong><\/span><\/li>\n<li><span style=\"font-family: 'times new roman', times, serif; font-size: 14pt;\">atacante <strong>Gabriel Miranda<\/strong><\/span><\/li>\n<\/ul>\n<p style=\"text-align: justify;\"><span style=\"font-family: 'times new roman', times, serif; font-size: 14pt;\">Cr\u00e9dito de Imagem (Reprodu\u00e7\u00e3o\/Instagram)<\/span><\/p>\n","protected":false},"excerpt":{"rendered":"<p>Todo contrato de trabalho tem as suas peculiaridades, detalhes que o empregador e principalmente o empregado, tem a obriga\u00e7\u00e3o de<\/p>\n","protected":false},"author":2,"featured_media":3634,"comment_status":"open","ping_status":"open","sticky":false,"template":"","format":"standard","meta":{"colormag_page_container_layout":"default_layout","colormag_page_sidebar_layout":"default_layout","_jetpack_memberships_contains_paid_content":false,"footnotes":""},"categories":[12,7,4,59],"tags":[6],"class_list":["post-3631","post","type-post","status-publish","format-standard","has-post-thumbnail","hentry","category-analise-e-comentario","category-base-santista","category-bastidores-do-santos-fc","category-pitacos-do-bertoldi","tag-santos-fc"],"jetpack_featured_media_url":"https:\/\/i0.wp.com\/sergiobertoldi.com\/wp-content\/uploads\/2021\/08\/4ohjohyaoa22065unufkvd6fl.jpg?fit=852%2C567&ssl=1","jetpack_likes_enabled":true,"jetpack_sharing_enabled":true,"_links":{"self":[{"href":"https:\/\/sergiobertoldi.com\/index.php\/wp-json\/wp\/v2\/posts\/3631","targetHints":{"allow":["GET"]}}],"collection":[{"href":"https:\/\/sergiobertoldi.com\/index.php\/wp-json\/wp\/v2\/posts"}],"about":[{"href":"https:\/\/sergiobertoldi.com\/index.php\/wp-json\/wp\/v2\/types\/post"}],"author":[{"embeddable":true,"href":"https:\/\/sergiobertoldi.com\/index.php\/wp-json\/wp\/v2\/users\/2"}],"replies":[{"embeddable":true,"href":"https:\/\/sergiobertoldi.com\/index.php\/wp-json\/wp\/v2\/comments?post=3631"}],"version-history":[{"count":1,"href":"https:\/\/sergiobertoldi.com\/index.php\/wp-json\/wp\/v2\/posts\/3631\/revisions"}],"predecessor-version":[{"id":3635,"href":"https:\/\/sergiobertoldi.com\/index.php\/wp-json\/wp\/v2\/posts\/3631\/revisions\/3635"}],"wp:featuredmedia":[{"embeddable":true,"href":"https:\/\/sergiobertoldi.com\/index.php\/wp-json\/wp\/v2\/media\/3634"}],"wp:attachment":[{"href":"https:\/\/sergiobertoldi.com\/index.php\/wp-json\/wp\/v2\/media?parent=3631"}],"wp:term":[{"taxonomy":"category","embeddable":true,"href":"https:\/\/sergiobertoldi.com\/index.php\/wp-json\/wp\/v2\/categories?post=3631"},{"taxonomy":"post_tag","embeddable":true,"href":"https:\/\/sergiobertoldi.com\/index.php\/wp-json\/wp\/v2\/tags?post=3631"}],"curies":[{"name":"wp","href":"https:\/\/api.w.org\/{rel}","templated":true}]}}