{"id":3601,"date":"2021-08-05T06:00:41","date_gmt":"2021-08-05T09:00:41","guid":{"rendered":"https:\/\/sergiobertoldi.com\/?p=3601"},"modified":"2021-08-04T17:43:15","modified_gmt":"2021-08-04T20:43:15","slug":"sociedade-desportiva-juazeirense-x-santos-futebol-clube","status":"publish","type":"post","link":"https:\/\/sergiobertoldi.com\/index.php\/2021\/08\/05\/sociedade-desportiva-juazeirense-x-santos-futebol-clube\/","title":{"rendered":"Sociedade Desportiva Juazeirense X Santos Futebol Clube"},"content":{"rendered":"<p><span style=\"font-family: helvetica, arial, sans-serif; font-size: 14pt;\"><strong><u>Al\u00f4 Na\u00e7\u00e3o Santista! Sauda\u00e7\u00f5es Alvinegras!<\/u><\/strong><\/span><\/p>\n<p>Pela segunda partida das oitavas de final da Copa do Brasil, Juazeirense e Santos se enfrentam nesta quinta-feira (<strong>05<\/strong>), quando \u00e0s\u00a0<strong>19h15<\/strong>\u00a0(hor\u00e1rio de Bras\u00edlia), decidem qual dos dois segue vivo na competi\u00e7\u00e3o.<br \/>\nCom a goleada por 4 a 0 imposta em casa no jogo de ida, o Alvinegro de Vila Belmiro chega para esse confronto decisivo no Est\u00e1dio Adauto Moraes, em Juazeiro, trazendo na bagagem uma situa\u00e7\u00e3o bem confort\u00e1vel.<br \/>\nComandado pelo t\u00e9cnico Fernando Diniz, o Santos pode perder por at\u00e9 tr\u00eas gols de diferen\u00e7a, que se classifica \u00e0s quartas de final da competi\u00e7\u00e3o.<\/p>\n<p>O Alvinegro Praiano chega para essa partida, vindo de uma vit\u00f3ria fora de casa contra a equipe da Chapecoense pelo Campeonato Brasileiro, quebrando um jejum de vit\u00f3rias fora de casa, e apesar da situa\u00e7\u00e3o privilegiada com a qual vai entrar em campo, quer vencer novamente!<\/p>\n<p>Na terceira fase, o Santos sobrou e eliminou o Cianorte sem muitos sustos. J\u00e1 o Juazeirense teve um grande desempenho, de supera\u00e7\u00e3o, e passou pelo Cruzeiro ap\u00f3s perder o jogo de ida por 1&#215;0. Na volta, a equipe da Bahia conseguiu a vit\u00f3ria simples e se classificou nos p\u00eanaltis.<\/p>\n<p>Com todos os jogadores \u00e0 disposi\u00e7\u00e3o, o Juazeirense do t\u00e9cnico Carlos Rabello deve vir a campo para encarar o Santos escalado com:\u00a0<strong>Thiago Passos; Carlinhos, S\u00edlvio, Wendel e Izaldo; Felipe, Patrik, Waldir e J\u00fanior Timb\u00f3; Ian e Thauan.<\/strong>\u00a0T\u00e9cnico:\u00a0<strong>Carlos Rabello<\/strong><\/p>\n<p><strong><u>Conhe\u00e7a um pouco da hist\u00f3ria do advers\u00e1rio do Santos.<\/u><\/strong><\/p>\n<p>A\u00a0Sociedade Desportiva\u00a0Juazeirense\u00a0foi fundada no ano de 2006 pelo\u00a0Deputado Estadual (PDT)\u00a0 Roberto Carlos. Apaixonado por futebol, Roberto Carlos j\u00e1 havia sido presidente do Juazeiro Social Clube em duas oportunidades, at\u00e9 que resolveu dar vida ao Canc\u00e3o de Fogo.<br \/>\nO clube estreou no futebol disputando o\u00a0Campeonato Baiano da Segunda Divis\u00e3o\u00a0no ano de 2008, quando chegou a semifinal da competi\u00e7\u00e3o.<br \/>\nNo ano seguinte, foi al\u00e9m e ficou com o vice-campeonato, que na ocasi\u00e3o, n\u00e3o dava o acesso \u00e0 elite do futebol Baiano.<br \/>\nDois anos depois, no entanto, veio o acesso com direito ao primeiro t\u00edtulo do Clube.<br \/>\n\u00c9 no\u00a0<strong>Adauto Moraes<\/strong>, est\u00e1dio com capacidade para cerca de\u00a0<strong>10 mil<\/strong>\u00a0pessoas, que o Juazeirense manda seus jogos. Conhecido tamb\u00e9m pela irregularidade gramado e problemas de ilumina\u00e7\u00e3o, o Est\u00e1dio Adauto tem se mostrado um temor para qualquer visitante.<br \/>\nSistema de irriga\u00e7\u00e3o ativado durante a partida, sumi\u00e7o de bolas e paralisa\u00e7\u00f5es na partida devido ao desligamento dos refletores no est\u00e1dio Adauto Moraes, podem fazer parte do pacote que espera o Santos, algo que j\u00e1 aconteceu nessa mesma Copa do Brasil contra o Sport<\/p>\n<p><strong><u>Em sua galeria de trof\u00e9us, o Juazeirense ostenta os seguintes T\u00edtulos<\/u><\/strong><\/p>\n<ul>\n<li>Campeonato Baiano da 2\u00aa Divis\u00e3o:<strong>\u00a001 (2011)<\/strong><\/li>\n<\/ul>\n<p><strong><u>Uniformes<\/u><\/strong><\/p>\n<p><img data-recalc-dims=\"1\" loading=\"lazy\" decoding=\"async\" class=\"alignnone size-full wp-image-3602\" src=\"https:\/\/i0.wp.com\/sergiobertoldi.com\/wp-content\/uploads\/2021\/08\/Uniforme-do-Juazeirense.png?resize=286%2C171&#038;ssl=1\" alt=\"\" width=\"286\" height=\"171\" \/><\/p>\n<p><strong><u>Confrontos ao longo da hist\u00f3ria<br \/>\n<\/u><\/strong><strong><u>Retrospecto<\/u><\/strong><\/p>\n<p><strong>Santos<\/strong> e <strong>Desportiva Juazeirense<\/strong> \u00a0j\u00e1 se enfrentaram <strong>01 <\/strong><strong>vez<\/strong> ao longo da hist\u00f3ria.<br \/>\nForam <strong>01<\/strong> <strong>vit\u00f3ria <\/strong>do Santos, contra <strong>00<\/strong> <strong>vit\u00f3rias <\/strong>do Juazeirense e <strong>00<\/strong> <strong>empates<\/strong>.<br \/>\nO Peixe marcou <strong>04<\/strong> <strong>gols <\/strong>e sofreu <strong>00<\/strong> <strong>Saldo<\/strong> de <strong><u>+04<\/u><\/strong><\/p>\n<p>Em <strong><u>Copas do Brasil <\/u><\/strong>\u00a0Desde o primeiro confronto, foi realizado <strong>01<\/strong> <strong>jogo<\/strong>, com <strong>01<\/strong> <strong>vit\u00f3ria<\/strong> do Santos, contra <strong>00<\/strong> <strong>vit\u00f3rias <\/strong>do Juazeirense e <strong>00<\/strong> <strong>empates<\/strong>. O time da Baixada Santista marcou <strong>04 <\/strong><strong>gols<\/strong> e sofreu <strong>00<\/strong>.<\/p>\n<p><strong><u>O \u00faltimo Confronto<br \/>\n<\/u><\/strong>No \u00faltimo confronto, v\u00e1lido pela <strong><u>Copa do Brasil<\/u><\/strong>\u00a0 de <strong>2021<\/strong>, a partida terminou com Vit\u00f3ria do Santos pelo placar de 4X0. \u00a0O jogo foi realizado na Vila Belmiro<\/p>\n<p>(Credito de Imagem: Felipe Pereira\/Rede Bahia)<\/p>\n<p>&nbsp;<\/p>\n","protected":false},"excerpt":{"rendered":"<p>Al\u00f4 Na\u00e7\u00e3o Santista! Sauda\u00e7\u00f5es Alvinegras! Pela segunda partida das oitavas de final da Copa do Brasil, Juazeirense e Santos se<\/p>\n","protected":false},"author":2,"featured_media":3603,"comment_status":"open","ping_status":"open","sticky":false,"template":"","format":"standard","meta":{"colormag_page_container_layout":"default_layout","colormag_page_sidebar_layout":"default_layout","_jetpack_memberships_contains_paid_content":false,"footnotes":""},"categories":[56,26,17],"tags":[6],"class_list":["post-3601","post","type-post","status-publish","format-standard","has-post-thumbnail","hentry","category-conheca-o-adversario","category-copa-do-brasil","category-pre-jogo","tag-santos-fc"],"jetpack_featured_media_url":"https:\/\/i0.wp.com\/sergiobertoldi.com\/wp-content\/uploads\/2021\/08\/adauto-morais.jpg?fit=800%2C472&ssl=1","jetpack_likes_enabled":true,"jetpack_sharing_enabled":true,"_links":{"self":[{"href":"https:\/\/sergiobertoldi.com\/index.php\/wp-json\/wp\/v2\/posts\/3601","targetHints":{"allow":["GET"]}}],"collection":[{"href":"https:\/\/sergiobertoldi.com\/index.php\/wp-json\/wp\/v2\/posts"}],"about":[{"href":"https:\/\/sergiobertoldi.com\/index.php\/wp-json\/wp\/v2\/types\/post"}],"author":[{"embeddable":true,"href":"https:\/\/sergiobertoldi.com\/index.php\/wp-json\/wp\/v2\/users\/2"}],"replies":[{"embeddable":true,"href":"https:\/\/sergiobertoldi.com\/index.php\/wp-json\/wp\/v2\/comments?post=3601"}],"version-history":[{"count":1,"href":"https:\/\/sergiobertoldi.com\/index.php\/wp-json\/wp\/v2\/posts\/3601\/revisions"}],"predecessor-version":[{"id":3604,"href":"https:\/\/sergiobertoldi.com\/index.php\/wp-json\/wp\/v2\/posts\/3601\/revisions\/3604"}],"wp:featuredmedia":[{"embeddable":true,"href":"https:\/\/sergiobertoldi.com\/index.php\/wp-json\/wp\/v2\/media\/3603"}],"wp:attachment":[{"href":"https:\/\/sergiobertoldi.com\/index.php\/wp-json\/wp\/v2\/media?parent=3601"}],"wp:term":[{"taxonomy":"category","embeddable":true,"href":"https:\/\/sergiobertoldi.com\/index.php\/wp-json\/wp\/v2\/categories?post=3601"},{"taxonomy":"post_tag","embeddable":true,"href":"https:\/\/sergiobertoldi.com\/index.php\/wp-json\/wp\/v2\/tags?post=3601"}],"curies":[{"name":"wp","href":"https:\/\/api.w.org\/{rel}","templated":true}]}}