{"id":3571,"date":"2021-07-31T10:18:45","date_gmt":"2021-07-31T13:18:45","guid":{"rendered":"https:\/\/sergiobertoldi.com\/?p=3571"},"modified":"2021-07-31T10:18:45","modified_gmt":"2021-07-31T13:18:45","slug":"chapecoense-x-santos-futebol-clube","status":"publish","type":"post","link":"https:\/\/sergiobertoldi.com\/index.php\/2021\/07\/31\/chapecoense-x-santos-futebol-clube\/","title":{"rendered":"Chapecoense X Santos Futebol Clube"},"content":{"rendered":"<p><span style=\"font-family: helvetica, arial, sans-serif; font-size: 14pt;\"><strong><u>Al\u00f4 Na\u00e7\u00e3o Santista! Sauda\u00e7\u00f5es Alvinegras!<\/u><\/strong><\/span><\/p>\n<p>Ap\u00f3s vencer a equipe do Juazeirense, e deixar a classifica\u00e7\u00e3o rumo as semifinais da Copa do Brasil, bem encaminha, neste domingo, 1\u00ba de agosto,\u00a0<a href=\"https:\/\/sportbuzz.uol.com.br\/noticias\/futebol\/em-jogo-de-cinco-gols-cuiaba-supera-chapecoense-no-campeonato-brasileiro.phtml\" target=\"_blank\" rel=\"noopener\"><strong>Chapecoense<\/strong><\/a> e\u00a0<strong>Santos<\/strong>\u00a0se enfrentam, \u00e0s <strong>18h15<\/strong> (hor\u00e1rio de Bras\u00edlia), na <strong><u>Arena Cond\u00e1<\/u><\/strong>, em Santa Catarina, em partida v\u00e1lida pela <strong>14<\/strong>\u00aa rodada do Brasileir\u00e3o 2021<\/p>\n<p>Ocupando a <strong>12\u00aa<\/strong> coloca\u00e7\u00e3o na tabela de classifica\u00e7\u00e3o, com <strong>16<\/strong> pontos conquistados em <strong>13<\/strong> partidas, o Alvinegro de Vila Belmiro chega para o confronto com a Chapecoense, querendo n\u00e3o apenas conquistar uma vit\u00f3ria para se aproximar do t\u00e3o sonhado <strong>G6<\/strong>, zona que d\u00e1 acesso a <strong>Libertadores de 2022,<\/strong> como tamb\u00e9m acabar com o incomodo jejum de vit\u00f3rias fora de casa.<br \/>\nNas 13 rodadas do Brasileir\u00e3o disputadas at\u00e9 aqui, o Santos jogou fora de casa seis vezes. Foram: <strong>04<\/strong> derrotas e <strong>02<\/strong> empates.<br \/>\n<strong>01<\/strong><strong>\u00aa Rodada<\/strong> <strong>29\/05\/2021<\/strong> Bahia-BA<strong> 3<\/strong> X <strong>0<\/strong><strong> Santos-SP<br \/>\n<\/strong><strong>04<\/strong><strong>\u00aa Rodada<\/strong> <strong>17\/06\/2021<\/strong> Fluminense-RJ <strong>\u00a0<\/strong><strong>1 <\/strong>X <strong>0<\/strong> <strong>\u00a0Santos-SP <\/strong><br \/>\n<strong>06<\/strong><strong>\u00aa Rodada<\/strong> <strong>24\/06\/2021<\/strong> Gr\u00eamio-RS<strong> 2<\/strong> X <strong>2<\/strong><strong> Santos-SP<br \/>\n<\/strong><strong>09<\/strong><strong>\u00aa Rodada<\/strong> <strong>03\/07\/2021<\/strong> Am\u00e9r Mineiro-MG<strong>\u00a0 <\/strong><strong>2<\/strong> X <strong>0<\/strong> <strong>Santos-SP<\/strong><br \/>\n<strong>11<\/strong><strong>\u00aa Rodada<\/strong> <strong>10\/07\/2021<\/strong> Palmeiras-SP <strong>3<\/strong> X <strong>2<\/strong><strong> Santos-SP\u00a0 <\/strong>\u00a0<strong>\u00a0<\/strong><strong>\u00a0<\/strong><br \/>\n<strong>12<\/strong><strong>\u00aa Rodada<\/strong> <strong>18\/07\/2021<\/strong> RedBull-SP<strong> 2 <\/strong>X <strong>2<\/strong> <strong>Santos-SP<\/strong>\u00a0 <strong>\u00a0<\/strong><\/p>\n<p>A \u00faltima vez que o Alvinegro de Vila Belmiro soube o que era vencer longe de seus dom\u00ednios, foi no dia <strong>01 de Junho<\/strong> quando na estreia da Copa do Brasil, venceu em Cianorte-PR, a equipe do Cianorte pelo placar de 2 x 0, h\u00e1 exatos <strong>61 dias! <\/strong>Dois meses sem vencer uma partida fora de casa!<\/p>\n<p>J\u00e1 pelos lados da Chapecoense a situa\u00e7\u00e3o est\u00e1 um pouco mais complicada!<br \/>\nA equipe Catarinense, diferentemente do Santos que busca uma vit\u00f3ria para se aproximar dos primeiros lugares da tabela, precisa e muito dos tr\u00eas pontos para tentar iniciar sua escalada para sair da \u00faltima posi\u00e7\u00e3o na tabela de classifica\u00e7\u00e3o.<br \/>\nA Chape comandada pelo t\u00e9cnico <strong>Jair Ventura<\/strong>, chega para esse confronto, com apenas <strong>04<\/strong> pontos ganhos em <strong>13<\/strong> jogos, com <strong>00<\/strong> Vit\u00f3rias <strong>09<\/strong> Derrotas e <strong>04<\/strong> empates. No \u00faltimo confronto pelo Brasileir\u00e3o, a Chape perdeu para o Juventude pelo placar de 1&#215;0.<br \/>\nDepois de perder para o Juventude na \u00faltima rodada, o t\u00e9cnico Jair Ventura deve manter o mesmo esquema utilizado nos \u00faltimos jogos, por\u00e9m \u00e9 prov\u00e1vel que o 11 Catarinense sofra algumas modifica\u00e7\u00f5es na equipe que entrar\u00e1 em campo.<br \/>\nOs Santistas n\u00e3o apenas reencontrar\u00e3o um antigo comandante, como tamb\u00e9m v\u00e1rias caras bem conhecidas do torcedor Alvinegro!<br \/>\nA Chape conta com <strong>La\u00e9rcio<\/strong>, <strong>Matheus Ribeiro<\/strong>, <strong>Alan Santos<\/strong>, <strong>Thiago Ribeiro<\/strong> e <strong>Geuv\u00e2nio<\/strong> no elenco. Destes cinco, s\u00f3 <strong><u>Matheus<\/u><\/strong> \u00e9 titular absoluto e <strong>Geuv\u00e2nio <\/strong>atua com certa frequ\u00eancia.<br \/>\nDesfalques certos ficam por conta do Zagueiro Ign\u00e1cio, que sofreu uma les\u00e3o e est\u00e1 entregue ao DM, e o atacante Bruno Silva, punido ap\u00f3s a confus\u00e3o ocorrida contra o Internacional na Arena Cond\u00e1. Em compensa\u00e7\u00e3o o t\u00e9cnico Jair Ventura, conta com o retorno do atacante Anselmo Ramom que cumpriu suspens\u00e3o autom\u00e1tica na \u00faltima partida<\/p>\n<p>Desta forma a Chapecoense deve vir a campo escalada com: <strong>Jo\u00e3o Paulo; Matheus Ribeiro, Kad\u00fa, Derlan e Busanello; L\u00e9o Gomes, Anderson Leite, Felipe Silva (Lima); Fabinho, Fernandinho e Anselmo Ramon <\/strong>T\u00e9cnico <strong>Jair Ventura.<\/strong><\/p>\n<p><strong><u>Conhe\u00e7a um pouco da hist\u00f3ria do advers\u00e1rio do Santos.<\/u><\/strong><\/p>\n<p><strong>Associa\u00e7\u00e3o Chapecoense de Futebol<\/strong>, conhecida apenas como\u00a0<strong>Chapecoense<\/strong>, \u00e9 um clube de\u00a0futebol\u00a0brasileiro, sediado na cidade de\u00a0<strong><span style=\"color: #0000ff;\"><a style=\"color: #0000ff;\" href=\"https:\/\/pt.wikipedia.org\/wiki\/Chapec%C3%B3\" target=\"_blank\" rel=\"noopener\">Chapec\u00f3<\/a><\/span><\/strong>,\u00a0Santa Catarina.<br \/>\nFoi fundado em <strong>10 de maio de 1973<\/strong>, com o objetivo de restaurar o futebol na cidade. Sua origem est\u00e1 ligada ao fato de que, na d\u00e9cada de <strong>1970<\/strong>, a regi\u00e3o possu\u00eda apenas alguns times amadores, sendo inexpressiva em rela\u00e7\u00e3o ao futebol profissional.<br \/>\nCom o prop\u00f3sito de reverter esta situa\u00e7\u00e3o, alguns desportistas, jovens apaixonados pelo esporte, decidiram se reunir para criar um time de futebol profissional para a cidade.<br \/>\nO primeiro time foi formado por jogadores da cidade de Chapec\u00f3, alguns at\u00e9 exerciam outras profiss\u00f5es al\u00e9m do futebol.<br \/>\nDe propriedade da municipalidade, a <strong><u>Arena Cond\u00e1<\/u><\/strong> \u00a0\u00e9 a sede da Associa\u00e7\u00e3o Chapecoense de Futebol, est\u00e1dio onde manda seus jogos. Foi inaugurado em <strong>6 de fevereiro de 1980<\/strong> e tem capacidade para <strong>20.089<\/strong> espectadores<br \/>\nO nome do est\u00e1dio \u00e9 uma homenagem ao \u00edndio que atendia pelo nome de <strong>Vitorino Cond\u00e1<\/strong>, um dos principais l\u00edderes dos caingangues, ind\u00edgenas da Regi\u00e3o Oeste de Santa Catarina.<\/p>\n<p><strong><u>Em sua galeria de trof\u00e9us a Chapecoense ostenta os seguintes T\u00edtulos<\/u><\/strong><\/p>\n<ul>\n<li>Ta\u00e7a Santa Catarina<strong>: 2 (1979, 2014)<\/strong><\/li>\n<li>Campeonato Catarinense:<strong> 07<\/strong><\/li>\n<li>Copa Santa Catarina:<strong> (2006)<\/strong><\/li>\n<li>Campeonato Brasileiro S\u00e9rie B<strong>: (2020)<\/strong><\/li>\n<li>Copa Sul-americana<strong> (2016)<\/strong><\/li>\n<\/ul>\n<p><strong><u>Uniformes<\/u><\/strong><\/p>\n<p><img data-recalc-dims=\"1\" loading=\"lazy\" decoding=\"async\" class=\"alignnone size-medium wp-image-3572\" src=\"https:\/\/i0.wp.com\/sergiobertoldi.com\/wp-content\/uploads\/2021\/07\/Uniforme-da-Chapecoense.png?resize=300%2C172&#038;ssl=1\" alt=\"\" width=\"300\" height=\"172\" srcset=\"https:\/\/i0.wp.com\/sergiobertoldi.com\/wp-content\/uploads\/2021\/07\/Uniforme-da-Chapecoense.png?resize=300%2C172&amp;ssl=1 300w, https:\/\/i0.wp.com\/sergiobertoldi.com\/wp-content\/uploads\/2021\/07\/Uniforme-da-Chapecoense.png?w=303&amp;ssl=1 303w\" sizes=\"auto, (max-width: 300px) 100vw, 300px\" \/><\/p>\n<p><strong><u>Confrontos ao longo da Hist\u00f3ria<br \/>\n<\/u><\/strong><strong><u>Retrospecto<\/u><\/strong><\/p>\n<p><strong>Santos<\/strong> e <strong>Chapecoense <\/strong>j\u00e1 se enfrentaram <strong>12 <\/strong><strong>vezes<\/strong> ao longo da hist\u00f3ria.<br \/>\nForam <strong>07<\/strong> <strong>vit\u00f3rias <\/strong>do Santos, contra <strong>03<\/strong> <strong>vit\u00f3rias<\/strong> da Chapecoense e <strong>02<\/strong> <strong>empates<\/strong>.<br \/>\nO Peixe marcou <strong>15<\/strong> <strong>gols <\/strong>e sofreu <strong>06<\/strong> <strong>Saldo<\/strong> de <strong><u>+09<\/u><\/strong><\/p>\n<p>Em <strong><u>Campeonatos Brasileiros <\/u><\/strong>\u00a0Desde o primeiro confronto, foram <strong>12<\/strong> <strong>jogos<\/strong>, com <strong>07<\/strong> <strong>vit\u00f3rias<\/strong> do Santos, contra <strong>03 <\/strong><strong>vit\u00f3rias <\/strong>da Chapecoense e <strong>02<\/strong> <strong>empates<\/strong>. O time da Baixada Santista marcou <strong>15 <\/strong><strong>gols<\/strong> e sofreu <strong>06<\/strong>.<\/p>\n<p><strong><u>O \u00faltimo Confronto<br \/>\n<\/u><\/strong>No \u00faltimo confronto, v\u00e1lido pelo <strong><u>Campeonato Brasileiro<\/u><\/strong>\u00a0 de <strong>2019<\/strong>, a partida terminou com (Vit\u00f3ria do Santos) pelo placar de 2X0 o jogo foi realizado na (Vila Belmiro)<\/p>\n<p>&nbsp;<\/p>\n","protected":false},"excerpt":{"rendered":"<p>Al\u00f4 Na\u00e7\u00e3o Santista! Sauda\u00e7\u00f5es Alvinegras! Ap\u00f3s vencer a equipe do Juazeirense, e deixar a classifica\u00e7\u00e3o rumo as semifinais da Copa<\/p>\n","protected":false},"author":2,"featured_media":3573,"comment_status":"open","ping_status":"open","sticky":false,"template":"","format":"standard","meta":{"colormag_page_container_layout":"default_layout","colormag_page_sidebar_layout":"default_layout","_jetpack_memberships_contains_paid_content":false,"footnotes":""},"categories":[12,11,56],"tags":[6],"class_list":["post-3571","post","type-post","status-publish","format-standard","has-post-thumbnail","hentry","category-analise-e-comentario","category-campeonato-brasileiro","category-conheca-o-adversario","tag-santos-fc"],"jetpack_featured_media_url":"https:\/\/i0.wp.com\/sergiobertoldi.com\/wp-content\/uploads\/2021\/07\/arena-conda-15082018.jpg?fit=550%2C309&ssl=1","jetpack_likes_enabled":true,"jetpack_sharing_enabled":true,"_links":{"self":[{"href":"https:\/\/sergiobertoldi.com\/index.php\/wp-json\/wp\/v2\/posts\/3571","targetHints":{"allow":["GET"]}}],"collection":[{"href":"https:\/\/sergiobertoldi.com\/index.php\/wp-json\/wp\/v2\/posts"}],"about":[{"href":"https:\/\/sergiobertoldi.com\/index.php\/wp-json\/wp\/v2\/types\/post"}],"author":[{"embeddable":true,"href":"https:\/\/sergiobertoldi.com\/index.php\/wp-json\/wp\/v2\/users\/2"}],"replies":[{"embeddable":true,"href":"https:\/\/sergiobertoldi.com\/index.php\/wp-json\/wp\/v2\/comments?post=3571"}],"version-history":[{"count":1,"href":"https:\/\/sergiobertoldi.com\/index.php\/wp-json\/wp\/v2\/posts\/3571\/revisions"}],"predecessor-version":[{"id":3574,"href":"https:\/\/sergiobertoldi.com\/index.php\/wp-json\/wp\/v2\/posts\/3571\/revisions\/3574"}],"wp:featuredmedia":[{"embeddable":true,"href":"https:\/\/sergiobertoldi.com\/index.php\/wp-json\/wp\/v2\/media\/3573"}],"wp:attachment":[{"href":"https:\/\/sergiobertoldi.com\/index.php\/wp-json\/wp\/v2\/media?parent=3571"}],"wp:term":[{"taxonomy":"category","embeddable":true,"href":"https:\/\/sergiobertoldi.com\/index.php\/wp-json\/wp\/v2\/categories?post=3571"},{"taxonomy":"post_tag","embeddable":true,"href":"https:\/\/sergiobertoldi.com\/index.php\/wp-json\/wp\/v2\/tags?post=3571"}],"curies":[{"name":"wp","href":"https:\/\/api.w.org\/{rel}","templated":true}]}}