{"id":3567,"date":"2021-07-31T01:03:39","date_gmt":"2021-07-31T04:03:39","guid":{"rendered":"https:\/\/sergiobertoldi.com\/?p=3567"},"modified":"2021-07-31T01:03:39","modified_gmt":"2021-07-31T04:03:39","slug":"chegou-a-hora-de-dizer-adeus","status":"publish","type":"post","link":"https:\/\/sergiobertoldi.com\/index.php\/2021\/07\/31\/chegou-a-hora-de-dizer-adeus\/","title":{"rendered":"Chegou a hora de dizer adeus"},"content":{"rendered":"<p><span style=\"font-family: helvetica, arial, sans-serif; font-size: 14pt;\"><strong><u>Al\u00f4 Na\u00e7\u00e3o Santista! Sauda\u00e7\u00f5es Alvinegras!<\/u><\/strong><\/span><\/p>\n<p style=\"text-align: justify;\"><span style=\"font-family: 'times new roman', times, serif; font-size: 14pt;\">Natural da cidade litor\u00e2nea de\u00a0Mongagu\u00e1 na Baixada Santista, o volante Alison de 28 anos, nascido em (1 de mar\u00e7o de 1993), e que chegou nas categorias de base do\u00a0Santos FC\u00a0em 2004 com apenas 11 anos de idade, est\u00e1 muito perto de deixar o Santos.<\/span><br \/>\n<span style=\"font-family: 'times new roman', times, serif; font-size: 14pt;\">Ap\u00f3s <strong>17 <\/strong>anos, o volante que j\u00e1 entrou em campo defendendo o \u201cManto Santista\u201d em <strong>264 jogos<\/strong>, entende que \u00e9 chegado o momento de respirar novos ares, e viver novos desafios, ap\u00f3s um per\u00edodo t\u00e3o longo na vila Belmiro.<\/span><\/p>\n<p style=\"text-align: justify;\"><span style=\"font-family: 'times new roman', times, serif; font-size: 14pt;\">Alison que em 10 de setembro de 2011, fez sua estreia como jogador profissional, vestindo a camisa do Peixe na vit\u00f3ria por 1&#215;0 em casa sobre o Cruzeiro, foi marcar seu primeiro gol como profissional, somente em 18 de julho de 2014, na vit\u00f3ria por 2&#215;0 em casa contra o Palmeiras.<\/span><\/p>\n<p style=\"text-align: justify;\"><span style=\"font-family: 'times new roman', times, serif; font-size: 14pt;\">Volante com caracter\u00edsticas de forte marca\u00e7\u00e3o, e que nos \u00faltimos anos foi titular e dono da camisa cinco, sendo at\u00e9 capit\u00e3o da equipe, despertou o interesse do Al-Hazem, da Ar\u00e1bia Saudita, que est\u00e1 negociando com o Santos a compra dos direitos econ\u00f4micos do jogador, que deve sair por aproximadamente <strong>US$ 1 milh\u00e3o<\/strong> (cerca de <strong>R$ 5,18 milh\u00f5es<\/strong>). Ao Alvinegro praiano caber\u00e1 a quantia de <strong>R$ 3,6 milh\u00f5es<\/strong>, fatia do clube por deter <strong>70%<\/strong> dos direitos econ\u00f4micos do jogador<\/span><\/p>\n<p style=\"text-align: justify;\"><span style=\"font-family: 'times new roman', times, serif; font-size: 14pt;\">Al\u00e9m do fato de saber que aos 28 anos, um contrato com o futebol \u00c1rabe pode ser sua \u00faltima oportunidade de fazer um razo\u00e1vel p\u00e9 de meia, com certeza pesou na decis\u00e3o do jogador em aceitar a proposta, o fato de ter perdido espa\u00e7o no time com a chegada do volante Camacho, jogador sem o mesmo poder de marca\u00e7\u00e3o, por\u00e9m mais t\u00e9cnico, algo que hoje \u00e9 quase uma exig\u00eancia nos volantes modernos!<\/span><br \/>\n<span style=\"font-family: 'times new roman', times, serif; font-size: 14pt;\">Neg\u00f3cio bom para o jogador cujo contrato com o Santos, iria at\u00e9 dezembro de 2022, e bom tamb\u00e9m para o clube que se confirmar mesmo os valores pedidos, <strong>US$ 1 milh\u00e3o<\/strong> (cerca de <strong>R$ 5,18 milh\u00f5es<\/strong>), recebe uma graninha boa que garante o pagamento de alguns compromissos imediatos!<\/span><br \/>\n<span style=\"font-family: 'times new roman', times, serif; font-size: 14pt;\">A informa\u00e7\u00e3o que temos e que deve ser confirmada nas pr\u00f3ximas horas, d\u00e1 conta de que o neg\u00f3cio j\u00e1 est\u00e1 concretizado, e que o jogador j\u00e1 teria inclusive, esvaziado seu arm\u00e1rio na Vila Belmiro e se despedido dos colegas do Santos!<\/span><\/p>\n<p style=\"text-align: justify;\"><span style=\"font-family: 'times new roman', times, serif; font-size: 14pt;\">Volante marcador, daqueles chamados \u201cC\u00e3o de Guarda\u201d, Alison jamais primou por uma t\u00e9cnica apurada, um futebol de toques refinados nem grandes recursos, mas conquistou o cora\u00e7\u00e3o do torcedor Santista, por sua identifica\u00e7\u00e3o com o clube, ra\u00e7a, entrega em campo e amor a camisa!<\/span><br \/>\n<span style=\"font-family: 'times new roman', times, serif; font-size: 14pt;\">Jogador de muita for\u00e7a e ra\u00e7a, jogando um cl\u00e1ssico com o S\u00e3o Paulo na Vila Belmiro em 2015, Alison sofreu uma les\u00e3o no joelho e deixou o campo para ser atendido pelo M\u00e9dico do clube! Em um primeiro momento, o m\u00e9dico do Santos pela experi\u00eancia profissional, j\u00e1 constatara que a les\u00e3o n\u00e3o era algo leve, e no momento em que iria pedir a substitui\u00e7\u00e3o, o Alison pediu para o m\u00e9dico n\u00e3o falar nada e continuou o jogo inteiro! <\/span><br \/>\n<span style=\"font-family: 'times new roman', times, serif; font-size: 14pt;\">No dia seguinte, uma segunda-feira, foi realizado um exame que constatou uma ruptura no ligamento cruzado do joelho direito, e poucos dias depois o jogador foi submetido a uma cirurgia para a reconstru\u00e7\u00e3o dos ligamentos!<\/span><br \/>\n<span style=\"font-family: 'times new roman', times, serif; font-size: 14pt;\">O fato ganhou bastante repercuss\u00e3o e s\u00f3 chegou ao conhecimento do torcedor Santista, gra\u00e7as a uma entrevista do meu amigo e colega de R\u00e1dio e Jornalismo, o excelente Rep\u00f3rter Ademir Quintino!<\/span><\/p>\n<p style=\"text-align: justify;\"><span style=\"font-family: 'times new roman', times, serif; font-size: 14pt;\">Desejo Boa Sorte ao Jogador quem honrou como poucos o Manto Santista!<\/span><\/p>\n<p style=\"text-align: justify;\"><span style=\"font-family: 'times new roman', times, serif; font-size: 14pt;\">(Cr\u00e9dito: Imagem: Ivan Storti\/Divulga\u00e7\u00e3o\/Santos FC)<\/span><\/p>\n","protected":false},"excerpt":{"rendered":"<p>Al\u00f4 Na\u00e7\u00e3o Santista! Sauda\u00e7\u00f5es Alvinegras! Natural da cidade litor\u00e2nea de\u00a0Mongagu\u00e1 na Baixada Santista, o volante Alison de 28 anos, nascido<\/p>\n","protected":false},"author":2,"featured_media":3568,"comment_status":"open","ping_status":"open","sticky":false,"template":"","format":"standard","meta":{"colormag_page_container_layout":"default_layout","colormag_page_sidebar_layout":"default_layout","_jetpack_memberships_contains_paid_content":false,"footnotes":""},"categories":[12,4,31],"tags":[6],"class_list":["post-3567","post","type-post","status-publish","format-standard","has-post-thumbnail","hentry","category-analise-e-comentario","category-bastidores-do-santos-fc","category-quem-chega-e-quem-sai","tag-santos-fc"],"jetpack_featured_media_url":"https:\/\/i0.wp.com\/sergiobertoldi.com\/wp-content\/uploads\/2021\/07\/Santos-x-Ceara-Ivan-Storti-Santos-FC-05.jpg?fit=1280%2C853&ssl=1","jetpack_likes_enabled":true,"jetpack_sharing_enabled":true,"_links":{"self":[{"href":"https:\/\/sergiobertoldi.com\/index.php\/wp-json\/wp\/v2\/posts\/3567","targetHints":{"allow":["GET"]}}],"collection":[{"href":"https:\/\/sergiobertoldi.com\/index.php\/wp-json\/wp\/v2\/posts"}],"about":[{"href":"https:\/\/sergiobertoldi.com\/index.php\/wp-json\/wp\/v2\/types\/post"}],"author":[{"embeddable":true,"href":"https:\/\/sergiobertoldi.com\/index.php\/wp-json\/wp\/v2\/users\/2"}],"replies":[{"embeddable":true,"href":"https:\/\/sergiobertoldi.com\/index.php\/wp-json\/wp\/v2\/comments?post=3567"}],"version-history":[{"count":1,"href":"https:\/\/sergiobertoldi.com\/index.php\/wp-json\/wp\/v2\/posts\/3567\/revisions"}],"predecessor-version":[{"id":3570,"href":"https:\/\/sergiobertoldi.com\/index.php\/wp-json\/wp\/v2\/posts\/3567\/revisions\/3570"}],"wp:featuredmedia":[{"embeddable":true,"href":"https:\/\/sergiobertoldi.com\/index.php\/wp-json\/wp\/v2\/media\/3568"}],"wp:attachment":[{"href":"https:\/\/sergiobertoldi.com\/index.php\/wp-json\/wp\/v2\/media?parent=3567"}],"wp:term":[{"taxonomy":"category","embeddable":true,"href":"https:\/\/sergiobertoldi.com\/index.php\/wp-json\/wp\/v2\/categories?post=3567"},{"taxonomy":"post_tag","embeddable":true,"href":"https:\/\/sergiobertoldi.com\/index.php\/wp-json\/wp\/v2\/tags?post=3567"}],"curies":[{"name":"wp","href":"https:\/\/api.w.org\/{rel}","templated":true}]}}