{"id":3545,"date":"2021-07-30T06:00:14","date_gmt":"2021-07-30T09:00:14","guid":{"rendered":"https:\/\/sergiobertoldi.com\/?p=3545"},"modified":"2021-07-30T01:15:14","modified_gmt":"2021-07-30T04:15:14","slug":"cobrancas-e-xingamentos-a-beira-do-campo-exagero-ou-algo-comum-no-futebol","status":"publish","type":"post","link":"https:\/\/sergiobertoldi.com\/index.php\/2021\/07\/30\/cobrancas-e-xingamentos-a-beira-do-campo-exagero-ou-algo-comum-no-futebol\/","title":{"rendered":"Cobran\u00e7as e Xingamentos a beira do campo: Exagero ou algo comum no futebol?"},"content":{"rendered":"<p><span style=\"font-family: helvetica, arial, sans-serif; font-size: 14pt;\"><strong><u>Al\u00f4 Na\u00e7\u00e3o Santista! Sauda\u00e7\u00f5es Alvinegras!<\/u><\/strong><\/span><\/p>\n<p>A Pandemia da Covid-19 (Coronav\u00edrus), mudou radicalmente a vida de todas as pessoas ao redor do Planeta, restringindo dentre tantas coisas, a presen\u00e7a de p\u00fablico em todas as atividades esportivas!<br \/>\nCom o futebol n\u00e3o foi diferente!<\/p>\n<p><img data-recalc-dims=\"1\" loading=\"lazy\" decoding=\"async\" class=\"aligncenter wp-image-3546\" src=\"https:\/\/i0.wp.com\/sergiobertoldi.com\/wp-content\/uploads\/2021\/07\/Santos-v-Delfin-Copa-CONMEBOL-Libertadores-2020-fe7e793e4ed321a212c48df299064b05.jpg?resize=550%2C309&#038;ssl=1\" alt=\"\" width=\"550\" height=\"309\" srcset=\"https:\/\/i0.wp.com\/sergiobertoldi.com\/wp-content\/uploads\/2021\/07\/Santos-v-Delfin-Copa-CONMEBOL-Libertadores-2020-fe7e793e4ed321a212c48df299064b05.jpg?w=684&amp;ssl=1 684w, https:\/\/i0.wp.com\/sergiobertoldi.com\/wp-content\/uploads\/2021\/07\/Santos-v-Delfin-Copa-CONMEBOL-Libertadores-2020-fe7e793e4ed321a212c48df299064b05.jpg?resize=300%2C168&amp;ssl=1 300w\" sizes=\"auto, (max-width: 550px) 100vw, 550px\" \/><br \/>\nA falta de p\u00fablico nos est\u00e1dios, talvez tenha sido um dos cen\u00e1rios em que mais se sentiu tal mudan\u00e7a!<br \/>\nN\u00e3o bastasse o fato de os clubes deixarem de faturar receitas importantes para honrar com seus compromissos, al\u00e9m da aus\u00eancia do calor da torcida com seus aplausos e incentivos vindos das arquibancadas<\/p>\n<p><img data-recalc-dims=\"1\" loading=\"lazy\" decoding=\"async\" class=\"aligncenter wp-image-3547\" src=\"https:\/\/i0.wp.com\/sergiobertoldi.com\/wp-content\/uploads\/2021\/07\/7265338800_a20f7f1498_b.jpg?resize=550%2C367&#038;ssl=1\" alt=\"\" width=\"550\" height=\"367\" srcset=\"https:\/\/i0.wp.com\/sergiobertoldi.com\/wp-content\/uploads\/2021\/07\/7265338800_a20f7f1498_b.jpg?w=1024&amp;ssl=1 1024w, https:\/\/i0.wp.com\/sergiobertoldi.com\/wp-content\/uploads\/2021\/07\/7265338800_a20f7f1498_b.jpg?resize=300%2C200&amp;ssl=1 300w, https:\/\/i0.wp.com\/sergiobertoldi.com\/wp-content\/uploads\/2021\/07\/7265338800_a20f7f1498_b.jpg?resize=768%2C512&amp;ssl=1 768w\" sizes=\"auto, (max-width: 550px) 100vw, 550px\" \/><\/p>\n<p>essa aus\u00eancia trouxe outra consequ\u00eancia, que foi a de permitir que durante as transmiss\u00f5es esportivas, os torcedores come\u00e7assem a ouvir com nitidez e pormenores, tudo o que acontece e \u00e9 dito fora dos gramados, principalmente no que diz respeito a Comiss\u00e3o T\u00e9cnica e banco de reservas!<br \/>\nTodos n\u00f3s que torcemos e acompanhamos futebol, j\u00e1 vimos e ouvimos excessos serem cometidos vindos dos bancos de reservas. J\u00e1 vimos acontecer em jogos de todas as equipas. Uns mais, outros menos.<br \/>\nO detalhe \u00e9 que como j\u00e1 dissemos, agora com os est\u00e1dios vazios, sem o barulho das torcidas, a pot\u00eancia dos microfones fez a coisa ganhar outra visibilidade.<\/p>\n<p><img data-recalc-dims=\"1\" loading=\"lazy\" decoding=\"async\" class=\"aligncenter wp-image-3548\" src=\"https:\/\/i0.wp.com\/sergiobertoldi.com\/wp-content\/uploads\/2021\/07\/Arruda_microfones.jpg?resize=500%2C349&#038;ssl=1\" alt=\"\" width=\"500\" height=\"349\" srcset=\"https:\/\/i0.wp.com\/sergiobertoldi.com\/wp-content\/uploads\/2021\/07\/Arruda_microfones.jpg?w=580&amp;ssl=1 580w, https:\/\/i0.wp.com\/sergiobertoldi.com\/wp-content\/uploads\/2021\/07\/Arruda_microfones.jpg?resize=300%2C209&amp;ssl=1 300w, https:\/\/i0.wp.com\/sergiobertoldi.com\/wp-content\/uploads\/2021\/07\/Arruda_microfones.jpg?resize=130%2C90&amp;ssl=1 130w\" sizes=\"auto, (max-width: 500px) 100vw, 500px\" \/><\/p>\n<p>Na partida entre Santos e Juazeirense, v\u00e1lida pela Copa do Brasil, mais uma vez devido a falta de p\u00fablico nos est\u00e1dios, a transmiss\u00e3o da TV, captou vivamente e em alto e bom som, o comportamento do treinador do Santos, Fernando Diniz \u00e0 beira do gramado.<br \/>\nSua maneira no trato com os jogadores durante as partidas, j\u00e1 foi inclusive motivo de coment\u00e1rios de Narradores e Comentaristas durante as transmiss\u00f5es.<br \/>\nChama bastante a aten\u00e7\u00e3o, a forma com que o comandante Santista se dirige aos seus jogadores, \u201cCobrando\u201d de maneira enf\u00e1tica e vulgar\u201d (com palavras de baixo cal\u00e3o e express\u00f5es rudes e ofensivas), quando os mesmos cometem algum erro ou executam dentro de campo, algo diferente do que ele treinador, queria que fizessem.<\/p>\n<p><img data-recalc-dims=\"1\" loading=\"lazy\" decoding=\"async\" class=\"alignnone wp-image-3549\" src=\"https:\/\/i0.wp.com\/sergiobertoldi.com\/wp-content\/uploads\/2021\/07\/fernandodiniz_crop1620411042932.jpeg_1902800913.jpeg?resize=326%2C245&#038;ssl=1\" alt=\"\" width=\"326\" height=\"245\" srcset=\"https:\/\/i0.wp.com\/sergiobertoldi.com\/wp-content\/uploads\/2021\/07\/fernandodiniz_crop1620411042932.jpeg_1902800913.jpeg?resize=1024%2C768&amp;ssl=1 1024w, https:\/\/i0.wp.com\/sergiobertoldi.com\/wp-content\/uploads\/2021\/07\/fernandodiniz_crop1620411042932.jpeg_1902800913.jpeg?resize=300%2C225&amp;ssl=1 300w, https:\/\/i0.wp.com\/sergiobertoldi.com\/wp-content\/uploads\/2021\/07\/fernandodiniz_crop1620411042932.jpeg_1902800913.jpeg?resize=768%2C576&amp;ssl=1 768w, https:\/\/i0.wp.com\/sergiobertoldi.com\/wp-content\/uploads\/2021\/07\/fernandodiniz_crop1620411042932.jpeg_1902800913.jpeg?w=1200&amp;ssl=1 1200w\" sizes=\"auto, (max-width: 326px) 100vw, 326px\" \/> <img data-recalc-dims=\"1\" loading=\"lazy\" decoding=\"async\" class=\"alignnone wp-image-3550\" src=\"https:\/\/i0.wp.com\/sergiobertoldi.com\/wp-content\/uploads\/2021\/07\/palmeiras-santos-fernando-diniz-detona-arbitragem_widelg.jpg?resize=431%2C242&#038;ssl=1\" alt=\"\" width=\"431\" height=\"242\" srcset=\"https:\/\/i0.wp.com\/sergiobertoldi.com\/wp-content\/uploads\/2021\/07\/palmeiras-santos-fernando-diniz-detona-arbitragem_widelg.jpg?w=800&amp;ssl=1 800w, https:\/\/i0.wp.com\/sergiobertoldi.com\/wp-content\/uploads\/2021\/07\/palmeiras-santos-fernando-diniz-detona-arbitragem_widelg.jpg?resize=300%2C169&amp;ssl=1 300w, https:\/\/i0.wp.com\/sergiobertoldi.com\/wp-content\/uploads\/2021\/07\/palmeiras-santos-fernando-diniz-detona-arbitragem_widelg.jpg?resize=768%2C432&amp;ssl=1 768w\" sizes=\"auto, (max-width: 431px) 100vw, 431px\" \/><\/p>\n<p><img data-recalc-dims=\"1\" loading=\"lazy\" decoding=\"async\" class=\"alignnone wp-image-3551\" src=\"https:\/\/i0.wp.com\/sergiobertoldi.com\/wp-content\/uploads\/2021\/07\/diniz-1.jpg?resize=375%2C250&#038;ssl=1\" alt=\"\" width=\"375\" height=\"250\" srcset=\"https:\/\/i0.wp.com\/sergiobertoldi.com\/wp-content\/uploads\/2021\/07\/diniz-1.jpg?resize=1024%2C682&amp;ssl=1 1024w, https:\/\/i0.wp.com\/sergiobertoldi.com\/wp-content\/uploads\/2021\/07\/diniz-1.jpg?resize=300%2C200&amp;ssl=1 300w, https:\/\/i0.wp.com\/sergiobertoldi.com\/wp-content\/uploads\/2021\/07\/diniz-1.jpg?resize=768%2C512&amp;ssl=1 768w, https:\/\/i0.wp.com\/sergiobertoldi.com\/wp-content\/uploads\/2021\/07\/diniz-1.jpg?resize=1536%2C1024&amp;ssl=1 1536w, https:\/\/i0.wp.com\/sergiobertoldi.com\/wp-content\/uploads\/2021\/07\/diniz-1.jpg?w=2000&amp;ssl=1 2000w, https:\/\/i0.wp.com\/sergiobertoldi.com\/wp-content\/uploads\/2021\/07\/diniz-1.jpg?w=1600&amp;ssl=1 1600w\" sizes=\"auto, (max-width: 375px) 100vw, 375px\" \/> <img data-recalc-dims=\"1\" loading=\"lazy\" decoding=\"async\" class=\"alignnone wp-image-3552\" src=\"https:\/\/i0.wp.com\/sergiobertoldi.com\/wp-content\/uploads\/2021\/07\/diniz-spfcc.jpg?resize=370%2C247&#038;ssl=1\" alt=\"\" width=\"370\" height=\"247\" srcset=\"https:\/\/i0.wp.com\/sergiobertoldi.com\/wp-content\/uploads\/2021\/07\/diniz-spfcc.jpg?w=984&amp;ssl=1 984w, https:\/\/i0.wp.com\/sergiobertoldi.com\/wp-content\/uploads\/2021\/07\/diniz-spfcc.jpg?resize=300%2C200&amp;ssl=1 300w, https:\/\/i0.wp.com\/sergiobertoldi.com\/wp-content\/uploads\/2021\/07\/diniz-spfcc.jpg?resize=768%2C512&amp;ssl=1 768w\" sizes=\"auto, (max-width: 370px) 100vw, 370px\" \/><\/p>\n<p>Que os palavr\u00f5es fazem parte do vocabul\u00e1rio do futebol, todos n\u00f3s j\u00e1 sab\u00edamos! N\u00e3o vamos ser falsos moralistas em n\u00e3o reconhecer isso. O enfoque que me parece que seja necess\u00e1rio que se d\u00ea, \u00e9 outro. A pergunta \u00e9:<\/p>\n<blockquote><p>\u201cAT\u00c9 QUE PONTO ISSO INTERFERE NA FORMA\u00c7\u00c3O DE UM GAROTO DE 17\/18 OU MESMO 20 ANOS?<\/p><\/blockquote>\n<p>O Santos Futebol Clube tem hoje jogando no time principal, no m\u00ednimo 70, 80% do time, formado por garotos que h\u00e1 seis meses, estavam jogando nas categorias de base!<br \/>\nSabemos bem, que muitos queimaram etapas, e por pura falta de op\u00e7\u00f5es e principalmente condi\u00e7\u00f5es financeiras do clube para poder contratar jogadores, a bem da verdade foram jogados os le\u00f5es.<br \/>\nEstranhamente esse mesmo t\u00e9cnico que passa o jogo se utilizando de palavr\u00f5es no tratamento dado aos seus comandados, sempre pede em suas entrevistas, que imprensa e torcida tenham paci\u00eancia com os jogadores da base pois eles est\u00e3o em forma\u00e7\u00e3o.<br \/>\nTratar os atletas dessa forma \u00e9 ter paci\u00eancia?\u00a0Ajuda na forma\u00e7\u00e3o do atleta?<br \/>\nOu pode criar um trauma em quem ainda n\u00e3o tem uma forma\u00e7\u00e3o completa de amadurecimento emocional, tirando-lhes a confian\u00e7a?<\/p>\n<p>Apesar das discuss\u00f5es acaloradas \u00e0 beira do gramado serem consideradas corriqueiras por eles, os termos usados pelo comandante Santista, me parecem um tanto excessivos.<br \/>\nSer\u00e1 que aquilo que \u00e9 falado no campo, fica mesmo s\u00f3 no campo?<br \/>\nTodos os que n\u00e3o usam os palavr\u00f5es garantem n\u00e3o haver qualquer benef\u00edcio pr\u00e1tico em campo ao us\u00e1-los. Ningu\u00e9m vai jogar mais ou menos por ter sido xingado.<br \/>\nA maioria dos envolvidos no mundo da bola gosta de utilizar uma frase sempre que surge o assunto sobre ofensas morais ocorridas dentro de campo: &#8220;Durante a partida, \u00e9 muito dif\u00edcil dizer por favor ou obrigado&#8221;. Nem todos concordam.<\/p>\n<p>Penso sinceramente, que educa\u00e7\u00e3o cabe em todos os lugares. N\u00e3o precisa de palavr\u00e3o para cobrar jogador!<br \/>\nOfender atletas diante do grupo, \u00e9 um caminho perigoso, que pode ter como consequ\u00eancia a &#8216;perda do vesti\u00e1rio&#8217;. Ou seja, os atletas ficarem revoltados, contra o treinador.<br \/>\nMas para entendermos um pouco mais desse universo espec\u00edfico do futebol, e podermos debater melhor sobre o que \u00e9 ou n\u00e3o \u00e9 normal no campo, conversamos com a Doutora Sonia Roman, Psic\u00f3loga com especializa\u00e7\u00e3o na \u00e1rea esportiva, e que por muitos anos trabalhos com as categorias de base do Santos!<\/p>\n<p>Sonia: Prazer em te-la conosco, e antecipadamente j\u00e1 agrade\u00e7o a gentileza de nos atender, e dar a sua importante opini\u00e3o sobre o assunto!<\/p>\n<audio class=\"wp-audio-shortcode\" id=\"audio-3545-1\" preload=\"none\" style=\"width: 100%;\" controls=\"controls\"><source type=\"audio\/mpeg\" src=\"https:\/\/sergiobertoldi.com\/wp-content\/uploads\/2021\/07\/WhatsApp-Ptt-2021-07-29-Sonia-Roman-01.mp3?_=1\" \/><a href=\"https:\/\/sergiobertoldi.com\/wp-content\/uploads\/2021\/07\/WhatsApp-Ptt-2021-07-29-Sonia-Roman-01.mp3\">https:\/\/sergiobertoldi.com\/wp-content\/uploads\/2021\/07\/WhatsApp-Ptt-2021-07-29-Sonia-Roman-01.mp3<\/a><\/audio>\n<audio class=\"wp-audio-shortcode\" id=\"audio-3545-2\" preload=\"none\" style=\"width: 100%;\" controls=\"controls\"><source type=\"audio\/mpeg\" src=\"https:\/\/sergiobertoldi.com\/wp-content\/uploads\/2021\/07\/WhatsApp-Ptt-2021-07-29-Sonia-Roman-02.mp3?_=2\" \/><a href=\"https:\/\/sergiobertoldi.com\/wp-content\/uploads\/2021\/07\/WhatsApp-Ptt-2021-07-29-Sonia-Roman-02.mp3\">https:\/\/sergiobertoldi.com\/wp-content\/uploads\/2021\/07\/WhatsApp-Ptt-2021-07-29-Sonia-Roman-02.mp3<\/a><\/audio>\n<audio class=\"wp-audio-shortcode\" id=\"audio-3545-3\" preload=\"none\" style=\"width: 100%;\" controls=\"controls\"><source type=\"audio\/mpeg\" src=\"https:\/\/sergiobertoldi.com\/wp-content\/uploads\/2021\/07\/WhatsApp-Ptt-2021-07-29-Sonia-Roman-03.mp3?_=3\" \/><a href=\"https:\/\/sergiobertoldi.com\/wp-content\/uploads\/2021\/07\/WhatsApp-Ptt-2021-07-29-Sonia-Roman-03.mp3\">https:\/\/sergiobertoldi.com\/wp-content\/uploads\/2021\/07\/WhatsApp-Ptt-2021-07-29-Sonia-Roman-03.mp3<\/a><\/audio>\n<audio class=\"wp-audio-shortcode\" id=\"audio-3545-4\" preload=\"none\" style=\"width: 100%;\" controls=\"controls\"><source type=\"audio\/mpeg\" src=\"https:\/\/sergiobertoldi.com\/wp-content\/uploads\/2021\/07\/WhatsApp-Ptt-2021-07-29-Sonia-Roman-04.mp3?_=4\" \/><a href=\"https:\/\/sergiobertoldi.com\/wp-content\/uploads\/2021\/07\/WhatsApp-Ptt-2021-07-29-Sonia-Roman-04.mp3\">https:\/\/sergiobertoldi.com\/wp-content\/uploads\/2021\/07\/WhatsApp-Ptt-2021-07-29-Sonia-Roman-04.mp3<\/a><\/audio>\n<audio class=\"wp-audio-shortcode\" id=\"audio-3545-5\" preload=\"none\" style=\"width: 100%;\" controls=\"controls\"><source type=\"audio\/mpeg\" src=\"https:\/\/sergiobertoldi.com\/wp-content\/uploads\/2021\/07\/WhatsApp-Ptt-2021-07-29-Sonia-Roman-05.mp3?_=5\" \/><a href=\"https:\/\/sergiobertoldi.com\/wp-content\/uploads\/2021\/07\/WhatsApp-Ptt-2021-07-29-Sonia-Roman-05.mp3\">https:\/\/sergiobertoldi.com\/wp-content\/uploads\/2021\/07\/WhatsApp-Ptt-2021-07-29-Sonia-Roman-05.mp3<\/a><\/audio>\n<p>&nbsp;<\/p>\n<p>Cr\u00e9dito de imagem: Foto Flickr Santos Futebol Clube \/ Ivan Storti<br \/>\n(Cr\u00e9dito de imagem: Foto Miguel Schincariol \/saopaulofc.net<\/p>\n<p>&nbsp;<\/p>\n","protected":false},"excerpt":{"rendered":"<p>Al\u00f4 Na\u00e7\u00e3o Santista! Sauda\u00e7\u00f5es Alvinegras! A Pandemia da Covid-19 (Coronav\u00edrus), mudou radicalmente a vida de todas as pessoas ao redor<\/p>\n","protected":false},"author":2,"featured_media":3565,"comment_status":"open","ping_status":"open","sticky":false,"template":"","format":"standard","meta":{"colormag_page_container_layout":"default_layout","colormag_page_sidebar_layout":"default_layout","_jetpack_memberships_contains_paid_content":false,"footnotes":""},"categories":[12,4,59,32],"tags":[6],"class_list":["post-3545","post","type-post","status-publish","format-standard","has-post-thumbnail","hentry","category-analise-e-comentario","category-bastidores-do-santos-fc","category-pitacos-do-bertoldi","category-treinador-santista","tag-santos-fc"],"jetpack_featured_media_url":"https:\/\/i0.wp.com\/sergiobertoldi.com\/wp-content\/uploads\/2021\/07\/fernando-diniz.jpg?fit=805%2C420&ssl=1","jetpack_likes_enabled":true,"jetpack_sharing_enabled":true,"_links":{"self":[{"href":"https:\/\/sergiobertoldi.com\/index.php\/wp-json\/wp\/v2\/posts\/3545","targetHints":{"allow":["GET"]}}],"collection":[{"href":"https:\/\/sergiobertoldi.com\/index.php\/wp-json\/wp\/v2\/posts"}],"about":[{"href":"https:\/\/sergiobertoldi.com\/index.php\/wp-json\/wp\/v2\/types\/post"}],"author":[{"embeddable":true,"href":"https:\/\/sergiobertoldi.com\/index.php\/wp-json\/wp\/v2\/users\/2"}],"replies":[{"embeddable":true,"href":"https:\/\/sergiobertoldi.com\/index.php\/wp-json\/wp\/v2\/comments?post=3545"}],"version-history":[{"count":8,"href":"https:\/\/sergiobertoldi.com\/index.php\/wp-json\/wp\/v2\/posts\/3545\/revisions"}],"predecessor-version":[{"id":3566,"href":"https:\/\/sergiobertoldi.com\/index.php\/wp-json\/wp\/v2\/posts\/3545\/revisions\/3566"}],"wp:featuredmedia":[{"embeddable":true,"href":"https:\/\/sergiobertoldi.com\/index.php\/wp-json\/wp\/v2\/media\/3565"}],"wp:attachment":[{"href":"https:\/\/sergiobertoldi.com\/index.php\/wp-json\/wp\/v2\/media?parent=3545"}],"wp:term":[{"taxonomy":"category","embeddable":true,"href":"https:\/\/sergiobertoldi.com\/index.php\/wp-json\/wp\/v2\/categories?post=3545"},{"taxonomy":"post_tag","embeddable":true,"href":"https:\/\/sergiobertoldi.com\/index.php\/wp-json\/wp\/v2\/tags?post=3545"}],"curies":[{"name":"wp","href":"https:\/\/api.w.org\/{rel}","templated":true}]}}