{"id":3375,"date":"2021-06-24T06:00:13","date_gmt":"2021-06-24T09:00:13","guid":{"rendered":"https:\/\/sergiobertoldi.com\/?p=3375"},"modified":"2021-06-23T23:26:54","modified_gmt":"2021-06-24T02:26:54","slug":"gremio-foot-ball-porto-alegrense-x-santos-futebol-clube","status":"publish","type":"post","link":"https:\/\/sergiobertoldi.com\/index.php\/2021\/06\/24\/gremio-foot-ball-porto-alegrense-x-santos-futebol-clube\/","title":{"rendered":"Gr\u00eamio Foot-Ball Porto Alegrense x  Santos Futebol Clube"},"content":{"rendered":"<p><span style=\"font-family: helvetica, arial, sans-serif; font-size: 14pt;\"><strong><u>Al\u00f4 Na\u00e7\u00e3o Santista! Sauda\u00e7\u00f5es Alvinegras!<\/u><\/strong><\/span><\/p>\n<p style=\"text-align: justify;\"><span style=\"font-family: 'times new roman', times, serif; font-size: 14pt;\">O Santos volta a campo na noite desta quinta-feira (<strong>24<\/strong>), quando \u00e0s <strong>21h30min<\/strong>, (de Bras\u00edlia), enfrenta o Gr\u00eamio Porto-alegrense na Arena, em Porto Alegre, em partida v\u00e1lida pela <strong>06\u00aa<\/strong> rodada do Campeonato Brasileiro.<\/span><\/p>\n<p style=\"text-align: justify;\"><span style=\"font-family: 'times new roman', times, serif; font-size: 14pt;\">Ocupando a d\u00e9cima posi\u00e7\u00e3o na tabela de classifica\u00e7\u00e3o ap\u00f3s vencer o cl\u00e1ssico contra o S\u00e3o Paulo no \u00faltimo final de semana, o Santos que soma sete pontos ganhos, venceu duas partidas, empatou uma e perdeu duas, desembarcou em Porto Alegre em busca de manter a boa sequ\u00eancia, e o crescimento t\u00e9cnico da equipe, e nada como vencer os Ga\u00fachos em seus dom\u00ednios para dar moral e mais confian\u00e7a ao elenco!<\/span><\/p>\n<p style=\"text-align: justify;\"><span style=\"font-family: 'times new roman', times, serif; font-size: 14pt;\">Em tr\u00eas rodadas do Brasileir\u00e3o, o Tricolor Ga\u00facho ainda n\u00e3o sabe o que \u00e9 somar pontos na competi\u00e7\u00e3o, e ocupa a lanterna na tabela de classifica\u00e7\u00e3o.<br \/>\n<\/span><span style=\"font-family: 'times new roman', times, serif; font-size: 14pt;\">Pressionado ap\u00f3s ser derrotado nos tr\u00eas primeiros jogos do Campeonato, o t\u00e9cnico Tiago Nunes quer conquistar contra o Santos, sua primeira vit\u00f3ria em casa, e somar contra o time paulista os primeiros pontos no Brasileir\u00e3o!<\/span><\/p>\n<p style=\"text-align: justify;\"><span style=\"font-family: 'times new roman', times, serif; font-size: 14pt;\">Em busca da vit\u00f3ria, o t\u00e9cnico Tiago Nunes deve promover algumas mudan\u00e7as na equipe titular. A primeira \u00e9 a entrada de Gabriel Chapec\u00f3 no gol na vaga de Paulo Victor, que segue convivendo com cr\u00edticas. Diogo Barbosa deve retomar o seu lugar na lateral esquerda, em detrimento de Cortez.<br \/>\n<\/span><span style=\"font-family: 'times new roman', times, serif; font-size: 14pt;\">A outra \u00e9 o ingresso de Victor Bobsin no meio-campo ap\u00f3s boa atua\u00e7\u00e3o contra o Sport no meio da \u00faltima semana.<br \/>\n<\/span><span style=\"font-family: 'times new roman', times, serif; font-size: 14pt;\">Jean Pyerre, fora dos \u00faltimos jogos, pode voltar a aparecer no time!<br \/>\n<\/span><span style=\"font-family: 'times new roman', times, serif; font-size: 14pt;\">Com isso, o Gr\u00eamio ficaria mais ofensivo e criativo para ferir o rival.<\/span><\/p>\n<p style=\"text-align: justify;\"><span style=\"font-family: 'times new roman', times, serif; font-size: 14pt;\">O Gr\u00eamio joga sua quarta partida, pois teve o jogo do final de semana, contra o Cuiab\u00e1, adiado em virtude das condi\u00e7\u00f5es do gramado que receberia a partida.<br \/>\n<\/span><span style=\"font-family: 'times new roman', times, serif; font-size: 14pt;\">O meia-atacante\u00a0<strong>Douglas Costa<\/strong>, que deve come\u00e7ar no banco de reservas, pode ganhar mais minutos em campo ap\u00f3s fazer sua reestreia contra os pernambucanos.<\/span><\/p>\n<p><span style=\"font-family: 'times new roman', times, serif; font-size: 14pt;\">Desta forma, o prov\u00e1vel time do Gr\u00eamio deve vir a campo para encarar o Santos escalado com:<br \/>\n<\/span><span style=\"font-family: 'times new roman', times, serif; font-size: 14pt;\"><strong>Gabriel Chapec\u00f3<\/strong>; <strong>Rafinha<\/strong>, <strong>Geromel<\/strong>, <strong>Kannemann<\/strong>, <strong>Diogo Barbosa<\/strong> (<strong>Cortez<\/strong>); <strong>Thiago Santos<\/strong>, <strong>Matheus Henrique<\/strong>, <strong>Victor Bobsin<\/strong> (<strong>Jean Pyerre<\/strong>), <strong>Luiz Fernando<\/strong> (<strong>L\u00e9o Chu\/Guilherme Azevedo\/Jhonata Robert<\/strong>) e <strong>Ferreira<\/strong>; <strong>Diego Souza<\/strong>. T\u00e9cnico: <strong>Tiago Nunes.<\/strong><\/span><\/p>\n<p style=\"text-align: justify;\"><span style=\"font-family: 'times new roman', times, serif; font-size: 14pt;\"><strong><u>Conhe\u00e7a um pouco da hist\u00f3ria do advers\u00e1rio do Santos.<\/u><\/strong><\/span><\/p>\n<p style=\"text-align: justify;\"><span style=\"font-family: 'times new roman', times, serif; font-size: 14pt;\"><strong>Gr\u00eamio Foot-Ball Porto Alegrense<\/strong>\u00a0(conhecido apenas por\u00a0<strong>Gr\u00eamio<\/strong>), \u00e9 um clube de futebol da cidade de\u00a0Porto Alegre, no\u00a0Rio Grande do Sul, fundado em\u00a015 de setembro\u00a0de\u00a01903\u00a0por\u00a0<strong><a href=\"https:\/\/pt.wikipedia.org\/wiki\/Candido_Dias_da_Silva\" target=\"_blank\" rel=\"noopener\">Candido Dias da Silva<\/a><\/strong>, \u00e9\u00a0considerado um dos grandes do futebol Brasileiro<br \/>\n<\/span><span style=\"font-family: 'times new roman', times, serif; font-size: 14pt;\">Suas cores s\u00e3o azul, preto e branco.<br \/>\nO clube tem como alcunhas:\u00a0\u201c<strong><em>Imortal Tricolor<\/em>,\u00a0<em>Tricolor dos Pampas<\/em>,\u00a0<em>Tricolor Ga\u00facho<\/em>,\u00a0<em>Rei de Copas<\/em>\u00a0e\u00a0<\/strong><em><strong>Clube de Todos<\/strong>\u201d<br \/>\n<\/em><\/span><span style=\"font-family: 'times new roman', times, serif; font-size: 14pt;\">Em 19 de setembro de <strong>1954<\/strong>, o Gr\u00eamio inaugurou o seu Est\u00e1dio particular, o\u00a0<strong><a href=\"https:\/\/pt.wikipedia.org\/wiki\/Est%C3%A1dio_Ol%C3%ADmpico_Monumental\" target=\"_blank\" rel=\"noopener\">Est\u00e1dio Ol\u00edmpico<\/a>.<\/strong> Com capacidade para <strong>38 mil<\/strong> pessoas.<br \/>\n<\/span><span style=\"font-family: 'times new roman', times, serif; font-size: 14pt;\">No jogo de inaugura\u00e7\u00e3o, o Gr\u00eamio venceu o\u00a0<strong><a href=\"https:\/\/pt.wikipedia.org\/wiki\/Club_Nacional_de_Football\" target=\"_blank\" rel=\"noopener\">Nacional<\/a>,<\/strong> de\u00a0Montevid\u00e9u\u00a0por 2 a 0.<br \/>\n<\/span><span style=\"font-family: 'times new roman', times, serif; font-size: 14pt;\">Acompanhando a evolu\u00e7\u00e3o mundial dos Est\u00e1dios de futebol que agora viraram \u201cArenas multi\u00faso\u201d, o Gr\u00eamio inaugurou em 08 de Dezembro de 2012, seu novo Est\u00e1dio denominado \u201c<strong>Arena do Gr\u00eamio\u201d, <\/strong>localizado no bairro\u00a0Farrapos,\u00a0Porto Alegre, com capacidade oficial para 55.662 lugares, sendo o\u00a0<strong><a href=\"https:\/\/pt.wikipedia.org\/wiki\/Lista_dos_maiores_est%C3%A1dios_de_futebol_do_Brasil\" target=\"_blank\" rel=\"noopener\">7\u00ba maior est\u00e1dio do Brasil<\/a>.\u00a0<\/strong><\/span><span style=\"font-family: 'times new roman', times, serif; font-size: 14pt;\"><strong>\u00a0<\/strong><\/span><\/p>\n<p style=\"text-align: justify;\"><span style=\"font-family: 'times new roman', times, serif; font-size: 14pt;\"><strong><u>Em sua galeria de trof\u00e9us, o Gr\u00eamio ostenta os seguintes T\u00edtulos<\/u><\/strong><\/span><\/p>\n<ul style=\"text-align: justify;\">\n<li><span style=\"font-family: 'times new roman', times, serif; font-size: 14pt;\">Campeonato Brasileiro S\u00e9rie A<strong>: 2 (1981 e 1996)<\/strong><\/span><\/li>\n<li><span style=\"font-family: 'times new roman', times, serif; font-size: 14pt;\">Campeonato Brasileiro S\u00e9rie B<strong>: (2005)<\/strong><\/span><\/li>\n<li><span style=\"font-family: 'times new roman', times, serif; font-size: 14pt;\">Copa do Brasil<strong>: 5 (1989, 1994, 1997, 2001,2016)<\/strong><\/span><\/li>\n<li><span style=\"font-family: 'times new roman', times, serif; font-size: 14pt;\">Supercopa do Brasil <strong>(1990)<\/strong><\/span><\/li>\n<li><span style=\"font-family: 'times new roman', times, serif; font-size: 14pt;\">Copa libertadores da Am\u00e9rica<strong>:<\/strong> <strong>3<\/strong>(<strong>1983, 1995, 2017)<\/strong><\/span><\/li>\n<li><span style=\"font-family: 'times new roman', times, serif; font-size: 14pt;\">Recopa Sul-americana<strong>: <\/strong><strong>2<\/strong>(<strong>1996, 2018)<\/strong><\/span><\/li>\n<li><span style=\"font-family: 'times new roman', times, serif; font-size: 14pt;\">Campeonato Ga\u00facho<strong>: (40)<\/strong><\/span><\/li>\n<\/ul>\n<p style=\"text-align: justify;\"><span style=\"font-family: 'times new roman', times, serif; font-size: 14pt;\"><strong><u>Uniformes<\/u><\/strong><\/span><\/p>\n<p style=\"text-align: justify;\"><img data-recalc-dims=\"1\" loading=\"lazy\" decoding=\"async\" class=\"alignnone size-medium wp-image-3377\" src=\"https:\/\/i0.wp.com\/sergiobertoldi.com\/wp-content\/uploads\/2021\/06\/Uniforme-do-Gremio.png?resize=300%2C157&#038;ssl=1\" alt=\"\" width=\"300\" height=\"157\" srcset=\"https:\/\/i0.wp.com\/sergiobertoldi.com\/wp-content\/uploads\/2021\/06\/Uniforme-do-Gremio.png?resize=300%2C157&amp;ssl=1 300w, https:\/\/i0.wp.com\/sergiobertoldi.com\/wp-content\/uploads\/2021\/06\/Uniforme-do-Gremio.png?w=322&amp;ssl=1 322w\" sizes=\"auto, (max-width: 300px) 100vw, 300px\" \/><\/p>\n<p style=\"text-align: justify;\"><span style=\"font-family: 'times new roman', times, serif; font-size: 14pt;\"><strong><u>Confrontos ao longo da hist\u00f3ria<\/u><\/strong><strong><br \/>\n<\/strong><\/span><span style=\"font-family: 'times new roman', times, serif; font-size: 14pt;\"><strong><u>Retrospecto\u00a0\u00a0\u00a0\u00a0 <\/u><\/strong><\/span><\/p>\n<p style=\"text-align: justify;\"><span style=\"font-family: 'times new roman', times, serif; font-size: 14pt;\"><strong>Santos<\/strong> e <strong>Gr\u00eamio<\/strong> j\u00e1 se enfrentaram <strong>93 <\/strong><strong>vezes<\/strong> ao longo da hist\u00f3ria.<br \/>\n<\/span><span style=\"font-family: 'times new roman', times, serif; font-size: 14pt;\">Foram <strong>38<\/strong> <strong>vit\u00f3rias <\/strong>do Santos, contra <strong>29<\/strong> <strong>vit\u00f3rias<\/strong> do Gr\u00eamio e <strong>26<\/strong> <strong>empates<\/strong>.<br \/>\n<\/span><span style=\"font-family: 'times new roman', times, serif; font-size: 14pt;\">O Peixe marcou <strong>128<\/strong> <strong>gols <\/strong>e sofreu <strong>105<\/strong> <strong>Saldo<\/strong> de <strong><u>+23<\/u><\/strong><\/span><\/p>\n<p style=\"text-align: justify;\"><span style=\"font-family: 'times new roman', times, serif; font-size: 14pt;\">Em <strong><u>Campeonatos Brasileiros <\/u><\/strong>\u00a0Desde o primeiro confronto, foram <strong>71<\/strong> <strong>jogos<\/strong>, com <strong>28<\/strong> <strong>vit\u00f3rias<\/strong> do Santos, contra <strong>21 <\/strong><strong>vit\u00f3rias <\/strong>do Gr\u00eamio e <strong>22<\/strong> <strong>empates<\/strong>.<\/span><br \/>\n<span style=\"font-family: 'times new roman', times, serif; font-size: 14pt;\">O time da Baixada Santista marcou <strong>74 <\/strong><strong>gols<\/strong> e sofreu <strong>69<\/strong>.<\/span><\/p>\n<p style=\"text-align: justify;\"><span style=\"font-family: 'times new roman', times, serif; font-size: 14pt;\"><strong><u>O \u00faltimo Confronto<br \/>\n<\/u><\/strong><\/span><span style=\"font-family: 'times new roman', times, serif; font-size: 14pt;\">No \u00faltimo confronto, v\u00e1lido pelo <strong><u>Campeonato Brasileiro<\/u><\/strong>\u00a0 de <strong>2020<\/strong>, a partida terminou com empate pelo placar de 3X3, o jogo foi realizado na Arena Gr\u00eamio.<\/span><\/p>\n<p style=\"text-align: justify;\"><span style=\"font-family: 'times new roman', times, serif; font-size: 14pt;\">\u00a0(Cr\u00e9dito de Imagem Foto: Getty Images)<\/span><\/p>\n","protected":false},"excerpt":{"rendered":"<p>Al\u00f4 Na\u00e7\u00e3o Santista! Sauda\u00e7\u00f5es Alvinegras! O Santos volta a campo na noite desta quinta-feira (24), quando \u00e0s 21h30min, (de Bras\u00edlia),<\/p>\n","protected":false},"author":2,"featured_media":3380,"comment_status":"open","ping_status":"open","sticky":false,"template":"","format":"standard","meta":{"colormag_page_container_layout":"default_layout","colormag_page_sidebar_layout":"default_layout","_jetpack_memberships_contains_paid_content":false,"footnotes":""},"categories":[11,56,10,17],"tags":[6],"class_list":["post-3375","post","type-post","status-publish","format-standard","has-post-thumbnail","hentry","category-campeonato-brasileiro","category-conheca-o-adversario","category-elenco-profissional","category-pre-jogo","tag-santos-fc"],"jetpack_featured_media_url":"https:\/\/i0.wp.com\/sergiobertoldi.com\/wp-content\/uploads\/2021\/06\/Santos-x-Gremio-600x400-1.jpg?fit=600%2C400&ssl=1","jetpack_likes_enabled":true,"jetpack_sharing_enabled":true,"_links":{"self":[{"href":"https:\/\/sergiobertoldi.com\/index.php\/wp-json\/wp\/v2\/posts\/3375","targetHints":{"allow":["GET"]}}],"collection":[{"href":"https:\/\/sergiobertoldi.com\/index.php\/wp-json\/wp\/v2\/posts"}],"about":[{"href":"https:\/\/sergiobertoldi.com\/index.php\/wp-json\/wp\/v2\/types\/post"}],"author":[{"embeddable":true,"href":"https:\/\/sergiobertoldi.com\/index.php\/wp-json\/wp\/v2\/users\/2"}],"replies":[{"embeddable":true,"href":"https:\/\/sergiobertoldi.com\/index.php\/wp-json\/wp\/v2\/comments?post=3375"}],"version-history":[{"count":4,"href":"https:\/\/sergiobertoldi.com\/index.php\/wp-json\/wp\/v2\/posts\/3375\/revisions"}],"predecessor-version":[{"id":3383,"href":"https:\/\/sergiobertoldi.com\/index.php\/wp-json\/wp\/v2\/posts\/3375\/revisions\/3383"}],"wp:featuredmedia":[{"embeddable":true,"href":"https:\/\/sergiobertoldi.com\/index.php\/wp-json\/wp\/v2\/media\/3380"}],"wp:attachment":[{"href":"https:\/\/sergiobertoldi.com\/index.php\/wp-json\/wp\/v2\/media?parent=3375"}],"wp:term":[{"taxonomy":"category","embeddable":true,"href":"https:\/\/sergiobertoldi.com\/index.php\/wp-json\/wp\/v2\/categories?post=3375"},{"taxonomy":"post_tag","embeddable":true,"href":"https:\/\/sergiobertoldi.com\/index.php\/wp-json\/wp\/v2\/tags?post=3375"}],"curies":[{"name":"wp","href":"https:\/\/api.w.org\/{rel}","templated":true}]}}