{"id":3352,"date":"2021-06-17T06:00:59","date_gmt":"2021-06-17T09:00:59","guid":{"rendered":"https:\/\/sergiobertoldi.com\/?p=3352"},"modified":"2021-06-17T08:54:05","modified_gmt":"2021-06-17T11:54:05","slug":"fluminense-futebol-clube-x-santos-futebol-clube","status":"publish","type":"post","link":"https:\/\/sergiobertoldi.com\/index.php\/2021\/06\/17\/fluminense-futebol-clube-x-santos-futebol-clube\/","title":{"rendered":"Fluminense Futebol Clube X Santos Futebol Clube"},"content":{"rendered":"<p><span style=\"font-family: helvetica, arial, sans-serif; font-size: 14pt;\"><strong><u>Al\u00f4 Na\u00e7\u00e3o Santista! Sauda\u00e7\u00f5es Alvinegras!<\/u><\/strong><\/span><\/p>\n<p style=\"text-align: justify;\"><span style=\"font-family: 'times new roman', times, serif; font-size: 14pt;\">Ocupando a 12\u00aa posi\u00e7\u00e3o na tabela de classifica\u00e7\u00e3o com quatro pontos ganhos ap\u00f3s as tr\u00eas primeiras rodadas do Brasileir\u00e3o 2021, o Santos enfrenta nesta quinta-feira, logo mais \u00e0s 19 horas (de Bras\u00edlia), no Maracan\u00e3, a equipe do Fluminense, em busca de uma vit\u00f3ria para subir na tabela do Campeonato!<br \/>\n<\/span><span style=\"font-family: 'times new roman', times, serif; font-size: 14pt;\">Na s\u00e9tima coloca\u00e7\u00e3o com cinco pontos, atr\u00e1s somente dos l\u00edderes Fortaleza-CE, Athletico Paranaense-PR e Athletico-MG, que dividem a lideran\u00e7a com nove pontos cada, o Fluminense encara o Alvinegro de Vila Belmiro em busca de uma vit\u00f3ria, que coloque o clube das laranjeiras no G4.<\/span><\/p>\n<p style=\"text-align: justify;\"><span style=\"font-family: 'times new roman', times, serif; font-size: 14pt;\">Para esse compromisso com o Santos, O t\u00e9cnico Roger Machado n\u00e3o poder\u00e1 contar com o lateral-direito Samuel Xavier, que ap\u00f3s sair machucado da partida em que o Flu empatou em 2 a 2 com o Bragantino no domingo passado, n\u00e3o se recuperou a tempo de treinar nos \u00faltimos dias, e ser\u00e1 substitu\u00eddo pelo colega de posi\u00e7\u00e3o, Calegari, uma das jovens promessas de Xer\u00e9m!<\/span><\/p>\n<p style=\"text-align: justify;\"><span style=\"font-family: 'times new roman', times, serif; font-size: 14pt;\">Se a aus\u00eancia do titular da lateral \u00e9 certa, por outro lado Roger Machado tem praticamente confirmada a volta do Zagueiro Nino, que tamb\u00e9m deixou a partida contra o Bragantino, reclamando de um inc\u00f4modo muscular, mas como os exames realizados n\u00e3o apontaram nenhuma les\u00e3o, o jogador treinou normalmente nos \u00faltimos dias, e deve formar a dupla de zaga com Luccas Claro.<br \/>\n<\/span><span style=\"font-family: 'times new roman', times, serif; font-size: 14pt;\">Outro refor\u00e7o que pode ficar a disposi\u00e7\u00e3o da comiss\u00e3o t\u00e9cnica \u00e9 o meia Cazares que est\u00e1 de volta do Equador e j\u00e1 treinou com os companheiros!<br \/>\n<\/span><span style=\"font-family: 'times new roman', times, serif; font-size: 14pt;\">O Jogador estava servindo a sele\u00e7\u00e3o equatoriana em dois jogos das Eliminat\u00f3rias da Copa do Mundo de 2022, mas n\u00e3o \u00e9 problema para a sequ\u00eancia do campeonato, pois ficou fora da lista para a Copa Am\u00e9rica que est\u00e1 sendo disputada no Brasil.<\/span><\/p>\n<p style=\"text-align: justify;\"><span style=\"font-family: 'times new roman', times, serif; font-size: 14pt;\">Desta forma o prov\u00e1vel time do Fluminense deve vir a campo para encarar o Santos, escalado pelo t\u00e9cnico Roger Machado com: <strong>Marcos Felipe<\/strong>, <strong>Calegari<\/strong>, <strong>Nino<\/strong>, (<strong>Manoel<\/strong>), <strong>Luccas Clarro<\/strong> e <strong>Eg\u00eddio<\/strong>; <strong>Martinelli<\/strong>, <strong>Yago<\/strong> e <strong>Nen\u00ea<\/strong>; <strong>Caio Paulista<\/strong>, <strong>Gabriel Teixeira<\/strong> e <strong>Fred<\/strong>. T\u00e9cnico <strong>Roger Machado<\/strong><\/span><span style=\"font-family: 'times new roman', times, serif; font-size: 14pt;\"><strong>\u00a0<\/strong><\/span><\/p>\n<p style=\"text-align: justify;\"><span style=\"font-family: 'times new roman', times, serif; font-size: 14pt;\"><strong><u>Conhe\u00e7a um pouco da hist\u00f3ria do advers\u00e1rio do Santos.<\/u><\/strong><\/span><span style=\"font-family: 'times new roman', times, serif; font-size: 14pt;\"><strong>\u00a0<\/strong><\/span><\/p>\n<p style=\"text-align: justify;\"><span style=\"font-family: 'times new roman', times, serif; font-size: 14pt;\"><strong>O Fluminense Football Club<\/strong>\u00a0conhecido simplesmente como\u00a0<strong>Fluminense<\/strong>\u00a0, \u00e9 uma agremia\u00e7\u00e3o poliesportiva e cultural, sediada no bairro de Laranjeiras, Zona Sul da cidade do Rio de Janeiro, no Brasil, fundado em 21 de julho de 1902 por um grupo de jovens entusiastas do futebol, liderado por Oscar Cox, um brasileiro de ascend\u00eancia inglesa que teve contato com o esporte enquanto estudava na Europa, o Tricolor Carioca \u00e9 uma sociedade civil de car\u00e1ter desportivo, que tem como principal atividade o futebol.<br \/>\n<\/span><span style=\"font-family: 'times new roman', times, serif; font-size: 14pt;\">A primeira partida oficial foi disputada contra o extinto Rio Futebol Clube, e o Fluminense venceu por 8-0.<\/span><\/p>\n<p style=\"text-align: justify;\"><span style=\"font-family: 'times new roman', times, serif; font-size: 14pt;\">O Fluminense manda seus jogos no \u00a0Est\u00e1dio <span style=\"color: #0000ff;\"><strong><a style=\"color: #0000ff;\" href=\"https:\/\/pt.wikipedia.org\/wiki\/M%C3%A1rio_Filho\" target=\"_blank\" rel=\"noopener\">M\u00e1rio Filho<\/a><\/strong><\/span>, falecido jornalista pernambucano, irm\u00e3o de Nelson Rodrigues, est\u00e1dio conhecido mundialmente como <span style=\"color: #0000ff;\"><strong><a style=\"color: #0000ff;\" href=\"https:\/\/pt.wikipedia.org\/wiki\/Maracan%C3%A3_(bairro_do_Rio_de_Janeiro)\" target=\"_blank\" rel=\"noopener\">Maracan\u00e3<\/a><\/strong><\/span>, inaugurado em 16 de junho de 1940, ap\u00f3s diversas obras de moderniza\u00e7\u00e3o, a capacidade atual do est\u00e1dio \u00e9 de <strong>78 838<\/strong> espectadores, sendo o maior est\u00e1dio do Brasil.<\/span><\/p>\n<p style=\"text-align: justify;\"><span style=\"font-family: 'times new roman', times, serif; font-size: 14pt;\">Conhecido como <strong>\u201cP\u00f3 de Arroz\u201d, <\/strong>apelido dado ao Fluminense em um cl\u00e1ssico contra o America, em jogo v\u00e1lido pelo Campeonato Carioca, e disputado em 13 de maio de 1914, confronto que terminou empatado por 1 a 1, <\/span><span style=\"font-family: 'times new roman', times, serif; font-size: 14pt;\">reza a hist\u00f3ria segundo a vers\u00e3o popular que o jogador Carlos Alberto, um dos jogadores do Flu, dissidentes do America, para disfar\u00e7ar sua condi\u00e7\u00e3o de mesti\u00e7o teria passado p\u00f3 de arroz no rosto, o que gerou os gritos da torcida do America, que o conhecia, e dele devia guardar algum rancor, pois tinha abandonado este clube! Desde ent\u00e3o sempre que jogavam contra o Fluminense, a torcida do Am\u00e9rica passou a chamar os tricolores de p\u00f3 de arroz, apelido que acabou sendo adotado por outras torcidas!<\/span><span style=\"font-family: 'times new roman', times, serif; font-size: 14pt;\"><strong>\u00a0<\/strong><\/span><\/p>\n<p style=\"text-align: justify;\"><span style=\"font-family: 'times new roman', times, serif; font-size: 14pt;\"><strong><u>Em sua galeria de trof\u00e9us, o Fluminense ostenta os seguintes T\u00edtulos<\/u><\/strong><\/span><\/p>\n<ul style=\"text-align: justify;\">\n<li><span style=\"font-family: 'times new roman', times, serif; font-size: 14pt;\">Campeonato Brasileiro S\u00e9rie A<strong>: (<\/strong><strong>1970\u00a0,\u00a01984\u00a0,\u00a02010\u00a0, 2012)<\/strong><\/span><\/li>\n<li><span style=\"font-family: 'times new roman', times, serif; font-size: 14pt;\">Copa do Brasil<strong>: (<\/strong><strong>2007)<\/strong><\/span><\/li>\n<li><span style=\"font-family: 'times new roman', times, serif; font-size: 14pt;\">Campeonato Brasileiro S\u00e9rie C<strong>: (<\/strong><strong>1999)<\/strong><\/span><\/li>\n<li><span style=\"font-family: 'times new roman', times, serif; font-size: 14pt;\">Primeira Liga do Brasil<strong>: (<\/strong><strong>2016)<\/strong><\/span><\/li>\n<li><span style=\"font-family: 'times new roman', times, serif; font-size: 14pt;\">Torneio Rio-S\u00e3o Paulo<strong>:<\/strong> (<strong>1957, 1960)<\/strong><\/span><\/li>\n<li><span style=\"font-family: 'times new roman', times, serif; font-size: 14pt;\">Copa Rio Internacional<strong>:<\/strong> (<strong>1952)<\/strong><\/span><\/li>\n<li><span style=\"font-family: 'times new roman', times, serif; font-size: 14pt;\">Campeonato Carioca<strong>: (<\/strong><strong>31<\/strong><strong>)<\/strong><\/span><\/li>\n<li><span style=\"font-family: 'times new roman', times, serif; font-size: 14pt;\">Torneio de Paris<strong> (1976. 1987)<\/strong><\/span><\/li>\n<li><span style=\"font-family: 'times new roman', times, serif; font-size: 14pt;\">Torneio Vi\u00f1a del Mar <strong>(1976)<\/strong><\/span><\/li>\n<li><span style=\"font-family: 'times new roman', times, serif; font-size: 14pt;\">Torneio Teresa Herrera<strong> (1977)<\/strong><\/span><\/li>\n<li><span style=\"font-family: 'times new roman', times, serif; font-size: 14pt;\">Copa Kirin<strong> (1987)<\/strong><\/span><\/li>\n<\/ul>\n<p style=\"text-align: justify;\"><span style=\"font-family: 'times new roman', times, serif; font-size: 14pt;\"><strong><u>Uniformes<\/u><\/strong><\/span><\/p>\n<p style=\"text-align: justify;\"><span style=\"font-family: 'times new roman', times, serif; font-size: 14pt;\"><strong> <img data-recalc-dims=\"1\" loading=\"lazy\" decoding=\"async\" class=\"alignnone size-medium wp-image-3353\" src=\"https:\/\/i0.wp.com\/sergiobertoldi.com\/wp-content\/uploads\/2021\/06\/uniforme-do-Fluminense.png?resize=300%2C137&#038;ssl=1\" alt=\"\" width=\"300\" height=\"137\" srcset=\"https:\/\/i0.wp.com\/sergiobertoldi.com\/wp-content\/uploads\/2021\/06\/uniforme-do-Fluminense.png?resize=300%2C137&amp;ssl=1 300w, https:\/\/i0.wp.com\/sergiobertoldi.com\/wp-content\/uploads\/2021\/06\/uniforme-do-Fluminense.png?w=322&amp;ssl=1 322w\" sizes=\"auto, (max-width: 300px) 100vw, 300px\" \/><\/strong><\/span><span style=\"font-family: 'times new roman', times, serif; font-size: 14pt;\"><strong>\u00a0<\/strong><\/span><\/p>\n<p style=\"text-align: justify;\"><span style=\"font-family: 'times new roman', times, serif; font-size: 14pt;\"><strong><u>Confrontos ao longo da hist\u00f3ria<br \/>\n<\/u><\/strong><\/span><span style=\"font-family: 'times new roman', times, serif; font-size: 14pt;\"><strong><u>Retrospecto<\/u><\/strong><\/span><\/p>\n<p style=\"text-align: justify;\"><span style=\"font-family: 'times new roman', times, serif; font-size: 14pt;\"><strong>Santos<\/strong> e <strong>Fluminense <\/strong>\u00a0j\u00e1 se enfrentaram <strong>101 <\/strong><strong>vezes<\/strong> ao longo da hist\u00f3ria.<br \/>\n<\/span><span style=\"font-family: 'times new roman', times, serif; font-size: 14pt;\">Foram <strong>40<\/strong> <strong>vit\u00f3rias <\/strong>do Santos, contra <strong>39<\/strong> <strong>vit\u00f3rias<\/strong> do Fluminense e <strong>22<\/strong> <strong>empates<\/strong>.<br \/>\n<\/span><span style=\"font-family: 'times new roman', times, serif; font-size: 14pt;\">O Peixe marcou <strong>162<\/strong> <strong>gols <\/strong>e sofreu <strong>163<\/strong> <strong>Saldo<\/strong> de <strong><u>-01<\/u><\/strong><\/span><\/p>\n<p style=\"text-align: justify;\"><span style=\"font-family: 'times new roman', times, serif; font-size: 14pt;\">Em <strong><u>Campeonatos Brasileiros <\/u><\/strong>\u00a0Desde o primeiro confronto, foram <strong>64<\/strong> <strong>jogos<\/strong>, com <strong>24<\/strong> <strong>vit\u00f3rias<\/strong> do Santos, contra <strong>27 <\/strong><strong>vit\u00f3rias <\/strong>do Fluminense e <strong>13<\/strong> <strong>empates<\/strong>. O time da Baixada Santista marcou <strong>88 <\/strong><strong>gols<\/strong> e sofreu <strong>87<\/strong>.<\/span><\/p>\n<p style=\"text-align: justify;\"><span style=\"font-family: 'times new roman', times, serif; font-size: 14pt;\"><strong><u>O \u00faltimo Confronto<br \/>\n<\/u><\/strong><\/span><span style=\"font-family: 'times new roman', times, serif; font-size: 14pt;\">No \u00faltimo confronto, v\u00e1lido pelo <strong><u>Campeonato Brasileiro<\/u><\/strong>\u00a0 de <strong>2020<\/strong>, a partida terminou com empate pelo placar de 1X1 o jogo foi realizado na Vila Belmiro<\/span><\/p>\n<p style=\"text-align: justify;\"><span style=\"font-family: 'times new roman', times, serif; font-size: 14pt;\">(Foto: Reprodu\u00e7\u00e3o\/Santos FC \/ Fluminense FC &#8211; Instagram Oficiais)<\/span><\/p>\n<p><strong>\u00a0<\/strong><\/p>\n","protected":false},"excerpt":{"rendered":"<p>Al\u00f4 Na\u00e7\u00e3o Santista! Sauda\u00e7\u00f5es Alvinegras! Ocupando a 12\u00aa posi\u00e7\u00e3o na tabela de classifica\u00e7\u00e3o com quatro pontos ganhos ap\u00f3s as tr\u00eas<\/p>\n","protected":false},"author":2,"featured_media":3354,"comment_status":"open","ping_status":"open","sticky":false,"template":"","format":"standard","meta":{"colormag_page_container_layout":"default_layout","colormag_page_sidebar_layout":"default_layout","_jetpack_memberships_contains_paid_content":false,"footnotes":""},"categories":[11,56,17],"tags":[6],"class_list":["post-3352","post","type-post","status-publish","format-standard","has-post-thumbnail","hentry","category-campeonato-brasileiro","category-conheca-o-adversario","category-pre-jogo","tag-santos-fc"],"jetpack_featured_media_url":"https:\/\/i0.wp.com\/sergiobertoldi.com\/wp-content\/uploads\/2021\/06\/Felipe-Jonathan-e-Marcos-Leonardo-do-Santos-e-Martinelli-do-Fluminense.jpg?fit=800%2C492&ssl=1","jetpack_likes_enabled":true,"jetpack_sharing_enabled":true,"_links":{"self":[{"href":"https:\/\/sergiobertoldi.com\/index.php\/wp-json\/wp\/v2\/posts\/3352","targetHints":{"allow":["GET"]}}],"collection":[{"href":"https:\/\/sergiobertoldi.com\/index.php\/wp-json\/wp\/v2\/posts"}],"about":[{"href":"https:\/\/sergiobertoldi.com\/index.php\/wp-json\/wp\/v2\/types\/post"}],"author":[{"embeddable":true,"href":"https:\/\/sergiobertoldi.com\/index.php\/wp-json\/wp\/v2\/users\/2"}],"replies":[{"embeddable":true,"href":"https:\/\/sergiobertoldi.com\/index.php\/wp-json\/wp\/v2\/comments?post=3352"}],"version-history":[{"count":4,"href":"https:\/\/sergiobertoldi.com\/index.php\/wp-json\/wp\/v2\/posts\/3352\/revisions"}],"predecessor-version":[{"id":3358,"href":"https:\/\/sergiobertoldi.com\/index.php\/wp-json\/wp\/v2\/posts\/3352\/revisions\/3358"}],"wp:featuredmedia":[{"embeddable":true,"href":"https:\/\/sergiobertoldi.com\/index.php\/wp-json\/wp\/v2\/media\/3354"}],"wp:attachment":[{"href":"https:\/\/sergiobertoldi.com\/index.php\/wp-json\/wp\/v2\/media?parent=3352"}],"wp:term":[{"taxonomy":"category","embeddable":true,"href":"https:\/\/sergiobertoldi.com\/index.php\/wp-json\/wp\/v2\/categories?post=3352"},{"taxonomy":"post_tag","embeddable":true,"href":"https:\/\/sergiobertoldi.com\/index.php\/wp-json\/wp\/v2\/tags?post=3352"}],"curies":[{"name":"wp","href":"https:\/\/api.w.org\/{rel}","templated":true}]}}