{"id":329,"date":"2019-10-05T08:00:02","date_gmt":"2019-10-05T11:00:02","guid":{"rendered":"http:\/\/sergiobertoldi.com\/?p=329"},"modified":"2019-10-05T11:54:52","modified_gmt":"2019-10-05T14:54:52","slug":"mesmo-desfalcado-santos-vai-em-busca-de-mais-uma-vitoria-fora-de-casa","status":"publish","type":"post","link":"https:\/\/sergiobertoldi.com\/index.php\/2019\/10\/05\/mesmo-desfalcado-santos-vai-em-busca-de-mais-uma-vitoria-fora-de-casa\/","title":{"rendered":"Mesmo desfalcado Santos vai em busca de mais uma vit\u00f3ria fora de casa"},"content":{"rendered":"\n<p>Al\u00f4\nNa\u00e7\u00e3o Santista! Sauda\u00e7\u00f5es Alvinegras!<\/p>\n\n\n\n<p>Terceiro colocado na tabela de classifica\u00e7\u00e3o do Campeonato\nBrasileiro, somando 41 pontos, cinco pontos atr\u00e1s do vice-l\u00edder Palmeiras e a\noito de diferen\u00e7a para o l\u00edder Flamengo, o Santos al\u00e9m de se preocupar em\nvoltar a encostar no l\u00edder e vice l\u00edder, ainda v\u00ea o Corinthians crescendo no\nretrovisor, com a mesma pontua\u00e7\u00e3o, por\u00e9m com uma vit\u00f3ria a menos.<\/p>\n\n\n\n<p>Pela atual situa\u00e7\u00e3o, o compromisso do Peixe logo mais contra\no Vasco, neste s\u00e1bado, \u00e0s 17h (de Bras\u00edlia), em S\u00e3o Janu\u00e1rio, partida v\u00e1lida\npela 23\u00aa rodada do Brasileiro, ganhou uma import\u00e2ncia enorme, ainda mais pela\ndramaticidade de em cima da hora, o t\u00e9cnico Jorge Sampaoli ter ganho tr\u00eas\ndesfalques importantes e inesperados!<\/p>\n\n\n\n<p>o zagueiro Luiz Felipe, o meia Carlos S\u00e1nchez e o atacante\nDerlis Gonz\u00e1lez, inicialmente \u00e0 disposi\u00e7\u00e3o para a partida, tornaram-se\ndesfalques de \u00faltima hora!<\/p>\n\n\n\n<p>Os tr\u00eas sentiram les\u00f5es no treino apronto desta sexta-feira,\ne vetados pelo Departamento M\u00e9dico nem viajaram ao Rio de Janeiro.<\/p>\n\n\n\n<p>O atleta Carlos S\u00e1nchez sentiu dores musculares na coxa\ndireita no treinamento de quinta-feira. Na sexta voltou a se queixar e passar\u00e1 por\nexames de imagem.<\/p>\n\n\n\n<p>Derlis Gonzalez sentiu dores musculares na coxa direita no\ntreino de sexta. J\u00e1 medicado, tamb\u00e9m passar\u00e1 por exame de imagem. <\/p>\n\n\n\n<p>O zagueiro Luiz Felipe sofreu entorse no tornozelo esquerdo\nno treino de quinta-feira e ser\u00e1 reavaliado diariamente. O Santos n\u00e3o divulgou\nprazo de recupera\u00e7\u00e3o dos atletas.<\/p>\n\n\n\n<p>Outra baixa, essa j\u00e1 contabilizada desde a \u00faltima partida, \u00e9\no zagueiro central Lucas Ver\u00edssimo, que expulso contra o CSA na \u00faltima partida,\ncumpre suspens\u00e3o autom\u00e1tica!<\/p>\n\n\n\n<p>Com a aus\u00eancia for\u00e7ada de dois Zagueiros, quem pode ganhar\nnova oportunidade na defesa Santista, \u00e9 o Quarto Zagueiro Luan Peres que foi\nmuito elogiado em sua estreia contra o Flamengo, partida em que atuou\nimprovisado como Lateral Esquerdo! Luan Peres e Felipe Aguilar disputam a\nprefer\u00eancia do treinador pela vaga na defesa ao lado de Gustavo Henrique. &nbsp;<\/p>\n\n\n\n<p>A novidade no time do Santos, pode ser a entrada do atacante\nTailson, de 20 anos, que pode aparecer entre os titulares na vaga de Derlis\nGonz\u00e1lez.<\/p>\n\n\n\n<p><span style=\"text-decoration: underline;\"><strong>Confira a lista dos 23 relacionados<\/strong><\/span>:<\/p>\n\n\n\n<p><strong>Goleiros<\/strong>: Everson, Vanderlei e Jo\u00e3o Paulo<br> <strong>Laterais<\/strong>: Victor Ferraz, Par\u00e1, Jorge e Felipe Jonatan;<br> <strong>Zagueiros<\/strong>: Gustavo Henrique, Luan Peres, Felipe Aguilar e Wagner Leonardo;<br> <strong>Meio-campistas<\/strong>: Alison, Diego Pituca, Evandro, Jobson e Jean Mota;<br> <strong>Atacantes<\/strong>: Soteldo, Eduardo Sasha, Tailson, Marinho, Venuto, Uribe e Kaio Jorge.<\/p>\n\n\n\n<p>Com tantos problemas, e com a press\u00e3o de ter de buscar uma\nvit\u00f3ria fora de casa, para n\u00e3o ficar muito distante dos l\u00edderes e fugir da mira\nde al\u00e7a do Corinthians, o prov\u00e1vel 11 Santista para enfrentar o Vasco da Gama,\ndeve ir \u00e0 campo com: <\/p>\n\n\n\n<p><strong>Everson;\nVictor Ferraz, Felipe Aguilar (Luan Peres), Gustavo Henrique e Jorge; Alison,\nDiego Pituca e Evandro; Marinho (Tailson), Eduardo Sasha e Soteldo<\/strong>. <\/p>\n\n\n\n<p><span style=\"text-decoration: underline;\"><strong>Jogadores Pendurados com dois Amarelos<\/strong><\/span><\/p>\n\n\n\n<p>Lucas Ver\u00edssimo, \u00c1lisson, Pato Sanches, Soteldo, Marinho<\/p>\n\n\n\n<p><\/p>\n\n\n\n<p><strong><span style=\"text-decoration: underline;\">Retrospecto dos Confrontos<\/span><\/strong><\/p>\n\n\n\n<p><strong>Santos<\/strong> e <strong>Vasco da Gama<\/strong> j\u00e1 se enfrentaram <strong>124\n<\/strong><strong>vezes<\/strong> ao\nlongo da hist\u00f3ria.<\/p>\n\n\n\n<p>Foram\n<strong>43<\/strong> <strong>vit\u00f3rias\n<\/strong>do Santos, contra <strong>44<\/strong> <strong>vit\u00f3rias<\/strong>\ndo Vasco da Gama e <strong>37<\/strong> <strong>empates<\/strong>.\n<\/p>\n\n\n\n<p>O\nPeixe marcou <strong>199<\/strong> <strong>gols\n<\/strong>e\nsofreu <strong>187<\/strong> <strong>Saldo<\/strong> de <strong>+12<\/strong><\/p>\n\n\n\n<p>Em <strong>Campeonatos\nBrasileiros <\/strong>&nbsp;Desde o primeiro confronto,\nforam <strong>68<\/strong> <strong>jogos<\/strong>,\ncom <strong>25<\/strong> <strong>vit\u00f3rias<\/strong>\ndo\nSantos, contra <strong>20 <\/strong><strong>vit\u00f3rias <\/strong>do Vasco da Gama e <strong>23<\/strong> <strong>empates<\/strong>.\nO\ntime da Baixada Santista marcou <strong>82 <\/strong><strong>gols<\/strong> e sofreu <strong>73<\/strong>.<\/p>\n\n\n\n<p>No \u00faltimo confronto, v\u00e1lido pelo <strong>Campeonato Brasileiro<\/strong>&nbsp; de <strong>2019<\/strong>, a partida terminou com (Vit\u00f3ria do Santos) pelo placar de 3X0 o jogo foi realizado no (Pacaembu)<\/p>\n\n\n\n<p>(Cr\u00e9dito: Imagem: Ivan Storti\/Santos FC)<\/p>\n\n\n\n<p><\/p>\n","protected":false},"excerpt":{"rendered":"<p>Al\u00f4 Na\u00e7\u00e3o Santista! Sauda\u00e7\u00f5es Alvinegras! Terceiro colocado na tabela de classifica\u00e7\u00e3o do Campeonato Brasileiro, somando 41 pontos, cinco pontos atr\u00e1s<\/p>\n","protected":false},"author":2,"featured_media":0,"comment_status":"open","ping_status":"open","sticky":false,"template":"","format":"standard","meta":{"colormag_page_container_layout":"default_layout","colormag_page_sidebar_layout":"default_layout","_jetpack_memberships_contains_paid_content":false,"footnotes":""},"categories":[11,10,5,17],"tags":[6],"class_list":["post-329","post","type-post","status-publish","format-standard","hentry","category-campeonato-brasileiro","category-elenco-profissional","category-futebol","category-pre-jogo","tag-santos-fc"],"jetpack_featured_media_url":"","jetpack_likes_enabled":true,"jetpack_sharing_enabled":true,"_links":{"self":[{"href":"https:\/\/sergiobertoldi.com\/index.php\/wp-json\/wp\/v2\/posts\/329","targetHints":{"allow":["GET"]}}],"collection":[{"href":"https:\/\/sergiobertoldi.com\/index.php\/wp-json\/wp\/v2\/posts"}],"about":[{"href":"https:\/\/sergiobertoldi.com\/index.php\/wp-json\/wp\/v2\/types\/post"}],"author":[{"embeddable":true,"href":"https:\/\/sergiobertoldi.com\/index.php\/wp-json\/wp\/v2\/users\/2"}],"replies":[{"embeddable":true,"href":"https:\/\/sergiobertoldi.com\/index.php\/wp-json\/wp\/v2\/comments?post=329"}],"version-history":[{"count":3,"href":"https:\/\/sergiobertoldi.com\/index.php\/wp-json\/wp\/v2\/posts\/329\/revisions"}],"predecessor-version":[{"id":335,"href":"https:\/\/sergiobertoldi.com\/index.php\/wp-json\/wp\/v2\/posts\/329\/revisions\/335"}],"wp:attachment":[{"href":"https:\/\/sergiobertoldi.com\/index.php\/wp-json\/wp\/v2\/media?parent=329"}],"wp:term":[{"taxonomy":"category","embeddable":true,"href":"https:\/\/sergiobertoldi.com\/index.php\/wp-json\/wp\/v2\/categories?post=329"},{"taxonomy":"post_tag","embeddable":true,"href":"https:\/\/sergiobertoldi.com\/index.php\/wp-json\/wp\/v2\/tags?post=329"}],"curies":[{"name":"wp","href":"https:\/\/api.w.org\/{rel}","templated":true}]}}