{"id":3126,"date":"2021-05-10T14:00:45","date_gmt":"2021-05-10T17:00:45","guid":{"rendered":"https:\/\/sergiobertoldi.com\/?p=3126"},"modified":"2021-05-11T22:17:14","modified_gmt":"2021-05-12T01:17:14","slug":"vai-comecar-no-santos-a-era-diniz","status":"publish","type":"post","link":"https:\/\/sergiobertoldi.com\/index.php\/2021\/05\/10\/vai-comecar-no-santos-a-era-diniz\/","title":{"rendered":"Vai come\u00e7ar no Santos a era Diniz"},"content":{"rendered":"<p><span style=\"font-family: helvetica, arial, sans-serif; font-size: 14pt;\"><strong><u>Al\u00f4 Na\u00e7\u00e3o Santista! Sauda\u00e7\u00f5es Alvinegras!<\/u><\/strong><\/span><\/p>\n<p style=\"text-align: justify;\">O Santos apresentou de forma oficial nesta segunda-feira (10), Fernando Diniz como novo t\u00e9cnico da equipe Alvinegra!<br \/>\nFernando Diniz, de 47 anos que chega na Vila Belmiro ap\u00f3s uma passagem positiva pelo Tricolor Paulista, comandar\u00e1 o elenco do Santos inicialmente at\u00e9 o final da temporada 2021, podendo em caso de interesse das partes, renovar por mais um ano!<\/p>\n<p style=\"text-align: justify;\">Apresentado como novo t\u00e9cnico do Santos em entrevista coletiva na manh\u00e3 desta segunda-feira, Fernando Diniz chega ao Santos para ocupar a vaga de treinador, vaga aberta em decorr\u00eancia da sa\u00edda do Argentino, Ariel Holan, que alegando n\u00e3o se sentir seguro para continuar no Santos ap\u00f3s torcedores insatisfeitos com o desempenho da equipe, protestarem com roj\u00f5es no pr\u00e9dio onde morava, Holan decidiu pedir demiss\u00e3o do cargo!<br \/>\nO Presidente do Santos iniciou a coletiva, destacando as caracter\u00edsticas do treinador que se encaixa com o que o clube buscava. Diniz falou sobre chegada e a parceira com a diretoria.<\/p>\n<p style=\"text-align: justify;\">\u201c<strong><em>Um prazer ser treinador do Santos, clube que passei como jogador e tive essa honra. \u00c9 o time do Pel\u00e9, s\u00f3 isso faz o Santos estar entre os maiores do mundo.<br \/>\n<\/em><\/strong><strong><em>Vou me entregar com toda a for\u00e7a que eu tenho para ajudar. Agrade\u00e7o ao presidente. Tivemos sintonia fina. Minha conversa com ele foi a base, o fio condutor para o acerto. Preciso de uma pessoa como ele. Tivemos sintonia, qu\u00edmica forte. Seriedade, car\u00e1ter e bons valores. S\u00e3o as coisas mais importantes da vida\u201d, <\/em><\/strong>afirmou Fernando Diniz.<\/p>\n<p style=\"text-align: justify;\">Fernando Diniz se mostrou bastante confiante em realizar um bom trabalho, e enxerga muita semelhan\u00e7a entre sua maneira de jogar e a do clube.<br \/>\nO foco do trabalho ser\u00e1 armar o time, de maneira que o Santos possa se tornar uma equipe muito forte coletivamente, mas na qual as individualidades se mostrem.<\/p>\n<p style=\"text-align: justify;\">\u201c<strong><em>Espero um grande trabalho, um passo adiante do que tenho feito na minha carreira. Minha vontade \u00e9 se dar bem, se respeitar. N\u00e3o \u00e9 uma esperan\u00e7a, \u00e9 expectativa. Tenho confian\u00e7a de parceria forte com diretoria e elenco. Comiss\u00e3o, jogadores e diretoria s\u00e3o os trabalhadores. Imprensa avalia como acha pertinente, com respeito sempre, e temos que entregar vit\u00f3rias ao torcedor. Torcedor quase sempre tem raz\u00e3o. Temos que entregar aquilo que torcedor espera: vit\u00f3rias e bom futebol<\/em><\/strong>\u201d, citou o treinador.<\/p>\n<p style=\"text-align: justify;\">Quando foi perguntado sobre o elenco e a necessidade por refor\u00e7os, Fernando Diniz fez quest\u00e3o de valorizar os jogadores do elenco, mas refor\u00e7ou a import\u00e2ncia de poder mesclar jogadores mais experientes, que possam dar sustenta\u00e7\u00e3o e tranquilidade aos mais jovens. O treinador quer refor\u00e7os pontuais, mas n\u00e3o citou posi\u00e7\u00f5es.<\/p>\n<p style=\"text-align: justify;\"><em>\u201c<strong>Tenho estudado o elenco. Conhe\u00e7o alguns jogadores. Olhei com mais profundidade desde que come\u00e7amos a negociar. Gosto muito do que vi. Elenco forte, sim. Poucos e bons refor\u00e7os. Santos n\u00e3o precisa de muitos, precisa de qualidade. N\u00e3o vou falar de posi\u00e7\u00e3o. Elenco est\u00e1 sempre aberto a bons jogadores. Sou criterioso mesmo. O Santos, desse tamanho e com essa base, n\u00e3o pode trazer jogador s\u00f3 por vir, sem condi\u00e7\u00e3o imediata de produzir, e atrapalhar o desenvolvimento dos mais jovens. Temos que trazer quem possa ajudar a dar sustenta\u00e7\u00e3o da equipe e tirar um pouco dessa carga \u00e0s vezes exagerada aos garotos.<\/strong>\u201d<strong>,<\/strong> <\/em>afirmou o t\u00e9cnico<em>.<\/em><em>\u00a0<\/em><\/p>\n<div class=\"jetpack-video-wrapper\"><iframe loading=\"lazy\" title=\"FERNANDO DINIZ | APRESENTA\u00c7\u00c3O (10\/05\/21)\" width=\"800\" height=\"450\" src=\"https:\/\/www.youtube.com\/embed\/6bONotGVdwY?feature=oembed\" frameborder=\"0\" allow=\"accelerometer; autoplay; clipboard-write; encrypted-media; gyroscope; picture-in-picture\" allowfullscreen><\/iframe><\/div>\n<p style=\"text-align: justify;\">Fernando Diniz tem sua estreia frente ao comando Santista, marcada para o duelo diante o Boca Juniors nesta ter\u00e7a-feira, \u00e0s 19h15min, na Vila Belmiro pela quarta rodada da fase de grupos da Copa Libertadores.<\/p>\n<p style=\"text-align: justify;\">(Cr\u00e9dito: Imagem: Ivan Storti\/Divulga\u00e7\u00e3o\/Santos FC)<br \/>\n(Cr\u00e9dito: Imagem: SantosTV\/Divulga\u00e7\u00e3o\/Santos FC)<\/p>\n","protected":false},"excerpt":{"rendered":"<p>Al\u00f4 Na\u00e7\u00e3o Santista! Sauda\u00e7\u00f5es Alvinegras! O Santos apresentou de forma oficial nesta segunda-feira (10), Fernando Diniz como novo t\u00e9cnico da<\/p>\n","protected":false},"author":2,"featured_media":3127,"comment_status":"open","ping_status":"open","sticky":false,"template":"","format":"standard","meta":{"colormag_page_container_layout":"default_layout","colormag_page_sidebar_layout":"default_layout","_jetpack_memberships_contains_paid_content":false,"footnotes":""},"categories":[4,31,32],"tags":[6],"class_list":["post-3126","post","type-post","status-publish","format-standard","has-post-thumbnail","hentry","category-bastidores-do-santos-fc","category-quem-chega-e-quem-sai","category-treinador-santista","tag-santos-fc"],"jetpack_featured_media_url":"https:\/\/i0.wp.com\/sergiobertoldi.com\/wp-content\/uploads\/2021\/05\/Fernando-Diniz.jpg?fit=1023%2C682&ssl=1","jetpack_likes_enabled":true,"jetpack_sharing_enabled":true,"_links":{"self":[{"href":"https:\/\/sergiobertoldi.com\/index.php\/wp-json\/wp\/v2\/posts\/3126","targetHints":{"allow":["GET"]}}],"collection":[{"href":"https:\/\/sergiobertoldi.com\/index.php\/wp-json\/wp\/v2\/posts"}],"about":[{"href":"https:\/\/sergiobertoldi.com\/index.php\/wp-json\/wp\/v2\/types\/post"}],"author":[{"embeddable":true,"href":"https:\/\/sergiobertoldi.com\/index.php\/wp-json\/wp\/v2\/users\/2"}],"replies":[{"embeddable":true,"href":"https:\/\/sergiobertoldi.com\/index.php\/wp-json\/wp\/v2\/comments?post=3126"}],"version-history":[{"count":3,"href":"https:\/\/sergiobertoldi.com\/index.php\/wp-json\/wp\/v2\/posts\/3126\/revisions"}],"predecessor-version":[{"id":3130,"href":"https:\/\/sergiobertoldi.com\/index.php\/wp-json\/wp\/v2\/posts\/3126\/revisions\/3130"}],"wp:featuredmedia":[{"embeddable":true,"href":"https:\/\/sergiobertoldi.com\/index.php\/wp-json\/wp\/v2\/media\/3127"}],"wp:attachment":[{"href":"https:\/\/sergiobertoldi.com\/index.php\/wp-json\/wp\/v2\/media?parent=3126"}],"wp:term":[{"taxonomy":"category","embeddable":true,"href":"https:\/\/sergiobertoldi.com\/index.php\/wp-json\/wp\/v2\/categories?post=3126"},{"taxonomy":"post_tag","embeddable":true,"href":"https:\/\/sergiobertoldi.com\/index.php\/wp-json\/wp\/v2\/tags?post=3126"}],"curies":[{"name":"wp","href":"https:\/\/api.w.org\/{rel}","templated":true}]}}