{"id":3096,"date":"2021-05-08T13:57:21","date_gmt":"2021-05-08T16:57:21","guid":{"rendered":"https:\/\/sergiobertoldi.com\/?p=3096"},"modified":"2021-05-08T13:57:32","modified_gmt":"2021-05-08T16:57:32","slug":"o-momento-e-de-uniao","status":"publish","type":"post","link":"https:\/\/sergiobertoldi.com\/index.php\/2021\/05\/08\/o-momento-e-de-uniao\/","title":{"rendered":"O momento \u00e9 de Uni\u00e3o!"},"content":{"rendered":"<p><span style=\"font-family: helvetica, arial, sans-serif; font-size: 14pt;\"><strong><u>Al\u00f4 Na\u00e7\u00e3o Santista! Sauda\u00e7\u00f5es Alvinegras!<\/u><\/strong><\/span><\/p>\n<p style=\"text-align: justify;\"><span style=\"font-family: 'times new roman', times, serif; font-size: 14pt;\">Jogando pela pen\u00faltima rodada do Campeonato Paulista de 2021, a 11\u00aa de 12 rodadas disputadas nesta primeira fase, que credencia as equipes classificadas a entrarem na fase decisiva da competi\u00e7\u00e3o, o Santos perdeu o cl\u00e1ssico para o Palmeiras por 3 a 2, na noite desta quinta-feira (6), e est\u00e1 eliminado dos mata-matas do Paulist\u00e3o.<\/span><br \/>\n<span style=\"font-family: 'times new roman', times, serif; font-size: 14pt;\">A derrota fora de casa, deixou o Santos com apenas 10 pontos conquistados, um a mais do que o S\u00e3o Bento, pen\u00faltimo colocado com 09 pontos, e advers\u00e1rio do alvinegro na \u00faltima rodada, em partida que ser\u00e1 disputada no domingo (09) na Vila Belmiro, \u00e0s 16h00 (de Bras\u00edlia).<\/span><\/p>\n<p style=\"text-align: justify;\"><span style=\"font-family: 'times new roman', times, serif; font-size: 14pt;\">Com os resultados da rodada, o Alvinegro Praiano corre at\u00e9 o risco de ser rebaixado em caso de derrota diante do S\u00e3o Bento, realidade que transformou o duelo contra a equipe de Sorocaba, decisivo na luta do Santos para permanecer na S\u00e9rie A-1 do Campeonato Estadual.<\/span><br \/>\n<span style=\"font-family: 'times new roman', times, serif; font-size: 14pt;\">Se formos levar em considera\u00e7\u00e3o, que o Santos ir\u00e1 travar o duelo mais importante de todos os seus 109 anos de exist\u00eancia, dos quais jamais soube o que \u00e9 ser rebaixado, jogando em sua casa na Vila Belmiro, e necessitando apenas de um empate para escapar do rebaixamento, a miss\u00e3o contra o S\u00e3o Bento (Com todo o respeito), n\u00e3o deveria ser assustadora, nem sequer preocupante!<\/span><\/p>\n<p style=\"text-align: justify;\"><span style=\"font-family: 'times new roman', times, serif; font-size: 14pt;\">Infelizmente, a realidade atual n\u00e3o \u00e9 essa!<\/span><br \/>\n<span style=\"font-family: 'times new roman', times, serif; font-size: 14pt;\">Por mais que o torcedor Santista queira se manter otimista, a campanha alvinegra com <strong>02<\/strong> vit\u00f3rias, <strong>04<\/strong> empates e <strong>05<\/strong> derrotas em <strong>11<\/strong> jogos, com <strong>10<\/strong> gols marcados e <strong>19<\/strong> sofridos, n\u00e3o deixa o torcedor disfar\u00e7ar uma ponta de preocupa\u00e7\u00e3o!<\/span><br \/>\n<span style=\"font-family: 'times new roman', times, serif; font-size: 14pt;\">N\u00e3o que o S\u00e3o Bento seja motivo de tanta preocupa\u00e7\u00e3o, o que preocupa \u00e9 o fato de que na partida mais importante da hist\u00f3ria do clube, o \u201c<strong>Onze Santista<\/strong>\u201d entrar\u00e1 em campo, com um time formado por \u201c<strong>Meninos<\/strong>\u201d, que ter\u00e3o 90 minutos para provarem que \u00e9 realmente em momentos assim, que se separa os \u201c<strong>Homens<\/strong>\u201d dos \u201c<strong>Meninos<\/strong>\u201d.<\/span><\/p>\n<p style=\"text-align: justify;\"><span style=\"font-family: 'times new roman', times, serif; font-size: 14pt;\">Embora muito dessa for\u00e7a, tenha que partir internamente de cada um, ter nesses momentos, um dia e algumas horas antes da decis\u00e3o, o apoio psicol\u00f3gico, um respaldo e a sensa\u00e7\u00e3o de que n\u00e3o enfrentar\u00e3o essa responsabilidade sozinhos, ser\u00e1 de fundamental import\u00e2ncia!\u00a0<\/span><\/p>\n<p style=\"text-align: justify;\"><span style=\"font-family: 'times new roman', times, serif; font-size: 14pt;\">No intuito de entendermos um pouco mais sobre o impacto emocional que a ansiedade e a responsabilidade dessa partida podem causar em jogadores t\u00e3o jovens, muitos iniciando seu primeiro ano jogando no time profissional, conversei com o Psic\u00f3logo M\u00e1rio Rodrigues.<\/span><br \/>\n<span style=\"font-family: 'times new roman', times, serif; font-size: 14pt;\">M\u00e1rio \u00e9 o Idealizador da \u201cMetodologia PAR\u201d (Psicologia que busca auxiliar o atleta a alcan\u00e7ar o mais alto rendimento), j\u00e1 utilizada inclusive no pr\u00f3prio Santos, tendo sido muito importante na conquista de um t\u00edtulo Brasileiro pelo time das Sereias da Vila.<\/span><\/p>\n<p style=\"text-align: justify;\"><span style=\"font-family: 'times new roman', times, serif; font-size: 14pt;\"><em><strong>\u201cO grande desafio de atletas de futebol ao longo do tempo \u00e9 controlar seu comportamento e suas rea\u00e7\u00f5es emocionais frente a adversidades do jogo.<\/strong><\/em><\/span><br \/>\n<span style=\"font-family: 'times new roman', times, serif; font-size: 14pt;\"><em><strong>Outro aspecto, \u00e9 desenvolver a percep\u00e7\u00e3o do movimento t\u00e9cnico, tanto pr\u00f3prio quanto dos oponentes.\u00a0<\/strong><\/em><\/span><br \/>\n<span style=\"font-family: 'times new roman', times, serif; font-size: 14pt;\"><em><strong>Um fator que interfere decisivamente no alcance de um resultado favor\u00e1vel \u00e9 a carga de responsabilidade que \u00e9 depositada por membros de Comiss\u00f5es T\u00e9cnicas, que exigem a vit\u00f3ria a qualquer custo, causando ansiedade, que por conseguinte, vai causar um preju\u00edzo quanto a opera\u00e7\u00e3o do racioc\u00ednio, que precisa estar livre das emo\u00e7\u00f5es para exercer sua fun\u00e7\u00e3o previs\u00edvel e racional.\u201d<\/strong><\/em><\/span><\/p>\n<p style=\"text-align: justify;\"><span style=\"font-family: 'times new roman', times, serif; font-size: 14pt;\">Podemos entender nas palavras do psicologo M\u00e1rio Rodrigues, que o ideal \u00e9 nesse momento, aliviar ao m\u00e1ximo qualquer tipo de atitude que denote cobran\u00e7a, ou que deposite uma responsabilidade excessiva em cima principalmente dos mais jovens da equipe, claramente mais suscet\u00edveis a sentir a press\u00e3o!<\/span><br \/>\n<span style=\"font-family: 'times new roman', times, serif; font-size: 14pt;\">O momento agora, n\u00e3o \u00e9 de cobran\u00e7as nem de se apontar culpados!<\/span><br \/>\n<span style=\"font-family: 'times new roman', times, serif; font-size: 14pt;\">O que passou ficou para tr\u00e1s! O importante agora \u00e9 que os respons\u00e1veis pelo futebol do Santos, se fa\u00e7am presentes junto ao elenco, passando respaldo, seguran\u00e7a e confian\u00e7a!<\/span><\/p>\n<p style=\"text-align: justify;\"><span style=\"font-family: 'times new roman', times, serif; font-size: 14pt;\">\u00c9 hora de passarem o dia no CT Rei Pel\u00e9!<\/span><br \/>\n<span style=\"font-family: 'times new roman', times, serif; font-size: 14pt;\">Almocem com os jogadores, jantem com os jogadores, brinquem, descontra\u00edam o ambiente, e etc.. Fa\u00e7am os garotos se sentirem apoiados e amparados como uma grande fam\u00edlia!<\/span><br \/>\n<span style=\"font-family: 'times new roman', times, serif; font-size: 14pt;\">Jogador de futebol, ganha confian\u00e7a quando se sente prestigiado, e sente que seu treinador e o comando do clube acreditam no seu potencial.<\/span><br \/>\n<span style=\"font-family: 'times new roman', times, serif; font-size: 14pt;\">Vamos sair dessa, e continuar nossa hist\u00f3ria jamais maculada por uma queda!<\/span><\/p>\n<p style=\"text-align: justify;\"><span style=\"font-family: 'times new roman', times, serif; font-size: 14pt;\">Como dizia o nosso querido Padre Paulo:<\/span><\/p>\n<blockquote>\n<p style=\"text-align: justify;\"><span style=\"font-family: 'times new roman', times, serif; font-size: 14pt;\">O Santos \u00e9 uma for\u00e7a viva, temperada no fragor de batalhas memor\u00e1veis\u201d<\/span><\/p>\n<\/blockquote>\n<p style=\"text-align: justify;\"><span style=\"font-family: 'times new roman', times, serif; font-size: 14pt;\">(Cr\u00e9dito: Imagem: Ivan Storti\/Santos FC)<\/span><\/p>\n<p style=\"text-align: justify;\">\n","protected":false},"excerpt":{"rendered":"<p>Al\u00f4 Na\u00e7\u00e3o Santista! Sauda\u00e7\u00f5es Alvinegras! Jogando pela pen\u00faltima rodada do Campeonato Paulista de 2021, a 11\u00aa de 12 rodadas disputadas<\/p>\n","protected":false},"author":2,"featured_media":3097,"comment_status":"open","ping_status":"open","sticky":false,"template":"","format":"standard","meta":{"colormag_page_container_layout":"default_layout","colormag_page_sidebar_layout":"default_layout","_jetpack_memberships_contains_paid_content":false,"footnotes":""},"categories":[12,4,25],"tags":[6],"class_list":["post-3096","post","type-post","status-publish","format-standard","has-post-thumbnail","hentry","category-analise-e-comentario","category-bastidores-do-santos-fc","category-campeonato-paulista","tag-santos-fc"],"jetpack_featured_media_url":"https:\/\/i0.wp.com\/sergiobertoldi.com\/wp-content\/uploads\/2021\/05\/Uniao-do-time.jpg?fit=1008%2C672&ssl=1","jetpack_likes_enabled":true,"jetpack_sharing_enabled":true,"_links":{"self":[{"href":"https:\/\/sergiobertoldi.com\/index.php\/wp-json\/wp\/v2\/posts\/3096","targetHints":{"allow":["GET"]}}],"collection":[{"href":"https:\/\/sergiobertoldi.com\/index.php\/wp-json\/wp\/v2\/posts"}],"about":[{"href":"https:\/\/sergiobertoldi.com\/index.php\/wp-json\/wp\/v2\/types\/post"}],"author":[{"embeddable":true,"href":"https:\/\/sergiobertoldi.com\/index.php\/wp-json\/wp\/v2\/users\/2"}],"replies":[{"embeddable":true,"href":"https:\/\/sergiobertoldi.com\/index.php\/wp-json\/wp\/v2\/comments?post=3096"}],"version-history":[{"count":3,"href":"https:\/\/sergiobertoldi.com\/index.php\/wp-json\/wp\/v2\/posts\/3096\/revisions"}],"predecessor-version":[{"id":3100,"href":"https:\/\/sergiobertoldi.com\/index.php\/wp-json\/wp\/v2\/posts\/3096\/revisions\/3100"}],"wp:featuredmedia":[{"embeddable":true,"href":"https:\/\/sergiobertoldi.com\/index.php\/wp-json\/wp\/v2\/media\/3097"}],"wp:attachment":[{"href":"https:\/\/sergiobertoldi.com\/index.php\/wp-json\/wp\/v2\/media?parent=3096"}],"wp:term":[{"taxonomy":"category","embeddable":true,"href":"https:\/\/sergiobertoldi.com\/index.php\/wp-json\/wp\/v2\/categories?post=3096"},{"taxonomy":"post_tag","embeddable":true,"href":"https:\/\/sergiobertoldi.com\/index.php\/wp-json\/wp\/v2\/tags?post=3096"}],"curies":[{"name":"wp","href":"https:\/\/api.w.org\/{rel}","templated":true}]}}