{"id":2965,"date":"2021-02-17T21:30:20","date_gmt":"2021-02-18T00:30:20","guid":{"rendered":"https:\/\/sergiobertoldi.com\/?p=2965"},"modified":"2021-02-19T21:39:17","modified_gmt":"2021-02-20T00:39:17","slug":"no-classico-alvinegro-deu-santos-pela-setima-vez","status":"publish","type":"post","link":"https:\/\/sergiobertoldi.com\/index.php\/2021\/02\/17\/no-classico-alvinegro-deu-santos-pela-setima-vez\/","title":{"rendered":"No cl\u00e1ssico alvinegro deu Santos pela s\u00e9tima vez!"},"content":{"rendered":"<p><span style=\"font-family: 'times new roman', times, serif; font-size: 18pt;\"><span style=\"font-family: helvetica, arial, sans-serif; font-size: 14pt;\"><strong><u>Al\u00f4 Na\u00e7\u00e3o Santista! Sauda\u00e7\u00f5es Alvinegras!<\/u><\/strong><\/span><\/span><\/p>\n<p style=\"text-align: justify;\"><span style=\"color: #000000;\"><span style=\"font-size: 14pt; font-family: georgia, palatino, serif;\">Jogando pela<\/span>\u00a0<span style=\"font-size: 12pt;\">33\u00aa<\/span>\u00a0<span style=\"font-family: georgia, palatino, serif; font-size: 14pt;\">rodada do Campeonato Brasileiro, em partida adiada por conta da final da Copa Libertadores, Santos e Corinthians se enfrentaram na noite desta quarta-feira<\/span>\u00a0(17),\u00a0<span style=\"font-family: georgia, palatino, serif; font-size: 14pt;\">\u00e0s<\/span>\u00a019h00\u00a0<span style=\"font-family: georgia, palatino, serif; font-size: 14pt;\">(de Bras\u00edlia), quando no Est\u00e1dio Urbano Caldeira, a mundialmente famosa \u201cVila Belmiro\u201d, Santistas e corintianos n\u00e3o conseguiram realizar uma partida digna da grandeza que a hist\u00f3ria desse cl\u00e1ssico merece, mas ainda assim, a vit\u00f3ria magra por apenas<\/span> 1<span style=\"font-family: georgia, palatino, serif; font-size: 14pt;\"> a<\/span> 0, <span style=\"font-family: georgia, palatino, serif; font-size: 14pt;\">com gol marcado pelo garoto Marcos Leonardo, foi suficiente para manter bem acesas, as chances do Alvinegro Praiano conquistar a t\u00e3o sonhada vaga para disputar a Libertadores de <\/span>2021.\u00a0<\/span><\/p>\n<p style=\"text-align: justify;\"><span style=\"color: #000000;\"><span style=\"font-family: georgia, palatino, serif; font-size: 14pt;\">Com o resultado, a equipe comandada pelo t\u00e9cnico Cuca chegou aos<\/span>\u00a053\u00a0<span style=\"font-family: georgia, palatino, serif;\"><span style=\"font-size: 14pt;\">pontos conquistados, subindo da<\/span>\u00a0<\/span>10\u00ba <span style=\"font-family: georgia, palatino, serif; font-size: 14pt;\">para a oitava coloca\u00e7\u00e3o na tabela de classifica\u00e7\u00e3o, dependendo apenas de suas pr\u00f3prias for\u00e7as para continuar dentro da zona de classifica\u00e7\u00e3o para a pr\u00f3xima edi\u00e7\u00e3o da Copa Libertadores.<\/span><\/span><br \/>\n<span style=\"color: #000000; font-family: georgia, palatino, serif; font-size: 14pt;\">Se vencer a equipe do Fluminense no pr\u00f3ximo domingo, em partida que tamb\u00e9m ser\u00e1 realizada na Vila Belmiro, o Santos pode garantir sua classifica\u00e7\u00e3o sem depender de repente, de ter que vencer o Bahia fora de casa na \u00faltima rodada do Brasileir\u00e3o!<br \/>\n<\/span><span style=\"color: #000000; font-family: georgia, palatino, serif; font-size: 14pt;\">Com o gol assinalado pelo atacante Marcos Leonardo, o Santos n\u00e3o apenas conquistou uma vit\u00f3ria frente ao Corinthians, mas sim a s\u00e9tima vit\u00f3ria seguido do Peixe em cl\u00e1ssicos contra o rival no Al\u00e7ap\u00e3o da Vila.<\/span><\/p>\n<p style=\"text-align: justify;\"><span style=\"color: #000000;\"><span style=\"font-family: georgia, palatino, serif; font-size: 14pt;\">N\u00e3o bastasse isso e o garoto de apenas <\/span>17 <span style=\"font-family: georgia, palatino, serif; font-size: 14pt;\">anos, entrou para a hist\u00f3ria do Santos pois ao balan\u00e7ar as redes corintianas, Marcos Leonardo assinalou o gol de n\u00ba <span style=\"font-family: 'times new roman', times, serif;\">1000<\/span> na hist\u00f3ria do Santos em Campeonatos Brasileiros!<\/span><\/span><\/p>\n<p style=\"text-align: justify;\"><span style=\"color: #000000; font-family: georgia, palatino, serif; font-size: 14pt;\">O Corinthians iniciou o cl\u00e1ssico jogando melhor do que a equipe Santista e logo nos primeiros minutos de partida, criou duas chances contra o Santos. Com apenas dois minutos de jogo, o goleiro Jo\u00e3o Paulo j\u00e1 foi exigido sendo obrigado a espalmar um perigo chute do jogador Matheus Vital.<\/span><\/p>\n<p style=\"text-align: justify;\"><span style=\"color: #000000; font-family: georgia, palatino, serif; font-size: 14pt;\">Dois minutos depois, o corintiano Gustavo Mosquito que lan\u00e7ado em velocidade poderia levar muito perigo a meta Santista, s\u00f3 n\u00e3o teve \u00eaxito porque foi travado pelo Zagueiro Luan Peres antes de ficar cara a cara com o goleiro Jo\u00e3o Paulo.<br \/>\n<\/span><span style=\"color: #000000;\"><span style=\"font-family: georgia, palatino, serif; font-size: 14pt;\">Aos <\/span>11 <span style=\"font-family: georgia, palatino, serif; font-size: 14pt;\">minutos de jogo, a Vila Belmiro sofreu um apag\u00e3o com a energia do est\u00e1dio sendo retomada<\/span> 16 <span style=\"font-size: 14pt; font-family: georgia, palatino, serif;\">minutos depois. Se a luz voltou, o mesmo n\u00e3o se pode dizer do ritmo da partida que caiu e muito!<\/span><\/span><\/p>\n<p style=\"text-align: justify;\"><span style=\"color: #000000; font-family: georgia, palatino, serif; font-size: 14pt;\">O Santos voltou para a segunda etapa, decidido a buscar a vit\u00f3ria que manteria a busca pela vaga \u00e0 Libertadores, bem mais perto de ser concretizada!<\/span><br \/>\n<span style=\"color: #000000; font-family: georgia, palatino, serif; font-size: 14pt;\">N\u00e3o satisfeito com o rendimento do time na primeira etapa o t\u00e9cnico Cuca mexeu na equipe, promovendo a entrada do jogador Soteldo na vaga de Ivonei, uma altera\u00e7\u00e3o que deu outro ritmo a equipe, mudan\u00e7a fez com que a ofensividade do Santos voltasse a fazer a diferen\u00e7a quando aos seis minutos, o venezuelano recebeu um passe do companheiro Marinho, invadiu a \u00e1rea e chutou forte, exigindo a defesa do Goleiro C\u00e1ssio.<\/span><\/p>\n<p style=\"text-align: justify;\"><span style=\"color: #000000; font-family: georgia, palatino, serif; font-size: 14pt;\">O gol do Santos n\u00e3o demoraria a sair e aos dez minutos da segunda etapa, Soteldo recebeu na entrada da \u00e1rea e chutou colocado, C\u00e1ssio rebateu e a bola sobrou para Marinho. O atacante chutou cruzado e o centroavante Marcos Leonardo, sempre bem posicionado e com faro de gol, apareceu livre na \u00e1rea para empurrar para o gol fazendo assim o seu quarto gol no Brasileir\u00e3o, sendo o terceiro em jogos seguidos.<\/span><\/p>\n<p style=\"text-align: justify;\"><span style=\"color: #000000; font-family: georgia, palatino, serif; font-size: 14pt;\">Depois de sofrer o gol, o Corinthians at\u00e9 tentou partir para o ataque, mas insistiu nos cruzamentos na \u00e1rea Santista, por\u00e9m milagrosamente a defesa do Santos se portou magnificamente n\u00e3o perdendo uma jogada pelo alto, al\u00e9m do goleiro Jo\u00e3o Paulo que mais uma vez mostrou muita seguran\u00e7a.<\/span><br \/>\n<span style=\"color: #000000; font-family: georgia, palatino, serif; font-size: 14pt;\">A \u00fanica observa\u00e7\u00e3o a se fazer em rela\u00e7\u00e3o ao Goleiro Santista, seria no sentido de melhorar sua sa\u00edda de bola nos tiros de meta mais longos!<\/span><\/p>\n<p style=\"text-align: justify;\"><span style=\"text-decoration: underline;\"><span style=\"color: #000000; font-family: georgia, palatino, serif; font-size: 14pt;\"><strong>FICHA T\u00c9CNICA<\/strong><\/span><\/span><br \/>\n<span style=\"color: #000000;\"><strong><span style=\"text-decoration: underline;\"><span style=\"font-family: georgia, palatino, serif; font-size: 14pt;\">SANTOS<\/span><\/span> 1 x 0 <span style=\"text-decoration: underline;\"><span style=\"font-family: georgia, palatino, serif; font-size: 14pt;\">CORINTHIANS<\/span><\/span><\/strong><\/span><\/p>\n<p style=\"text-align: justify;\"><span style=\"color: #000000; font-family: georgia, palatino, serif; font-size: 14pt;\"><strong>Local:<\/strong>\u00a0Est\u00e1dio da Vila Belmiro, em Santos (SP)<\/span><br \/>\n<span style=\"color: #000000;\"><strong>Data<\/strong>: 17 <span style=\"font-family: georgia, palatino, serif; font-size: 14pt;\">de fevereiro de<\/span> 2021, <span style=\"font-family: georgia, palatino, serif; font-size: 14pt;\">quarta-feira<\/span><\/span><br \/>\n<span style=\"color: #000000;\"><strong>Hor\u00e1rio:<\/strong>\u00a019 <span style=\"font-family: georgia, palatino, serif; font-size: 14pt;\">horas (de Bras\u00edlia)<\/span><\/span><br \/>\n<span style=\"color: #000000; font-family: georgia, palatino, serif; font-size: 14pt;\"><strong>\u00c1rbitro:<\/strong>\u00a0Vinicius Gon\u00e7alves Dias Araujo (SP)<\/span><br \/>\n<span style=\"color: #000000; font-family: georgia, palatino, serif; font-size: 14pt;\"><strong>Assistentes<\/strong>: Evandro de Melo Lima e Luiz Alberto Andrini Nogueira (Ambos de SP)<\/span><br \/>\n<span style=\"color: #000000; font-family: georgia, palatino, serif; font-size: 14pt;\"><strong>VAR:<\/strong>\u00a0Marcio Henrique de Gois (SP)<\/span><br \/>\n<span style=\"color: #000000; font-family: georgia, palatino, serif; font-size: 14pt;\"><strong>Cart\u00f5es <span style=\"background-color: #ffff00;\">amarelos<\/span>: <\/strong>N\u00e3o Houve<strong><br \/>\n<\/strong><\/span><span style=\"color: #000000;\"><strong>GOL: <\/strong><\/span><span style=\"color: #000000;\"><strong>Santos:<\/strong>\u00a0<span style=\"font-family: georgia, palatino, serif; font-size: 14pt;\">Marcos Leonardo, aos 9 minutos do<\/span> 2<span style=\"font-family: georgia, palatino, serif;\">T<\/span>.<br \/>\n<img data-recalc-dims=\"1\" loading=\"lazy\" decoding=\"async\" class=\"alignnone wp-image-2966\" src=\"https:\/\/i0.wp.com\/sergiobertoldi.com\/wp-content\/uploads\/2021\/02\/WhatsApp-Image-2021-02-17-at-18.03.33.jpeg?resize=400%2C500&#038;ssl=1\" alt=\"\" width=\"400\" height=\"500\" srcset=\"https:\/\/i0.wp.com\/sergiobertoldi.com\/wp-content\/uploads\/2021\/02\/WhatsApp-Image-2021-02-17-at-18.03.33.jpeg?resize=819%2C1024&amp;ssl=1 819w, https:\/\/i0.wp.com\/sergiobertoldi.com\/wp-content\/uploads\/2021\/02\/WhatsApp-Image-2021-02-17-at-18.03.33.jpeg?resize=240%2C300&amp;ssl=1 240w, https:\/\/i0.wp.com\/sergiobertoldi.com\/wp-content\/uploads\/2021\/02\/WhatsApp-Image-2021-02-17-at-18.03.33.jpeg?resize=768%2C960&amp;ssl=1 768w, https:\/\/i0.wp.com\/sergiobertoldi.com\/wp-content\/uploads\/2021\/02\/WhatsApp-Image-2021-02-17-at-18.03.33.jpeg?w=1024&amp;ssl=1 1024w\" sizes=\"auto, (max-width: 400px) 100vw, 400px\" \/><br \/>\n<\/span><\/p>\n<p style=\"text-align: justify;\"><span style=\"color: #000000;\"><strong>CORINTHIANS:<\/strong>\u00a0<span style=\"font-family: georgia, palatino, serif; font-size: 14pt;\">C\u00e1ssio, Michel (Gabriel Pereira), Jemerson, Gil e F\u00e1bio Santos; Gabriel, Cantillo, Gustavo Mosquito (Cazares), Araos (Otero) e Mateus Vital (Ramiro); L\u00e9o Natel (J\u00f4)<\/span><\/span><br \/>\n<span style=\"color: #000000; font-family: georgia, palatino, serif; font-size: 14pt;\"><strong>T\u00e9cnico:<\/strong>\u00a0Vagner Mancini<\/span><\/p>\n<p><div class=\"jetpack-video-wrapper\"><iframe loading=\"lazy\" title=\"SANTOS 1 X 0 CORINTHIANS | GOL | BRASILEIR\u00c3O (17\/02\/21)\" width=\"800\" height=\"450\" src=\"https:\/\/www.youtube.com\/embed\/zyITIv5fwqU?feature=oembed\" frameborder=\"0\" allow=\"accelerometer; autoplay; clipboard-write; encrypted-media; gyroscope; picture-in-picture\" allowfullscreen><\/iframe><\/div>\n<\/p>\n<p><div class=\"jetpack-video-wrapper\"><iframe loading=\"lazy\" title=\"CUCA | COLETIVA (17\/02\/21)\" width=\"800\" height=\"450\" src=\"https:\/\/www.youtube.com\/embed\/zGGsI8YIk7E?feature=oembed\" frameborder=\"0\" allow=\"accelerometer; autoplay; clipboard-write; encrypted-media; gyroscope; picture-in-picture\" allowfullscreen><\/iframe><\/div>\n<\/p>\n<p style=\"text-align: justify;\"><span style=\"color: #000000;\"><span style=\"font-family: georgia, palatino, serif; font-size: 14pt;\">Pelo Brasileir\u00e3o, o Santos volta a jogar no pr\u00f3ximo s\u00e1bado<\/span> (31),<span style=\"font-family: georgia, palatino, serif; font-size: 14pt;\"> \u00e0s<\/span> 19h <span style=\"font-family: georgia, palatino, serif; font-size: 14pt;\">(de Bras\u00edlia), quando recebe o Bahia tamb\u00e9m na Vila Belmiro.<\/span><\/span><\/p>\n<p><span style=\"color: #000000;\"><span style=\"font-family: georgia, palatino, serif; font-size: 14pt;\">(Cr\u00e9dito: Imagem: Ivan Storti\/Santos FC)<br \/>\n<\/span><span style=\"font-family: georgia, palatino, serif; font-size: 14pt;\">(Cr\u00e9dito: Imagem: SantosTV\/Santos FC)<\/span><\/span><\/p>\n<p style=\"text-align: justify;\">\u00a0<\/p>\n","protected":false},"excerpt":{"rendered":"<p>Al\u00f4 Na\u00e7\u00e3o Santista! Sauda\u00e7\u00f5es Alvinegras! Jogando pela\u00a033\u00aa\u00a0rodada do Campeonato Brasileiro, em partida adiada por conta da final da Copa Libertadores,<\/p>\n","protected":false},"author":2,"featured_media":2968,"comment_status":"open","ping_status":"open","sticky":false,"template":"","format":"standard","meta":{"colormag_page_container_layout":"default_layout","colormag_page_sidebar_layout":"default_layout","_jetpack_memberships_contains_paid_content":false,"footnotes":""},"categories":[12,4,11,16],"tags":[6],"class_list":["post-2965","post","type-post","status-publish","format-standard","has-post-thumbnail","hentry","category-analise-e-comentario","category-bastidores-do-santos-fc","category-campeonato-brasileiro","category-resenha-do-jogo","tag-santos-fc"],"jetpack_featured_media_url":"https:\/\/i0.wp.com\/sergiobertoldi.com\/wp-content\/uploads\/2021\/02\/EueTeY6XIAE4Wak.jpg?fit=852%2C567&ssl=1","jetpack_likes_enabled":true,"jetpack_sharing_enabled":true,"_links":{"self":[{"href":"https:\/\/sergiobertoldi.com\/index.php\/wp-json\/wp\/v2\/posts\/2965","targetHints":{"allow":["GET"]}}],"collection":[{"href":"https:\/\/sergiobertoldi.com\/index.php\/wp-json\/wp\/v2\/posts"}],"about":[{"href":"https:\/\/sergiobertoldi.com\/index.php\/wp-json\/wp\/v2\/types\/post"}],"author":[{"embeddable":true,"href":"https:\/\/sergiobertoldi.com\/index.php\/wp-json\/wp\/v2\/users\/2"}],"replies":[{"embeddable":true,"href":"https:\/\/sergiobertoldi.com\/index.php\/wp-json\/wp\/v2\/comments?post=2965"}],"version-history":[{"count":3,"href":"https:\/\/sergiobertoldi.com\/index.php\/wp-json\/wp\/v2\/posts\/2965\/revisions"}],"predecessor-version":[{"id":2971,"href":"https:\/\/sergiobertoldi.com\/index.php\/wp-json\/wp\/v2\/posts\/2965\/revisions\/2971"}],"wp:featuredmedia":[{"embeddable":true,"href":"https:\/\/sergiobertoldi.com\/index.php\/wp-json\/wp\/v2\/media\/2968"}],"wp:attachment":[{"href":"https:\/\/sergiobertoldi.com\/index.php\/wp-json\/wp\/v2\/media?parent=2965"}],"wp:term":[{"taxonomy":"category","embeddable":true,"href":"https:\/\/sergiobertoldi.com\/index.php\/wp-json\/wp\/v2\/categories?post=2965"},{"taxonomy":"post_tag","embeddable":true,"href":"https:\/\/sergiobertoldi.com\/index.php\/wp-json\/wp\/v2\/tags?post=2965"}],"curies":[{"name":"wp","href":"https:\/\/api.w.org\/{rel}","templated":true}]}}