{"id":2770,"date":"2020-11-23T00:33:59","date_gmt":"2020-11-23T03:33:59","guid":{"rendered":"https:\/\/sergiobertoldi.com\/?p=2770"},"modified":"2020-11-23T09:26:11","modified_gmt":"2020-11-23T12:26:11","slug":"chega-ao-fim-uma-era-que-nao-deixara-saudades-no-torcedor-santista","status":"publish","type":"post","link":"https:\/\/sergiobertoldi.com\/index.php\/2020\/11\/23\/chega-ao-fim-uma-era-que-nao-deixara-saudades-no-torcedor-santista\/","title":{"rendered":"Chega ao fim uma era que n\u00e3o deixar\u00e1 saudades no torcedor Santista"},"content":{"rendered":"<p><span style=\"text-decoration: underline;\"><span style=\"font-family: helvetica, arial, sans-serif; font-size: 14pt;\"><strong>Al\u00f4 Na\u00e7\u00e3o Santista! Sauda\u00e7\u00f5es Alvinegras!<\/strong><\/span><\/span><\/p>\n<p style=\"text-align: justify;\"><span style=\"font-family: georgia, palatino, serif; font-size: 14pt;\">Agora \u00e9 oficial e definitivo!<\/span><\/p>\n<p style=\"text-align: justify;\"><span style=\"font-family: georgia, palatino, serif; font-size: 14pt;\">\u00c0 partir de hoje, o senhor Jos\u00e9 Carlos Peres faz parte de um passado recente do Santos, que com toda certeza n\u00e3o deixar\u00e1 saudades!<br \/>\n<\/span><span style=\"font-family: georgia, palatino, serif; font-size: 14pt;\">N\u00e3o direi que o agora deposto Jos\u00e9 Carlos Peres, ser\u00e1 esquecido, porque inteligente como \u00e9, o torcedor Santista jamais esquecer\u00e1 a li\u00e7\u00e3o que aprendeu, ao n\u00e3o ter tomado a atual atitude quando teve a oportunidade h\u00e1 dois anos, quando em 2018 j\u00e1 poderia ter tirado o senhor Peres da presid\u00eancia do clube!<\/span><\/p>\n<p style=\"text-align: justify;\"><span style=\"font-family: georgia, palatino, serif; font-size: 14pt;\">Mas como diz o ditado \u201cAntes tarde do que nunca\u201d, em assembleia realizada durante o dia do \u00faltimo domingo, 22 de Novembro de 2020, o presidente do Santos, Jos\u00e9 Carlos Peres, teve seu mandato cassado e agora em car\u00e1ter definitivo n\u00e3o \u00e9 mais o presidente do Santos Futebol Clube!<\/span><\/p>\n<p style=\"text-align: justify;\"><span style=\"font-family: georgia, palatino, serif; font-size: 14pt;\">Em assembleia Geral Extraordin\u00e1ria, realizada no Gin\u00e1sio Athie Jorge Cury, localizado na rua Princesa Isabel s\/n\u00ba, na Vila Belmiro em Santos, o associado do Santos votou de maneira esmagadora, pelo \u201c<strong>SIM<\/strong>\u201d ao Impeachment, com <strong>93,4%<\/strong> decretando o fim da era Peres!<br \/>\n<\/span><span style=\"font-family: georgia, palatino, serif; font-size: 14pt;\">No total, foram <strong>1005<\/strong> votos pelo impeachment e <strong>69<\/strong> contra, al\u00e9m de dois nulos e dois brancos.<\/span><\/p>\n<p style=\"text-align: justify;\"><span style=\"font-family: georgia, palatino, serif; font-size: 14pt;\">Ali\u00e1s a bem da verdade, na pr\u00e1tica Jos\u00e9 Carlos Peres j\u00e1 n\u00e3o presidia o clube desde a noite de 28 de setembro, quando reunido em car\u00e1ter de \u201cSess\u00e3o Extraordin\u00e1ria\u201d, o Conselho Deliberativo do Santos aprovou o parecer da Comiss\u00e3o de Inqu\u00e9rito e Sindic\u00e2ncia (CIS) que aconselhava, indicava, a abertura de um processo de impeachment contra o ent\u00e3o presidente Jos\u00e9 Carlos Peres por \u201cGest\u00e3o Temer\u00e1ria\u201d que por 161 votos a favor, desde ent\u00e3o acabou afastado do cargo.<\/span><\/p>\n<p style=\"text-align: justify;\"><span style=\"font-family: georgia, palatino, serif; font-size: 14pt;\">\u00a0 \u00a0 \u00a0 \u00a0 \u00a0 \u00a0 \u00a0 \u00a0 \u00a0 \u00a0 \u00a0 \u00a0 \u00a0 \u00a0 \u00a0 \u00a0 \u00a0 \u00a0 \u00a0 \u00a0 \u00a0 \u00a0 \u00a0 \u00a0 \u00a0 <span style=\"text-decoration: underline;\">CONFIRA O RESULTADO URNA A URNA<\/span><\/span><\/p>\n<p style=\"text-align: justify;\"><img data-recalc-dims=\"1\" loading=\"lazy\" decoding=\"async\" class=\"aligncenter wp-image-2771 size-full\" src=\"https:\/\/i0.wp.com\/sergiobertoldi.com\/wp-content\/uploads\/2020\/11\/TABELA.png?resize=487%2C154&#038;ssl=1\" alt=\"\" width=\"487\" height=\"154\" srcset=\"https:\/\/i0.wp.com\/sergiobertoldi.com\/wp-content\/uploads\/2020\/11\/TABELA.png?w=487&amp;ssl=1 487w, https:\/\/i0.wp.com\/sergiobertoldi.com\/wp-content\/uploads\/2020\/11\/TABELA.png?resize=300%2C95&amp;ssl=1 300w\" sizes=\"auto, (max-width: 487px) 100vw, 487px\" \/><\/p>\n<p style=\"text-align: justify;\"><span style=\"font-family: georgia, palatino, serif; font-size: 14pt;\"><strong><u>Confira o resultado final da vota\u00e7\u00e3o:<\/u><\/strong><\/span><\/p>\n<ul style=\"text-align: justify;\">\n<li><span style=\"font-family: georgia, palatino, serif; font-size: 14pt;\"><strong>1.078 &#8211; <\/strong>Associados votaram;<\/span><\/li>\n<li><span style=\"font-family: georgia, palatino, serif; font-size: 14pt;\"><strong>1005 &#8211; <\/strong>Votaram pela sa\u00edda do Presidente<\/span><\/li>\n<li><span style=\"font-family: georgia, palatino, serif; font-size: 14pt;\"><strong>69 &#8211; <\/strong>Votaram contra o impeachment do Presidente;<\/span><\/li>\n<li><span style=\"font-family: georgia, palatino, serif; font-size: 14pt;\"><strong>02 &#8211; <\/strong>Votos nulos.<\/span><\/li>\n<li><span style=\"font-family: georgia, palatino, serif; font-size: 14pt;\"><strong>02 &#8211; <\/strong>Votos em branco<\/span><\/li>\n<\/ul>\n<blockquote>\n<p><span style=\"font-family: georgia, palatino, serif; font-size: 14pt;\">De acordo com o que reza o (artigo 69) do Estatuto do Santos Futebol Clube, se a Assembleia Geral aprovar o pedido de impedimento, reconhecendo a pr\u00e1tica de gest\u00e3o irregular ou temer\u00e1ria do acusado, o Presidente e\/ou Vice-Presidente que tiver sido declarado impedido, perder\u00e1 automaticamente o seu mandato, com afastamento definitivo, e ficar\u00e1 ineleg\u00edvel, pelo prazo de 10 (dez) anos, para qualquer outro cargo no SANTOS.<\/span><\/p>\n<\/blockquote>\n<p style=\"text-align: justify;\"><span style=\"font-family: georgia, palatino, serif; font-size: 14pt;\">Orlando Rollo, que iniciou essa gest\u00e3o como vice-presidente de Jos\u00e9 Carlos Peres, e desde que o mesmo foi afastado, vinha ocupando de maneira provis\u00f3ria o cargo de presidente do clube at\u00e9 que o processo de impeachment se definisse, passa agora a ocupar o cargo de forma efetiva, tomando posse oficialmente na pr\u00f3pria assembleia que foi presidida pelo presidente do Conselho Deliberativo do clube, Marcelo Teixeira, que desejou boa sorte ao novo presidente.<\/span><\/p>\n<p style=\"text-align: justify;\"><span style=\"font-family: georgia, palatino, serif; font-size: 14pt;\">At\u00e9 l\u00e1 tenho certeza n\u00e3o apenas como torcedor do Santos, mas como amigo pessoal do presidente Orlando Rollo, que o mesmo continuar\u00e1 conduzindo o clube de maneira brilhante como vem fazendo com toda a sua equipe de trabalho, al\u00e9m de estar conduzindo tamb\u00e9m de maneira impec\u00e1vel, um processo de transi\u00e7\u00e3o in\u00e9dito, e jamais visto na hist\u00f3ria do Santos!<\/span><\/p>\n<p style=\"text-align: justify;\"><span style=\"font-family: georgia, palatino, serif; font-size: 14pt;\">A elei\u00e7\u00e3o que marcar\u00e1 a escolha por parte do associado, pelo nome do novo presidente do Santos est\u00e1 marcada para o pr\u00f3ximo dia 12 de dezembro.<\/span><\/p>\n<p style=\"text-align: justify;\"><span style=\"text-decoration: underline;\">CONFIRA ALGUMAS IMAGENS QUE MARCARAM ESSE DIA HIST\u00d3RICO NOS 108 ANOS DO SANTOS FUTEBOL CLUBE!<\/span><\/p>\n<p><div class=\"jetpack-video-wrapper\"><iframe loading=\"lazy\" title=\"S\u00d3CIOS VOTAM NA ASSEMBLEIA GERAL EXTRAORDIN\u00c1RIA\" width=\"800\" height=\"450\" src=\"https:\/\/www.youtube.com\/embed\/A5-bPGuHRmg?feature=oembed\" frameborder=\"0\" allow=\"accelerometer; autoplay; clipboard-write; encrypted-media; gyroscope; picture-in-picture\" allowfullscreen><\/iframe><\/div>\n<\/p>\n<p style=\"text-align: justify;\">Credito de imagem (Foto: Divulga\u00e7\u00e3o\/Santos FC )<\/p>\n","protected":false},"excerpt":{"rendered":"<p>Al\u00f4 Na\u00e7\u00e3o Santista! Sauda\u00e7\u00f5es Alvinegras! Agora \u00e9 oficial e definitivo! \u00c0 partir de hoje, o senhor Jos\u00e9 Carlos Peres faz<\/p>\n","protected":false},"author":2,"featured_media":2772,"comment_status":"open","ping_status":"open","sticky":false,"template":"","format":"standard","meta":{"colormag_page_container_layout":"default_layout","colormag_page_sidebar_layout":"default_layout","_jetpack_memberships_contains_paid_content":false,"footnotes":""},"categories":[12,4,21,13],"tags":[6],"class_list":["post-2770","post","type-post","status-publish","format-standard","has-post-thumbnail","hentry","category-analise-e-comentario","category-bastidores-do-santos-fc","category-estatuto-social","category-presidencia","tag-santos-fc"],"jetpack_featured_media_url":"https:\/\/i0.wp.com\/sergiobertoldi.com\/wp-content\/uploads\/2020\/11\/4176f1226715fa0773c7.png?fit=630%2C410&ssl=1","jetpack_likes_enabled":true,"jetpack_sharing_enabled":true,"_links":{"self":[{"href":"https:\/\/sergiobertoldi.com\/index.php\/wp-json\/wp\/v2\/posts\/2770","targetHints":{"allow":["GET"]}}],"collection":[{"href":"https:\/\/sergiobertoldi.com\/index.php\/wp-json\/wp\/v2\/posts"}],"about":[{"href":"https:\/\/sergiobertoldi.com\/index.php\/wp-json\/wp\/v2\/types\/post"}],"author":[{"embeddable":true,"href":"https:\/\/sergiobertoldi.com\/index.php\/wp-json\/wp\/v2\/users\/2"}],"replies":[{"embeddable":true,"href":"https:\/\/sergiobertoldi.com\/index.php\/wp-json\/wp\/v2\/comments?post=2770"}],"version-history":[{"count":7,"href":"https:\/\/sergiobertoldi.com\/index.php\/wp-json\/wp\/v2\/posts\/2770\/revisions"}],"predecessor-version":[{"id":2779,"href":"https:\/\/sergiobertoldi.com\/index.php\/wp-json\/wp\/v2\/posts\/2770\/revisions\/2779"}],"wp:featuredmedia":[{"embeddable":true,"href":"https:\/\/sergiobertoldi.com\/index.php\/wp-json\/wp\/v2\/media\/2772"}],"wp:attachment":[{"href":"https:\/\/sergiobertoldi.com\/index.php\/wp-json\/wp\/v2\/media?parent=2770"}],"wp:term":[{"taxonomy":"category","embeddable":true,"href":"https:\/\/sergiobertoldi.com\/index.php\/wp-json\/wp\/v2\/categories?post=2770"},{"taxonomy":"post_tag","embeddable":true,"href":"https:\/\/sergiobertoldi.com\/index.php\/wp-json\/wp\/v2\/tags?post=2770"}],"curies":[{"name":"wp","href":"https:\/\/api.w.org\/{rel}","templated":true}]}}