{"id":273,"date":"2019-09-29T08:00:27","date_gmt":"2019-09-29T11:00:27","guid":{"rendered":"http:\/\/sergiobertoldi.com\/?p=273"},"modified":"2019-09-29T11:14:27","modified_gmt":"2019-09-29T14:14:27","slug":"confusoes-10-x-futebol-zero","status":"publish","type":"post","link":"https:\/\/sergiobertoldi.com\/index.php\/2019\/09\/29\/confusoes-10-x-futebol-zero\/","title":{"rendered":"Confus\u00f5es 10 x Futebol Zero"},"content":{"rendered":"\n<p>Al\u00f4 Na\u00e7\u00e3o Santista!\nSauda\u00e7\u00f5es Alvinegras!<\/p>\n\n\n\n<p>Diz o ditado: \u201c<strong>Pau\nque nasce torto morre torto<\/strong>\u201d <\/p>\n\n\n\n<p>\u00c9 incr\u00edvel como o Jogador\nChristian Cueva, est\u00e1 para o ditado, assim como o ditado est\u00e1 para ele (Christian Cueva).<\/p>\n\n\n\n<p>Jogador de qualidade t\u00e9cnica indiscut\u00edvel, (Ao menos quando veste a camisa da Sele\u00e7\u00e3o Peruana), Cueva parece possuir uma atra\u00e7\u00e3o irresist\u00edvel para se envolver em problemas e pol\u00eamicas fora das quatro linhas!<\/p>\n\n\n\n<p>O Jogador Christian Cueva, atualmente registrado como atleta do Santos Futebol Clube, \u00a0foi flagrado em uma confus\u00e3o, envolvendo-se diretamente em uma briga durante na noite desta \u00faltima sexta-feira, quando de folga, esteve em uma famosa casa noturna de Santos. Como nos dias de hoje, nada passa impune aos indiscretos celulares alheios, n\u00e3o faltaram cinegrafistas amadores para registra o ocorrido, que rapidamente viralizou pelas redes sociais!<\/p>\n\n\n\n<p>Tanto o presidente Jos\u00e9 Carlos Peres assim como o t\u00e9cnico Jorge Sampaoli j\u00e1 tomaram conhecimento do fato, e definir\u00e3o em uma reuni\u00e3o, qual ser\u00e1 a atitude do Santos para com o jogador que j\u00e1 encontra-se previamente suspenso!<\/p>\n\n\n\n<p>&nbsp;Acredita-se que como primeira consequ\u00eancia\nimediata, em nota oficial o clube deva informar o afastamento do jogador\nperuano, da partida deste domingo, contra o CSA, na Vila Belmiro, \u00e0s 16h,\npartida v\u00e1lida pela 22\u00aa rodada do Campeonato Brasileiro.<\/p>\n\n\n\n<p>Vale lembrar que ainda que o jogador n\u00e3o estivesse envolvido em nenhuma confus\u00e3o, de qualquer maneira o t\u00e9cnico Jorge Sampaoli n\u00e3o incluiria o jogador na lista de relacionados para a partida!<\/p>\n\n\n\n<p>Com o moral elevado por ter\nsido um pedido do treinador Santista para refor\u00e7ar o meio de campo do Santos, o\nPeruano Cueva de 27 anos, foi contratado em fevereiro deste ano (2019), por 7\nmilh\u00f5es de d\u00f3lares, cerca de R$ 26 milh\u00f5es.<\/p>\n\n\n\n<p>O acordo foi feito nas\nseguintes bases: O peruano est\u00e1 emprestado pelo Krasnodar (RUS) ao Santos at\u00e9\njaneiro de 2020, mas o contrato prev\u00ea compra obrigat\u00f3ria por R$ 26 milh\u00f5es. Se\no Santos n\u00e3o vender o atleta antes, ter\u00e1 de pagar essa quantia em quatro anos,\nat\u00e9 2023. O sal\u00e1rio \u00e9 um dos maiores do elenco: cerca de R$ 600 mil.<\/p>\n\n\n\n<p>Christian Cueva \u00e9 a segunda\nmaior contrata\u00e7\u00e3o da hist\u00f3ria do Santos, ficando atr\u00e1s apenas de Leandro\nDami\u00e3o, que custou R$ 42 milh\u00f5es, em 2014.<\/p>\n\n\n\n<p>Cueva foi contratado com\nexpectativa e pompa, para ser a grande estrela do Santos em 2019, mas a verdade\n\u00e9 que o jogador ainda n\u00e3o correspondeu \u00e0s expectativas.<\/p>\n\n\n\n<p>Ao todo disputou com o\nManto Santista, 15 jogos, sem marcar nenhum gol ou assist\u00eancia.<\/p>\n\n\n\n<p>Fora dos planos do t\u00e9cnico\nJorge Sampaoli que h\u00e1 tempos, j\u00e1 n\u00e3o o vem relacionando para as \u00faltimas\npartidas, o jogador pode ter encerrado definitivamente a sua passagem pela Vila\nBelmiro, passagem que n\u00e3o deixar\u00e1 saudade nenhuma no torcedor Santista! <\/p>\n\n\n\n<p>Cueva \u00e9 um jogador que\nparece sofrer de \u201cDupla Personalidade\u201d.<\/p>\n\n\n\n<p>Enquanto sob o comando do treinador Ricardo Gareca que dirige a Sele\u00e7\u00e3o Peruana, Christian Cueva se transforma em um jogador abusado, incisivo e decisivo, no Santos, misteriosamente transforma-se no oposto disso, quando comandado pelo tamb\u00e9m Argentino Jorge Sampaoli.<\/p>\n\n\n\n<p>Infelizmente pelo menos no que diz respeito ao Futebol Brasileiro, as passagens do Peruano por campos tupiniquim, est\u00e3o marcadas muito mais pelas pol\u00eamicas fora das quatro linhas, do que por sua atua\u00e7\u00e3o dentro de campo como jogador de futebol.<\/p>\n\n\n\n<p>Durante sua passagem pelo\nTricolor Paulista entre 2016 e 2018, Cueva acumulou casos de indisciplina e\nsaiu do clube sem deixar saudade. Em um desses casos, o meia pediu para n\u00e3o ser\nrelacionado em uma partida pelo Campeonato Paulista 2018, porque gostaria de\nser negociado. Na \u00e9poca havia uma proposta do futebol \u00e1rabe, que acabaria sendo\nrecusada.<\/p>\n\n\n\n<p>Na ocasi\u00e3o, Ra\u00ed,\ndiretor-executivo do S\u00e3o Paulo, disse que Cueva n\u00e3o estava \u201ccomprometido com a\nagenda do clube\u201d O caso gerou um mal-estar no clube, e sete meses depois o\njogador foi vendido ao Krasnodar, da R\u00fassia, por 8 milh\u00f5es de euros.&nbsp; <\/p>\n\n\n\n<p>No Santos a hist\u00f3ria se\nrepete! Comprometimento com o Alvinegro da Vila, n\u00e3o parece ser muito a\nprioridade do jogador! <\/p>\n\n\n\n<p>Recentemente, V\u00eddeos que circularam na internet, mostravam o meia se divertindo na festa de anivers\u00e1rio de um amigo e colega da sele\u00e7\u00e3o peruana.<\/p>\n\n\n\n<p>Em outro epis\u00f3dio envolvendo o jogador, Cueva \u00e9 flagrado por c\u00e2meras supostamente urinando no estacionamento do aeroporto Jorge Ch\u00e1vez, em Lima, no Peru.<\/p>\n\n\n\n<p>Esta n\u00e3o \u00e9 a primeira vez que o jogador causa pol\u00eamica nas redes sociais. Em 2017, quando ainda jogava pelo S\u00e3o Paulo, o peruano apareceu em um v\u00eddeo cantando enquanto segurava uma lata de cerveja na m\u00e3o.<\/p>\n\n\n\n<p>Em mais um epis\u00f3dio muito comentado nas Redes Sociais, e que h\u00e1 pouco tempo irritou bastante ao torcedor Santista, foi quando o jogador do Santos ap\u00f3s um treino com a sele\u00e7\u00e3o peruana realizado no CT do S\u00e3o Paulo, ganhou a camisa 10 do Tricolor e ainda tirou fotos com Ra\u00ed e com o diretor-adjunto Chapec\u00f3.<\/p>\n\n\n\n<p>\u00a0Para deixar a situa\u00e7\u00e3o ainda mais delicada, o irm\u00e3o do jogador Jorge Luis Cueva Bravo, elogiou o ex-time do meia, escrevendo em sua conta particular no Instagram, a seguinte frase: \u201cEssa \u00e9 a camiseta que melhor lhe serviu, irm\u00e3o. A do tricolor paulista\u201d <\/p>\n\n\n\n<p>Titular da sele\u00e7\u00e3o peruana,\nCueva foi vice-campe\u00e3o da Copa Am\u00e9rica perdendo a decis\u00e3o e o t\u00edtulo para o\nBrasil, que venceu a final por 3 a 1, no Maracan\u00e3.<\/p>\n\n\n\n<p>Enquanto seus companheiros do Santos, Bryan Ruiz, Derlis Gonz\u00e1lez e Soteldo se reapresentaram e voltaram normalmente aos trabalhos logo ap\u00f3s os t\u00e9rminos da Copa Ouro e Copa Am\u00e9rica, e seu pr\u00f3prio colega de Sele\u00e7\u00e3o Peruana, Paolo Guerrero, no dia seguinte j\u00e1 estava treinando no Internacional-RS, Cueva teve 10 dias de descanso e se reapresentou somente em 17 de julho, desfalcando o time nos compromissos contra o Bahia, dia 13, em Salvador, e tamb\u00e9m diante do Botafogo, dia 20, no Engenh\u00e3o, pelas rodadas 10 e 11 do Campeonato Brasileiro.<\/p>\n\n\n\n<p>Vale lembrar que antes mesmo do in\u00edcio da Copa Am\u00e9rica, o t\u00e9cnico do Santos Jorge Sampaoli, j\u00e1 havia reprovado e se irritado com a atitude de Cueva, que pediu dispensa antecipada do Santos, para poder se apresentar a sele\u00e7\u00e3o do Peru para iniciar a prepara\u00e7\u00e3o para a Copa Am\u00e9rica! Mesmo contrariado, o treinador Santista autorizou a dispensa, entendendo que n\u00e3o adiantaria manter um jogador que n\u00e3o estava focado no Santos!<\/p>\n\n\n\n<p>Termino o blog de hoje, sem saber ainda o desfecho definitivo, de mais um capitulo de problemas envolvendo essa passagem do camisa 10 da Sele\u00e7\u00e3o Peruana no Santos Futebol Clube.<\/p>\n\n\n\n<p>O que sei e espero como torcedor, \u00e9 uma postura en\u00e9rgica\npor parte da Diretoria do Santos Futebol Clube, pois muito embora eu entenda e\nrespeite que na folga do jogador, \u00e9 de seu direito fazer o que quiser com seu\nper\u00edodo de laser, o mesmo tamb\u00e9m precisa entender que o Nome da institui\u00e7\u00e3o\n\u201cSantos Futebol Clube\u201d passa a estar atrelado a ele Christian Cueva, ao momento\nem que ele coloca a sua assinatura no Contrato com o Clube!<\/p>\n\n\n\n<p>Cabe agora ao Santos, decidir se pelo alto custo envolvido n\u00e3o apenas na contrata\u00e7\u00e3o do jogador, como tamb\u00e9m na manuten\u00e7\u00e3o do mesmo, algo que custa ao clube, sal\u00e1rios na casa dos R$ 600 mil reais, se vale \u00e0 pena mant\u00ea-lo, investindo at\u00e9 mesmo em uma ajuda profissional na \u00e1rea da Psicologia, ou se entendem que se trata de um jogador com um hist\u00f3rico problem\u00e1tico demais, e que dificilmente ir\u00e1 mudar!<\/p>\n\n\n\n<p>(Cr\u00e9dito: Imagem: Ivan Storti\/Santos FC)<\/p>\n\n\n\n<p><\/p>\n","protected":false},"excerpt":{"rendered":"<p>Al\u00f4 Na\u00e7\u00e3o Santista! Sauda\u00e7\u00f5es Alvinegras! Diz o ditado: \u201cPau que nasce torto morre torto\u201d \u00c9 incr\u00edvel como o Jogador Christian<\/p>\n","protected":false},"author":2,"featured_media":0,"comment_status":"open","ping_status":"open","sticky":false,"template":"","format":"standard","meta":{"colormag_page_container_layout":"default_layout","colormag_page_sidebar_layout":"default_layout","_jetpack_memberships_contains_paid_content":false,"footnotes":""},"categories":[12,4,5],"tags":[6],"class_list":["post-273","post","type-post","status-publish","format-standard","hentry","category-analise-e-comentario","category-bastidores-do-santos-fc","category-futebol","tag-santos-fc"],"jetpack_featured_media_url":"","jetpack_likes_enabled":true,"jetpack_sharing_enabled":true,"_links":{"self":[{"href":"https:\/\/sergiobertoldi.com\/index.php\/wp-json\/wp\/v2\/posts\/273","targetHints":{"allow":["GET"]}}],"collection":[{"href":"https:\/\/sergiobertoldi.com\/index.php\/wp-json\/wp\/v2\/posts"}],"about":[{"href":"https:\/\/sergiobertoldi.com\/index.php\/wp-json\/wp\/v2\/types\/post"}],"author":[{"embeddable":true,"href":"https:\/\/sergiobertoldi.com\/index.php\/wp-json\/wp\/v2\/users\/2"}],"replies":[{"embeddable":true,"href":"https:\/\/sergiobertoldi.com\/index.php\/wp-json\/wp\/v2\/comments?post=273"}],"version-history":[{"count":2,"href":"https:\/\/sergiobertoldi.com\/index.php\/wp-json\/wp\/v2\/posts\/273\/revisions"}],"predecessor-version":[{"id":276,"href":"https:\/\/sergiobertoldi.com\/index.php\/wp-json\/wp\/v2\/posts\/273\/revisions\/276"}],"wp:attachment":[{"href":"https:\/\/sergiobertoldi.com\/index.php\/wp-json\/wp\/v2\/media?parent=273"}],"wp:term":[{"taxonomy":"category","embeddable":true,"href":"https:\/\/sergiobertoldi.com\/index.php\/wp-json\/wp\/v2\/categories?post=273"},{"taxonomy":"post_tag","embeddable":true,"href":"https:\/\/sergiobertoldi.com\/index.php\/wp-json\/wp\/v2\/tags?post=273"}],"curies":[{"name":"wp","href":"https:\/\/api.w.org\/{rel}","templated":true}]}}