{"id":2680,"date":"2020-11-01T01:16:27","date_gmt":"2020-11-01T04:16:27","guid":{"rendered":"https:\/\/sergiobertoldi.com\/?p=2680"},"modified":"2020-11-01T17:34:44","modified_gmt":"2020-11-01T20:34:44","slug":"e-hora-de-voltar-a-pontuar-na-vila","status":"publish","type":"post","link":"https:\/\/sergiobertoldi.com\/index.php\/2020\/11\/01\/e-hora-de-voltar-a-pontuar-na-vila\/","title":{"rendered":"\u00c9 hora de voltar a pontuar na Vila"},"content":{"rendered":"<p><span style=\"text-decoration: underline;\"><span style=\"font-family: helvetica, arial, sans-serif; font-size: 14pt;\">Al\u00f4 Na\u00e7\u00e3o Santista! Sauda\u00e7\u00f5es Alvinegras!<\/span><\/span><\/p>\n<p><span style=\"font-family: georgia, palatino, serif; font-size: 14pt;\">O Santos volta a campo logo mais no in\u00edcio da noite deste Domingo (01), quando \u00e0s 18h15, recebe na Vila Belmiro a equipe do Bahia pela 19\u00ba rodada, a \u00faltima do 1\u00ba turno do Brasileir\u00e3o 2020!<\/span><\/p>\n<p><span style=\"font-family: georgia, palatino, serif; font-size: 14pt;\">Desta vez, nem a chuva que na sexta-feira caiu forte na Baixada Santista fazendo com que o t\u00e9cnico Cuca optasse por cancelar o treinamento do Santos no campo do CT Rei Pel\u00e9, e que na manh\u00e3 do S\u00e1bado insistia ainda que em menor intensidade, cair sobre a cidade, conseguiu atrapalhar os planos do treinador Santista, em definir a equipe que enfrenta o Bahia na Vila!<\/span><\/p>\n<p><span style=\"font-family: georgia, palatino, serif; font-size: 14pt;\">Ocupando a sexta posi\u00e7\u00e3o na tabela de classifica\u00e7\u00e3o no Brasileir\u00e3o, com 27 pontos, o Santos busca a vit\u00f3ria e mais tr\u00eas important\u00edssimos pontos dentro de casa, algo que sempre era dado como \u201cQuase Certo\u201d, mas que em 2020 n\u00e3o est\u00e1 sendo assim n\u00e3o!<\/span><br \/>\n<span style=\"font-family: georgia, palatino, serif; font-size: 14pt;\">Na verdade, o Alvinegro de Vila Belmiro vem tendo um dos piores \u00edndices de aproveitamento dos \u00faltimos anos, jogando em casa.<\/span><br \/>\n<span style=\"font-family: georgia, palatino, serif; font-size: 14pt;\">Sob o comando do t\u00e9cnico Cuca, dentro de Urbano Caldeira foram seis empates, duas derrotas e quatro vit\u00f3rias)<\/span><br \/>\n<span style=\"font-family: georgia, palatino, serif; font-size: 14pt;\">Por incr\u00edvel que pare\u00e7a, o Santos tem se apresentado melhor atuando longe da Vila!<\/span><\/p>\n<p><span style=\"font-family: georgia, palatino, serif; font-size: 14pt;\">E nada melhor do que o refor\u00e7o de seu camisa nove, para fazer os gols que o time necessita para conquistar mais uma vitoria!<\/span><br \/>\n<span style=\"font-family: georgia, palatino, serif; font-size: 14pt;\">Voltando a ficar \u00e0 disposi\u00e7\u00e3o do professor Cuca ap\u00f3s ter passado por um per\u00edodo de treinamentos com a sele\u00e7\u00e3o brasileira sub-20, o centroavante Kaio Jorge est\u00e1 de volta, e animado com o bom desempenho apresentado na Sele\u00e7\u00e3o, onde assinalou tr\u00eas gols em jogos treinos!<\/span><br \/>\n<span style=\"font-family: georgia, palatino, serif; font-size: 14pt;\">Se for o escolhido para o comando de ataque, Kaio Jorge deve formar o trio ofensivo tendo como companheiros Marinho e Soteldo.<\/span><br \/>\n<span style=\"font-family: georgia, palatino, serif; font-size: 14pt;\">O prov\u00e1vel 11 Santista para pegar o Bahia vai de: <strong>Jo\u00e3o Paulo<\/strong>; <strong>Madson (Par\u00e1)<\/strong>, <strong>Lucas Ver\u00edssimo<\/strong>, <strong>La\u00e9rcio<\/strong> e <strong>Felipe Jonatan<\/strong>; <strong>Diego Pituca<\/strong>, <strong>Jobson<\/strong> e <strong>Jean Mota<\/strong>; <strong>Marinho<\/strong>, <strong>Kaio Jorge<\/strong> e <strong>Soteldo.<\/strong><\/span><\/p>\n<p><span style=\"font-family: georgia, palatino, serif; font-size: 14pt;\"><strong><u>Retrospecto<\/u><\/strong><\/span><\/p>\n<p><span style=\"font-family: georgia, palatino, serif; font-size: 14pt;\"><strong>Santos<\/strong> e <strong>Bahia<\/strong> j\u00e1 se enfrentaram <strong>64 <\/strong><strong>vezes<\/strong> ao longo da hist\u00f3ria.<\/span><br \/>\n<span style=\"font-family: georgia, palatino, serif; font-size: 14pt;\">Foram <strong>32<\/strong> <strong>vit\u00f3rias <\/strong>do Santos, contra <strong>19<\/strong> <strong>vit\u00f3rias<\/strong> do Bahia e <strong>13<\/strong> <strong>empates<\/strong>.<\/span><br \/>\n<span style=\"font-family: georgia, palatino, serif; font-size: 14pt;\">O Peixe marcou <strong>129<\/strong> <strong>gols <\/strong>e sofreu <strong>83<\/strong> <strong>Saldo<\/strong> de <strong><u>+46<\/u><\/strong><\/span><\/p>\n<p><span style=\"font-family: georgia, palatino, serif; font-size: 14pt;\">Em <strong><u>Campeonatos Brasileiros <\/u><\/strong>\u00a0Desde o primeiro confronto, foram <strong>48<\/strong> <strong>jogos<\/strong>, com <strong>24<\/strong> <strong>vit\u00f3rias<\/strong> do Santos, contra <strong>15 <\/strong><strong>vit\u00f3rias <\/strong>do Bahia e <strong>09<\/strong> <strong>empates<\/strong>. O time da Baixada Santista marcou <strong>57 <\/strong><strong>gols<\/strong> e sofreu <strong>42<\/strong>.<\/span><\/p>\n<p><span style=\"font-family: georgia, palatino, serif; font-size: 14pt;\">No \u00faltimo confronto, v\u00e1lido pelo <strong><u>Campeonato Brasileiro<\/u><\/strong>\u00a0 de <strong>2019<\/strong>, a partida terminou com (vit\u00f3ria do Santos) pelo placar de 1X0 o jogo foi realizado na (Vila Belmiro)<\/span><\/p>\n<p><span style=\"font-family: georgia, palatino, serif; font-size: 14pt;\">A semana no Santos terminou com mais uma coletiva de imprensa, onde desde que assumiu a presid\u00eancia do clube, Orlando Rollo vem semanalmente, dando aos torcedores e associados, satisfa\u00e7\u00e3o de seus atos e da situa\u00e7\u00e3o do clube!<\/span><br \/>\n<span style=\"font-family: georgia, palatino, serif; font-size: 14pt;\">Acompanhe as \u00faltimas informa\u00e7\u00f5es atualiza\u00e7\u00f5es sobre as coisas que est\u00e3o acontecendo e sendo feitas no Santos!<\/span><\/p>\n<p><div class=\"jetpack-video-wrapper\"><iframe loading=\"lazy\" title=\"ORLANDO ROLLO | COLETIVA AO VIVO (30\/10\/20)\" width=\"800\" height=\"450\" src=\"https:\/\/www.youtube.com\/embed\/Kb-M5EzZXT8?start=79&#038;feature=oembed\" frameborder=\"0\" allow=\"accelerometer; autoplay; clipboard-write; encrypted-media; gyroscope; picture-in-picture\" allowfullscreen><\/iframe><\/div>\n<\/p>\n<p>&nbsp;<\/p>\n<p>&nbsp;<\/p>\n<p>&nbsp;<\/p>\n","protected":false},"excerpt":{"rendered":"<p>Al\u00f4 Na\u00e7\u00e3o Santista! Sauda\u00e7\u00f5es Alvinegras! O Santos volta a campo logo mais no in\u00edcio da noite deste Domingo (01), quando<\/p>\n","protected":false},"author":2,"featured_media":2413,"comment_status":"open","ping_status":"open","sticky":false,"template":"","format":"standard","meta":{"colormag_page_container_layout":"default_layout","colormag_page_sidebar_layout":"default_layout","_jetpack_memberships_contains_paid_content":false,"footnotes":""},"categories":[4,11,17],"tags":[6],"class_list":["post-2680","post","type-post","status-publish","format-standard","has-post-thumbnail","hentry","category-bastidores-do-santos-fc","category-campeonato-brasileiro","category-pre-jogo","tag-santos-fc"],"jetpack_featured_media_url":"https:\/\/i0.wp.com\/sergiobertoldi.com\/wp-content\/uploads\/2020\/09\/CORTE1.jpg?fit=920%2C400&ssl=1","jetpack_likes_enabled":true,"jetpack_sharing_enabled":true,"_links":{"self":[{"href":"https:\/\/sergiobertoldi.com\/index.php\/wp-json\/wp\/v2\/posts\/2680","targetHints":{"allow":["GET"]}}],"collection":[{"href":"https:\/\/sergiobertoldi.com\/index.php\/wp-json\/wp\/v2\/posts"}],"about":[{"href":"https:\/\/sergiobertoldi.com\/index.php\/wp-json\/wp\/v2\/types\/post"}],"author":[{"embeddable":true,"href":"https:\/\/sergiobertoldi.com\/index.php\/wp-json\/wp\/v2\/users\/2"}],"replies":[{"embeddable":true,"href":"https:\/\/sergiobertoldi.com\/index.php\/wp-json\/wp\/v2\/comments?post=2680"}],"version-history":[{"count":2,"href":"https:\/\/sergiobertoldi.com\/index.php\/wp-json\/wp\/v2\/posts\/2680\/revisions"}],"predecessor-version":[{"id":2682,"href":"https:\/\/sergiobertoldi.com\/index.php\/wp-json\/wp\/v2\/posts\/2680\/revisions\/2682"}],"wp:featuredmedia":[{"embeddable":true,"href":"https:\/\/sergiobertoldi.com\/index.php\/wp-json\/wp\/v2\/media\/2413"}],"wp:attachment":[{"href":"https:\/\/sergiobertoldi.com\/index.php\/wp-json\/wp\/v2\/media?parent=2680"}],"wp:term":[{"taxonomy":"category","embeddable":true,"href":"https:\/\/sergiobertoldi.com\/index.php\/wp-json\/wp\/v2\/categories?post=2680"},{"taxonomy":"post_tag","embeddable":true,"href":"https:\/\/sergiobertoldi.com\/index.php\/wp-json\/wp\/v2\/tags?post=2680"}],"curies":[{"name":"wp","href":"https:\/\/api.w.org\/{rel}","templated":true}]}}