{"id":2670,"date":"2020-10-29T22:33:54","date_gmt":"2020-10-30T01:33:54","guid":{"rendered":"https:\/\/sergiobertoldi.com\/?p=2670"},"modified":"2020-10-29T22:35:49","modified_gmt":"2020-10-30T01:35:49","slug":"estreia-decepcionante","status":"publish","type":"post","link":"https:\/\/sergiobertoldi.com\/index.php\/2020\/10\/29\/estreia-decepcionante\/","title":{"rendered":"Estreia decepcionante"},"content":{"rendered":"<p><span style=\"font-family: helvetica, arial, sans-serif; font-size: 14pt;\"><strong><u>Al\u00f4 Na\u00e7\u00e3o Santista! Sauda\u00e7\u00f5es Alvinegras!<\/u><\/strong><\/span><\/p>\n<p style=\"text-align: justify;\"><span style=\"font-family: georgia, palatino, serif; font-size: 14pt;\">Santos e Cear\u00e1 come\u00e7aram sem gols seu confronto nas oitavas de final da Copa do Brasil.<br \/>\n<\/span><span style=\"font-family: georgia, palatino, serif; font-size: 14pt;\">Com um hor\u00e1rio pouco habitual para jogos no meio de semana, 16h (Hor\u00e1rio de Bras\u00edlia), Santos e Cear\u00e1 se enfrentaram na tarde desta quarta-feira, e jogando em sua casa a Vila Belmiro, o Alvinegro Praiano n\u00e3o saiu de um empate por 0 a 0 no jogo de ida das oitavas de final da Copa do Brasil. Apesar de estar jogando em casa, o Santos mais uma vez decepcionou sua torcida acumulando o oitavo insucesso dessa nova era Cuca na Vila Belmiro!<\/span><\/p>\n<p style=\"text-align: justify;\"><span style=\"font-family: georgia, palatino, serif; font-size: 14pt;\">Desde que voltou ao Santos na partida de estreia do Campeonato Brasileiro de 2020, o t\u00e9cnico Cuca j\u00e1 dirigiu a equipe do Peixe na Vila Belmiro, em 12 oportunidades.<br \/>\n<\/span><span style=\"font-family: georgia, palatino, serif; font-size: 14pt;\">Foram seis empates, duas derrotas, e apenas quatro vit\u00f3rias!<br \/>\n<\/span><span style=\"font-family: georgia, palatino, serif; font-size: 14pt;\">Um aproveitamento muito baixo dentro de casa, algo preocupante, principalmente em torneios de mata\u2013mata, tipo de competi\u00e7\u00e3o em que os advers\u00e1rios costumam usar seus jogos em casa, para construir importantes vantagens para levar para o jogo de volta na casa do advers\u00e1rio!<\/span><\/p>\n<p style=\"text-align: justify;\"><span style=\"font-family: georgia, palatino, serif; font-size: 14pt;\">A decis\u00e3o para ver quem passa para as quartas de finais da Copa do Brasil 2020, ocorrer\u00e1 na pr\u00f3xima quarta-feira, \u00e0s 21h30 no Castel\u00e3o.<br \/>\n<\/span><span style=\"font-family: georgia, palatino, serif; font-size: 14pt;\">Em caso de um novo empate, a vaga ser\u00e1 decidida nos p\u00eanaltis pois ao contr\u00e1rio de outras edi\u00e7\u00f5es, em 2020 os gols fora de casa n\u00e3o tem peso qualificado!<br \/>\n<\/span><span style=\"font-family: georgia, palatino, serif; font-size: 14pt;\"> Quem vencer por qualquer diferen\u00e7a, avan\u00e7a na competi\u00e7\u00e3o.<br \/>\n<\/span><span style=\"font-family: georgia, palatino, serif; font-size: 14pt;\">Antes disso o Alvinegro Praiano entra em campo pelo Campeonato Brasileiro, neste domingo, contra o Bahia, pela 19\u00aa rodada.<\/span><\/p>\n<p style=\"text-align: justify;\"><span style=\"font-family: georgia, palatino, serif; font-size: 14pt;\">A bem da verdade, o Santos iniciou esse primeiro confronto com o Cear\u00e1, jogando bem e apresentando um futebol bem diferente do futebol confuso, que decretou a derrota para o Fluminense no \u00faltimo domingo em partida v\u00e1lida pelo Campeonato Brasileiro!<br \/>\n<\/span><span style=\"font-family: georgia, palatino, serif; font-size: 14pt;\">Bem escalado, bem armado, dominando as a\u00e7\u00f5es e criando as melhores oportunidades na primeira etapa, o Santos envolveu os cearenses que gra\u00e7as as pontuais interven\u00e7\u00f5es do Goleiro Fernando Prass, evitou que o Santos sa\u00edsse na frente no placar!<br \/>\n<\/span><span style=\"font-family: georgia, palatino, serif; font-size: 14pt;\">A partida se desenhava favor\u00e1vel ao Santos, que principalmente com o jogador Marinho jogando na posi\u00e7\u00e3o que mais rende, levava constante perigo a defesa do Voz\u00e3o, obrigando o Goleiro Fernando Prass a importantes interven\u00e7\u00f5es.<\/span><\/p>\n<p style=\"text-align: justify;\"><span style=\"font-family: georgia, palatino, serif; font-size: 14pt;\">O Santos jogava melhor do que o Cear\u00e1 e mantinha uma superioridade dentro de campo, at\u00e9 a expuls\u00e3o do jogador Lucas Ver\u00edssimo.<\/span><\/p>\n<p><img data-recalc-dims=\"1\" loading=\"lazy\" decoding=\"async\" class=\"aligncenter wp-image-2671 size-full\" src=\"https:\/\/i0.wp.com\/sergiobertoldi.com\/wp-content\/uploads\/2020\/10\/odr20201028007.jpg?resize=460%2C307&#038;ssl=1\" alt=\"\" width=\"460\" height=\"307\" srcset=\"https:\/\/i0.wp.com\/sergiobertoldi.com\/wp-content\/uploads\/2020\/10\/odr20201028007.jpg?w=460&amp;ssl=1 460w, https:\/\/i0.wp.com\/sergiobertoldi.com\/wp-content\/uploads\/2020\/10\/odr20201028007.jpg?resize=300%2C200&amp;ssl=1 300w\" sizes=\"auto, (max-width: 460px) 100vw, 460px\" \/><\/p>\n<p style=\"text-align: justify;\"><span style=\"font-family: georgia, palatino, serif; font-size: 14pt;\">Com a perda do jogador que foi expulso infantilmente, o Santos se viu prejudicado, pois inferiorizado numericamente, o desgaste da equipe foi maior, al\u00e9m do t\u00e9cnico Cuca ter sido obrigado a mexer no time.<\/span><\/p>\n<p style=\"text-align: justify;\"><span style=\"font-family: georgia, palatino, serif; font-size: 14pt;\">A decis\u00e3o continua aberta e o Santos mesmo jogando a decis\u00e3o da vaga no Castel\u00e3o, tem plenas condi\u00e7\u00f5es de seguir em frente na competi\u00e7\u00e3o!<\/span><\/p>\n<p style=\"text-align: justify;\"><span style=\"text-decoration: underline;\"><span style=\"font-family: georgia, palatino, serif; font-size: 14pt;\"><strong>FICHA T\u00c9CNICA<\/strong><\/span><\/span><\/p>\n<p style=\"text-align: justify;\"><span style=\"font-family: georgia, palatino, serif; font-size: 14pt;\"><strong><span style=\"text-decoration: underline;\">SANTOS<\/span> 0 X 0 <span style=\"text-decoration: underline;\">CEAR\u00c1<\/span><\/strong><\/span><\/p>\n<p style=\"text-align: justify;\"><span style=\"font-family: georgia, palatino, serif; font-size: 14pt;\"><strong>Data<\/strong>: 28 de outubro de 2020 (quarta-feira)<br \/>\n<\/span><span style=\"font-family: georgia, palatino, serif; font-size: 14pt;\"><strong>Hor\u00e1rio<\/strong>: 16h (de Bras\u00edlia)<br \/>\n<\/span><span style=\"font-family: georgia, palatino, serif; font-size: 14pt;\"><strong>Local<\/strong>: Vila Belmiro, em Santos (SP)<br \/>\n<\/span><span style=\"font-family: georgia, palatino, serif; font-size: 14pt;\"><strong>\u00c1rbitro<\/strong>: Wagner do Nascimento Magalh\u00e3es (RJ)<br \/>\n<\/span><span style=\"font-family: georgia, palatino, serif; font-size: 14pt;\"><strong>Assistentes<\/strong>: Thiago Henrique Neto Correa Farinha e Leandro Bizzio Marinho (ambos do RJ)<br \/>\n<\/span><span style=\"font-family: georgia, palatino, serif; font-size: 14pt;\"><strong>VAR<\/strong>: Rodrigo Nunes de S\u00e1 (RJ)<br \/>\n<\/span><span style=\"font-family: georgia, palatino, serif; font-size: 14pt;\"><strong>Cart\u00f5es <span style=\"background-color: #ffff00;\">amarelos<\/span><\/strong>: Santos: Jean Mota, Marinho e Luiz Felipe<br \/>\n<\/span><span style=\"font-family: georgia, palatino, serif; font-size: 14pt;\"><strong>Cart\u00f5es <span style=\"background-color: #ffff00;\">amarelos<\/span><\/strong>: Cear\u00e1: Charles, L\u00e9o Ch\u00fa, Fabinho e Rick<br \/>\n<\/span><span style=\"font-family: georgia, palatino, serif; font-size: 14pt;\"><strong>Cart\u00e3o <span style=\"background-color: #ff0000;\">vermelho<\/span><\/strong>: Santos: Lucas Ver\u00edssimo<br \/>\n<img data-recalc-dims=\"1\" loading=\"lazy\" decoding=\"async\" class=\"alignnone wp-image-2672\" src=\"https:\/\/i0.wp.com\/sergiobertoldi.com\/wp-content\/uploads\/2020\/10\/WhatsApp-Image-2020-10-28-at-15.03.30.jpeg?resize=400%2C500&#038;ssl=1\" alt=\"\" width=\"400\" height=\"500\" srcset=\"https:\/\/i0.wp.com\/sergiobertoldi.com\/wp-content\/uploads\/2020\/10\/WhatsApp-Image-2020-10-28-at-15.03.30.jpeg?resize=819%2C1024&amp;ssl=1 819w, https:\/\/i0.wp.com\/sergiobertoldi.com\/wp-content\/uploads\/2020\/10\/WhatsApp-Image-2020-10-28-at-15.03.30.jpeg?resize=240%2C300&amp;ssl=1 240w, https:\/\/i0.wp.com\/sergiobertoldi.com\/wp-content\/uploads\/2020\/10\/WhatsApp-Image-2020-10-28-at-15.03.30.jpeg?resize=768%2C960&amp;ssl=1 768w, https:\/\/i0.wp.com\/sergiobertoldi.com\/wp-content\/uploads\/2020\/10\/WhatsApp-Image-2020-10-28-at-15.03.30.jpeg?w=1024&amp;ssl=1 1024w\" sizes=\"auto, (max-width: 400px) 100vw, 400px\" \/><br \/>\n<\/span><\/p>\n<p style=\"text-align: justify;\"><span style=\"font-family: georgia, palatino, serif; font-size: 14pt;\"><strong>CEAR\u00c1<\/strong>: Fernando Prass, Eduardo, Luiz Ot\u00e1vio, Tiago Pagnussat e Bruno Pacheco; Fabinho, Charles (Lima), Fernando Sobral (Wescley) e Vin\u00edcius Vina; L\u00e9o Chu (Rick) e Rafael S\u00f3bis (Mateus Gon\u00e7alves) <\/span><span style=\"font-family: georgia, palatino, serif; font-size: 14pt;\">T\u00e9cnico: Guto Ferreira<\/span><\/p>\n<p><div class=\"jetpack-video-wrapper\"><iframe loading=\"lazy\" title=\"CUCA | COLETIVA (28\/10\/20)\" width=\"800\" height=\"450\" src=\"https:\/\/www.youtube.com\/embed\/33XAvSY7A8s?feature=oembed\" frameborder=\"0\" allow=\"accelerometer; autoplay; clipboard-write; encrypted-media; gyroscope; picture-in-picture\" allowfullscreen><\/iframe><\/div>\n<\/p>\n<p>(Cr\u00e9dito: Imagem: Ivan Storti\/Divulga\u00e7\u00e3o\/Santos FC)<br \/>\n(Cr\u00e9dito: Imagem: Foto: Jota Erre\/Ag\u00eancia O Dia \/ Estad\u00e3o)\u00a0<\/p>\n<p>&nbsp;<\/p>\n<p>&nbsp;<\/p>\n","protected":false},"excerpt":{"rendered":"<p>Al\u00f4 Na\u00e7\u00e3o Santista! Sauda\u00e7\u00f5es Alvinegras! Santos e Cear\u00e1 come\u00e7aram sem gols seu confronto nas oitavas de final da Copa do<\/p>\n","protected":false},"author":2,"featured_media":2673,"comment_status":"open","ping_status":"open","sticky":false,"template":"","format":"standard","meta":{"colormag_page_container_layout":"default_layout","colormag_page_sidebar_layout":"default_layout","_jetpack_memberships_contains_paid_content":false,"footnotes":""},"categories":[12,4,11,16],"tags":[6],"class_list":["post-2670","post","type-post","status-publish","format-standard","has-post-thumbnail","hentry","category-analise-e-comentario","category-bastidores-do-santos-fc","category-campeonato-brasileiro","category-resenha-do-jogo","tag-santos-fc"],"jetpack_featured_media_url":"https:\/\/i0.wp.com\/sergiobertoldi.com\/wp-content\/uploads\/2020\/10\/fup20201028314-13912566.jpg?fit=1920%2C1280&ssl=1","jetpack_likes_enabled":true,"jetpack_sharing_enabled":true,"_links":{"self":[{"href":"https:\/\/sergiobertoldi.com\/index.php\/wp-json\/wp\/v2\/posts\/2670","targetHints":{"allow":["GET"]}}],"collection":[{"href":"https:\/\/sergiobertoldi.com\/index.php\/wp-json\/wp\/v2\/posts"}],"about":[{"href":"https:\/\/sergiobertoldi.com\/index.php\/wp-json\/wp\/v2\/types\/post"}],"author":[{"embeddable":true,"href":"https:\/\/sergiobertoldi.com\/index.php\/wp-json\/wp\/v2\/users\/2"}],"replies":[{"embeddable":true,"href":"https:\/\/sergiobertoldi.com\/index.php\/wp-json\/wp\/v2\/comments?post=2670"}],"version-history":[{"count":3,"href":"https:\/\/sergiobertoldi.com\/index.php\/wp-json\/wp\/v2\/posts\/2670\/revisions"}],"predecessor-version":[{"id":2676,"href":"https:\/\/sergiobertoldi.com\/index.php\/wp-json\/wp\/v2\/posts\/2670\/revisions\/2676"}],"wp:featuredmedia":[{"embeddable":true,"href":"https:\/\/sergiobertoldi.com\/index.php\/wp-json\/wp\/v2\/media\/2673"}],"wp:attachment":[{"href":"https:\/\/sergiobertoldi.com\/index.php\/wp-json\/wp\/v2\/media?parent=2670"}],"wp:term":[{"taxonomy":"category","embeddable":true,"href":"https:\/\/sergiobertoldi.com\/index.php\/wp-json\/wp\/v2\/categories?post=2670"},{"taxonomy":"post_tag","embeddable":true,"href":"https:\/\/sergiobertoldi.com\/index.php\/wp-json\/wp\/v2\/tags?post=2670"}],"curies":[{"name":"wp","href":"https:\/\/api.w.org\/{rel}","templated":true}]}}