{"id":265,"date":"2019-09-28T08:00:39","date_gmt":"2019-09-28T11:00:39","guid":{"rendered":"http:\/\/sergiobertoldi.com\/?p=265"},"modified":"2019-09-28T00:50:17","modified_gmt":"2019-09-28T03:50:17","slug":"promessa-da-base-do-santos-acerta-com-clube-de-portugal","status":"publish","type":"post","link":"https:\/\/sergiobertoldi.com\/index.php\/2019\/09\/28\/promessa-da-base-do-santos-acerta-com-clube-de-portugal\/","title":{"rendered":"Promessa da base do Santos acerta com Clube de Portugal"},"content":{"rendered":"\n<p>Al\u00f4\nNa\u00e7\u00e3o Santista! Sauda\u00e7\u00f5es Alvinegras!<\/p>\n\n\n\n<p>Canhoto,\nalto, dono de um porte f\u00edsico diferenciado, e com apenas 19 anos, o zagueiro\nMatheus Guedes foi mais um jogador formado nas categorias de base do Santos,\nque seduzido pelo \u201cSonho Europeu\u201d, deixa o clube sem render ao menos o\nsuficiente para repor os gastos que o Santos teve em sua forma\u00e7\u00e3o!<\/p>\n\n\n\n<p>O\njogador que estava sem contrato com o Santos desde o in\u00edcio de abril deste ano,\nfoi apresentado na \u00faltima ter\u00e7a-feira como novo refor\u00e7o do Portimonense, de\nPortugal. <\/p>\n\n\n\n<p>Matheus\nGuedes foi chamado diversas vezes para treinar junto ao elenco profissional do\nclube, mas n\u00e3o chegou a vestir a camisa alvinegra. O Zagueiro costumava ser\ndestaque nas equipes de base do Santos. Matheus foi promovido ao elenco\nprofissional do alvinegro em novembro de 2017, mas n\u00e3o chegou a estrear. Sem\nespa\u00e7o nessa temporada, ele foi utilizado na equipe sub-20 e sub-23.<\/p>\n\n\n\n<p>Buscando\nse resguardar como clube formador atrav\u00e9s da Lei Pel\u00e9, o Peixe registrou em\ncart\u00f3rio, uma proposta de renova\u00e7\u00e3o para o jogador, e mandou o documento para a\nFedera\u00e7\u00e3o Paulista de Futebol (FPF) e a Confedera\u00e7\u00e3o Brasileira de Futebol\n(CBF), mas o jogador n\u00e3o aceitou a proposta.<\/p>\n\n\n\n<p>A\nlegisla\u00e7\u00e3o nacional d\u00e1 a prefer\u00eancia ao formador na primeira renova\u00e7\u00e3o do\ncontrato profissional de um atleta. Matheus Guedes se tornou profissional h\u00e1\ntr\u00eas temporadas, aos 16 anos.<\/p>\n\n\n\n<p>Antes\nde acertar sua negocia\u00e7\u00e3o com o clube Portugu\u00eas Matheus Guedes chegou a estar\nperto da Roma, da It\u00e1lia, mas a sa\u00edda do diretor esportivo Monchi, que voltou\nao Sevilla, atrapalhou a negocia\u00e7\u00e3o.<\/p>\n\n\n\n<p>\u201cTive\na oportunidade de ir jogar na Roma, mas n\u00e3o aconteceu. O Portimonense veio e\nfez uma boa proposta. Fico muito feliz por esta oportunidade\u201d, afirmou o\njogador em sua entrevista coletiva.<\/p>\n\n\n\n<p>N\u00e3o\nvou entrar no m\u00e9rito da quest\u00e3o t\u00e9cnica do atleta, pois essa avalia\u00e7\u00e3o teria\npor obriga\u00e7\u00e3o, ter sido feita pelas pessoas respons\u00e1veis pela Base Santista!<\/p>\n\n\n\n<p>O\nque me incomoda, \u00e9 o alto \u00edndice de jogadores que chegam ao clube com seus 12,\n13 anos de idade, muitos deles passam a ser responsabilidade do Santos,\ninclusive morando nos alojamentos do Santos, e ap\u00f3s anos de investimentos em\nsua forma\u00e7\u00e3o, n\u00e3o apenas t\u00e9cnica como jogador, mas tamb\u00e9m forma\u00e7\u00e3o social como\nHomens, deixam o clube sem que todos esses anos de investimentos, sejam sequer\nressarcidos! <\/p>\n\n\n\n<p>No\ncaso do Zagueiro Santista, foram 5 anos e 5 meses vestindo essa camisa!<\/p>\n\n\n\n<p>\u00c9\npreciso que se crie um mecanismo de prote\u00e7\u00e3o ao clube formador, obrigando que\nap\u00f3s anos investindo na forma\u00e7\u00e3o do jogador, o mesmo seja obrigado como forma\nde ressarcimento, a dedicar no m\u00ednimo seus primeiros cinco anos como atleta profissional,\nao clube que o formou, n\u00e3o podendo o mesmo, recusar a proposta salarial que o\nclube lhe fizer! <\/p>\n\n\n\n<p>(Cr\u00e9dito: Imagem: Ivan Storti\/Santos FC) <\/p>\n\n\n\n<p><\/p>\n","protected":false},"excerpt":{"rendered":"<p>Al\u00f4 Na\u00e7\u00e3o Santista! Sauda\u00e7\u00f5es Alvinegras! Canhoto, alto, dono de um porte f\u00edsico diferenciado, e com apenas 19 anos, o zagueiro<\/p>\n","protected":false},"author":2,"featured_media":0,"comment_status":"open","ping_status":"open","sticky":false,"template":"","format":"standard","meta":{"colormag_page_container_layout":"default_layout","colormag_page_sidebar_layout":"default_layout","_jetpack_memberships_contains_paid_content":false,"footnotes":""},"categories":[7,5],"tags":[6],"class_list":["post-265","post","type-post","status-publish","format-standard","hentry","category-base-santista","category-futebol","tag-santos-fc"],"jetpack_featured_media_url":"","jetpack_likes_enabled":true,"jetpack_sharing_enabled":true,"_links":{"self":[{"href":"https:\/\/sergiobertoldi.com\/index.php\/wp-json\/wp\/v2\/posts\/265","targetHints":{"allow":["GET"]}}],"collection":[{"href":"https:\/\/sergiobertoldi.com\/index.php\/wp-json\/wp\/v2\/posts"}],"about":[{"href":"https:\/\/sergiobertoldi.com\/index.php\/wp-json\/wp\/v2\/types\/post"}],"author":[{"embeddable":true,"href":"https:\/\/sergiobertoldi.com\/index.php\/wp-json\/wp\/v2\/users\/2"}],"replies":[{"embeddable":true,"href":"https:\/\/sergiobertoldi.com\/index.php\/wp-json\/wp\/v2\/comments?post=265"}],"version-history":[{"count":2,"href":"https:\/\/sergiobertoldi.com\/index.php\/wp-json\/wp\/v2\/posts\/265\/revisions"}],"predecessor-version":[{"id":268,"href":"https:\/\/sergiobertoldi.com\/index.php\/wp-json\/wp\/v2\/posts\/265\/revisions\/268"}],"wp:attachment":[{"href":"https:\/\/sergiobertoldi.com\/index.php\/wp-json\/wp\/v2\/media?parent=265"}],"wp:term":[{"taxonomy":"category","embeddable":true,"href":"https:\/\/sergiobertoldi.com\/index.php\/wp-json\/wp\/v2\/categories?post=265"},{"taxonomy":"post_tag","embeddable":true,"href":"https:\/\/sergiobertoldi.com\/index.php\/wp-json\/wp\/v2\/tags?post=265"}],"curies":[{"name":"wp","href":"https:\/\/api.w.org\/{rel}","templated":true}]}}