{"id":2617,"date":"2020-10-17T15:20:19","date_gmt":"2020-10-17T18:20:19","guid":{"rendered":"https:\/\/sergiobertoldi.com\/?p=2617"},"modified":"2020-10-17T15:20:19","modified_gmt":"2020-10-17T18:20:19","slug":"pressionado-pela-midia-opiniao-publica-e-patrocinadores-santos-se-ve-obrigado-a-adiar-a-volta-de-robinho-ao-clube","status":"publish","type":"post","link":"https:\/\/sergiobertoldi.com\/index.php\/2020\/10\/17\/pressionado-pela-midia-opiniao-publica-e-patrocinadores-santos-se-ve-obrigado-a-adiar-a-volta-de-robinho-ao-clube\/","title":{"rendered":"\u201cPressionado pela m\u00eddia, opini\u00e3o p\u00fablica e patrocinadores, Santos se v\u00ea obrigado a adiar a volta de Robinho ao clube\u201d"},"content":{"rendered":"<p><span style=\"text-decoration: underline; font-family: helvetica, arial, sans-serif; font-size: 14pt;\"><strong>Al\u00f4 Na\u00e7\u00e3o Santista! Sauda\u00e7\u00f5es Alvinegras!<\/strong><\/span><\/p>\n<p><span style=\"font-family: georgia, palatino, serif; font-size: 14pt;\">Uma press\u00e3o enorme, vinda de todos os lados e sem a m\u00ednima perspectiva de alguma tr\u00e9gua, levou o Santos Futebol Clube em comum acordo com o jogador Robinho, a adiarem momentaneamente o sonho do torcedor Santista em ver seu \u00eddolo vestir pela quarta vez, o manto do Alvinegro de Vila Belmiro!<\/span><\/p>\n<p><span style=\"font-family: georgia, palatino, serif; font-size: 14pt;\">Robinho anunciou na noite desta sexta-feira, por meio de suas redes sociais, a suspens\u00e3o do contrato que havia firmado com o Santos, contrato v\u00e1lido at\u00e9 fevereiro de 2021.<\/span><br \/>\n<span style=\"font-family: georgia, palatino, serif; font-size: 14pt;\">Clube e jogador, resolveram suspender a validade do contrato firmado recentemente, para que Robinho possa se concentrar exclusivamente na sua defesa no processo que corre na It\u00e1lia&#8221;.<\/span><\/p>\n<p><strong>\u00a0 \u00a0 \u00a0 \u00a0 \u00a0 \u00a0 \u00a0 \u00a0 \u00a0 \u00a0 \u00a0 \u00a0 \u00a0 \u00a0 \u00a0 \u00a0 \u00a0 \u00a0 \u00a0 \u00a0 \u00a0 \u00a0 \u00a0 \u00a0 \u00a0 \u00a0 \u00a0 \u00a0 \u00a0 \u00a0 \u00a0 \u00a0 \u00a0 \u00a0 \u00a0 <span style=\"font-size: 18pt;\">Nota \u00e0 imprensa<\/span><\/strong><\/p>\n<p><img data-recalc-dims=\"1\" loading=\"lazy\" decoding=\"async\" class=\"aligncenter wp-image-2630\" src=\"https:\/\/i0.wp.com\/sergiobertoldi.com\/wp-content\/uploads\/2020\/10\/Comunicado-a-Imprensa.png?resize=550%2C239&#038;ssl=1\" alt=\"\" width=\"550\" height=\"239\" srcset=\"https:\/\/i0.wp.com\/sergiobertoldi.com\/wp-content\/uploads\/2020\/10\/Comunicado-a-Imprensa.png?w=920&amp;ssl=1 920w, https:\/\/i0.wp.com\/sergiobertoldi.com\/wp-content\/uploads\/2020\/10\/Comunicado-a-Imprensa.png?resize=300%2C130&amp;ssl=1 300w, https:\/\/i0.wp.com\/sergiobertoldi.com\/wp-content\/uploads\/2020\/10\/Comunicado-a-Imprensa.png?resize=768%2C334&amp;ssl=1 768w\" sizes=\"auto, (max-width: 550px) 100vw, 550px\" \/><\/p>\n<p>O Santos Futebol Clube e o atleta Robinho informam que, em comum acordo, resolveram suspender a validade do contrato firmado no \u00faltimo dia 10 de outubro para que o jogador possa se concentrar exclusivamente na sua defesa no processo que corre na It\u00e1lia.<\/p>\n<hr \/>\n<p><span style=\"font-family: georgia, palatino, serif; font-size: 14pt;\">Seis dias! Foi esse o tempo que durou a felicidade do torcedor Santista!<\/span><br \/>\n<span style=\"font-family: georgia, palatino, serif; font-size: 14pt;\">Com contrato assinado no \u00faltimo dia 10 de outubro, Robinho j\u00e1 come\u00e7ava a realizar um trabalho f\u00edsico junto aos novos companheiros, visando seu aprimoramento f\u00edsico e t\u00e9cnico, quando um caso envolvendo seu nome e ocorrido\u00a0 em janeiro de 2013, quando Robinho jogava na equipe italiana do Milan, e teve seu nome envolvido em uma suposta acusa\u00e7\u00e3o de viol\u00eancia sexual.<\/span><br \/>\n<span style=\"font-family: georgia, palatino, serif; font-size: 14pt;\">Acusado junto com outros cinco homens, Robinho foi denunciado pela v\u00edtima, uma mo\u00e7a de origem albanesa de t\u00ea-la violentado nas depend\u00eancias de uma boate da cidade de Mil\u00e3o.<\/span><br \/>\n<span style=\"font-family: georgia, palatino, serif; font-size: 14pt;\">Em novembro de 2017, um Tribunal de Mil\u00e3o presidido pela Ju\u00edza Mariolina Panasiti, condenou o jogador em primeira inst\u00e2ncia, a nove anos de pris\u00e3o, condena\u00e7\u00e3o da qual o Robinho se defende em liberdade.<\/span><\/p>\n<p><span style=\"font-family: georgia, palatino, serif; font-size: 14pt;\">Ap\u00f3s assinar contrato e anunciar sua quarta passagem pelo Peixe, Robinho e Santos Futebol Clube passaram a sofrer um ass\u00e9dio absurdo por parte da imprensa escrita falada e televisada, cobrando veementemente sem d\u00f3 nem piedade, uma posi\u00e7\u00e3o do clube em rela\u00e7\u00e3o ao fato de ter contratado: \u201cUm monstro\u201d<\/span><br \/>\n<span style=\"font-family: georgia, palatino, serif; font-size: 14pt;\">N\u00e3o houve um \u00fanico programa esportivo, fosse na emissora que fosse, que deu ao Robinho, no m\u00ednimo o benef\u00edcio da d\u00favida! Cobraram Robinho e Santos como se seu processo na It\u00e1lia j\u00e1 fosse uma situa\u00e7\u00e3o com desfecho definitivo!<\/span><br \/>\n<span style=\"font-family: georgia, palatino, serif; font-size: 14pt;\">Robinho foi antecipadamente, acusado, condenado, e sentenciado! \u00a0<\/span><br \/>\n<span style=\"font-family: georgia, palatino, serif; font-size: 14pt;\">E o Santos foi colocado contra a parede, amea\u00e7ado por uma debandada geral de seus patrocinadores!<\/span><\/p>\n<p><strong><span style=\"font-family: georgia, palatino, serif; font-size: 14pt;\">Acompanhem agora, algumas das empresas parceiras do Santos, que sa\u00edram ou amea\u00e7aram romper com o clube, caso o Santos insistisse na contrata\u00e7\u00e3o do Robinho:<\/span><\/strong><\/p>\n<p><img data-recalc-dims=\"1\" loading=\"lazy\" decoding=\"async\" class=\"aligncenter wp-image-2619\" src=\"https:\/\/i0.wp.com\/sergiobertoldi.com\/wp-content\/uploads\/2020\/10\/Captura.png?resize=550%2C260&#038;ssl=1\" alt=\"\" width=\"550\" height=\"260\" srcset=\"https:\/\/i0.wp.com\/sergiobertoldi.com\/wp-content\/uploads\/2020\/10\/Captura.png?w=657&amp;ssl=1 657w, https:\/\/i0.wp.com\/sergiobertoldi.com\/wp-content\/uploads\/2020\/10\/Captura.png?resize=300%2C142&amp;ssl=1 300w\" sizes=\"auto, (max-width: 550px) 100vw, 550px\" \/><\/p>\n<p><span style=\"font-family: georgia, palatino, serif; font-size: 14pt;\">Das parceiras do Santos que acabaram se posicionando a respeito do assunto, a \u00fanica que por hora rompeu mesmo com o clube, foi a Orthopride!<\/span><\/p>\n<p><img data-recalc-dims=\"1\" loading=\"lazy\" decoding=\"async\" class=\"alignnone size-full wp-image-2620\" src=\"https:\/\/i0.wp.com\/sergiobertoldi.com\/wp-content\/uploads\/2020\/10\/thumb-orthopridefw_.jpg?resize=200%2C150&#038;ssl=1\" alt=\"\" width=\"200\" height=\"150\" \/><\/p>\n<p><span style=\"font-size: 14pt; font-family: georgia, palatino, serif;\">A Orthopride, empresa do ramo de ortodontia que patrocinava o Peixe desde 2018, rompeu o contrato com a equipe devido a chegada do atleta.<\/span><br \/>\n<span style=\"font-size: 14pt; font-family: georgia, palatino, serif;\">&#8220;N\u00f3s temos enorme respeito pela hist\u00f3ria do Santos, mas neste momento decidimos pelo rompimento do contrato de patroc\u00ednio. Nosso p\u00fablico \u00e9 majoritariamente feminino e, em respeito \u00e0s mulheres que consomem nossos produtos, tivemos que tomar essa decis\u00e3o. Queremos deixar claro que n\u00e3o fomos informados previamente sobre a contrata\u00e7\u00e3o do Robinho, fomos pegos de surpresa pela imprensa no fim de semana&#8221;, disse Richard Adam, diretor da empresa em entrevista ao GE.<\/span><\/p>\n<p><span style=\"text-decoration: underline; font-size: 14pt;\"><strong>Outros parceiros tamb\u00e9m exerceram forte press\u00e3o sob o Clube, publicando em suas redes sociais, o comunicado que fizeram ao Santos:<\/strong><\/span><\/p>\n<p><img data-recalc-dims=\"1\" loading=\"lazy\" decoding=\"async\" class=\"alignnone wp-image-2621\" src=\"https:\/\/i0.wp.com\/sergiobertoldi.com\/wp-content\/uploads\/2020\/10\/Nota-Kicaldo.png?resize=230%2C175&#038;ssl=1\" alt=\"\" width=\"230\" height=\"175\" srcset=\"https:\/\/i0.wp.com\/sergiobertoldi.com\/wp-content\/uploads\/2020\/10\/Nota-Kicaldo.png?resize=300%2C228&amp;ssl=1 300w, https:\/\/i0.wp.com\/sergiobertoldi.com\/wp-content\/uploads\/2020\/10\/Nota-Kicaldo.png?w=369&amp;ssl=1 369w\" sizes=\"auto, (max-width: 230px) 100vw, 230px\" \/> <img data-recalc-dims=\"1\" loading=\"lazy\" decoding=\"async\" class=\"alignnone size-medium wp-image-2622\" src=\"https:\/\/i0.wp.com\/sergiobertoldi.com\/wp-content\/uploads\/2020\/10\/Kicaldo.png?resize=300%2C182&#038;ssl=1\" alt=\"\" width=\"300\" height=\"182\" srcset=\"https:\/\/i0.wp.com\/sergiobertoldi.com\/wp-content\/uploads\/2020\/10\/Kicaldo.png?resize=300%2C182&amp;ssl=1 300w, https:\/\/i0.wp.com\/sergiobertoldi.com\/wp-content\/uploads\/2020\/10\/Kicaldo.png?w=309&amp;ssl=1 309w\" sizes=\"auto, (max-width: 300px) 100vw, 300px\" \/><\/p>\n<hr \/>\n<p><img data-recalc-dims=\"1\" loading=\"lazy\" decoding=\"async\" class=\"alignnone wp-image-2623\" src=\"https:\/\/i0.wp.com\/sergiobertoldi.com\/wp-content\/uploads\/2020\/10\/Comunicado-Foxlux.png?resize=230%2C158&#038;ssl=1\" alt=\"\" width=\"230\" height=\"158\" srcset=\"https:\/\/i0.wp.com\/sergiobertoldi.com\/wp-content\/uploads\/2020\/10\/Comunicado-Foxlux.png?resize=300%2C207&amp;ssl=1 300w, https:\/\/i0.wp.com\/sergiobertoldi.com\/wp-content\/uploads\/2020\/10\/Comunicado-Foxlux.png?resize=130%2C90&amp;ssl=1 130w, https:\/\/i0.wp.com\/sergiobertoldi.com\/wp-content\/uploads\/2020\/10\/Comunicado-Foxlux.png?w=485&amp;ssl=1 485w\" sizes=\"auto, (max-width: 230px) 100vw, 230px\" \/> \u00a0<\/p>\n<p><span style=\"font-size: 14pt; font-family: georgia, palatino, serif;\">O Grupo Foxlux sempre acreditou e continua acreditando no esporte como ferramenta de transforma\u00e7\u00e3o das pessoas al\u00e9m de ser uma estrat\u00e9gia de impulsionamento de nossas marcas. Continuaremos fazendo isto em todas regi\u00f5es que atuamos, focados no resultado positivo que o esporte pode construir.<\/span><br \/>\n<span style=\"font-size: 14pt; font-family: georgia, palatino, serif;\">Refor\u00e7amos que o contrato de patroc\u00ednio a um clube de futebol profissional n\u00e3o nos d\u00e1 nenhuma inger\u00eancia nas a\u00e7\u00f5es operacionais do clube incluindo contrata\u00e7\u00e3o e dispensa de seus profissionais, por\u00e9m os fatos dos \u00faltimos dias, de forma direta, acabam impactando nossas marcas e conflitam com nossos valores de atua\u00e7\u00e3o.<\/span><br \/>\n<span style=\"font-size: 14pt; font-family: georgia, palatino, serif;\">Desta forma e diante das novas divulga\u00e7\u00f5es apresentadas solicitamos ao Santos Futebol Clube informa\u00e7\u00f5es de quais a\u00e7\u00f5es ser\u00e3o tomadas em rela\u00e7\u00e3o ao ocorrido para que possamos decidir as melhores atitudes a serem adotadas.<\/span><br \/>\n<span style=\"font-size: 14pt; font-family: georgia, palatino, serif;\">O certo \u00e9 que o Grupo Foxlux tem em seus valores &#8220;atuar de maneira \u00e9tica e respeitosa seguindo as normas da empresa e principalmente as regras e leis dos mercados em que atuamos&#8221; e tomaremos as atitudes necess\u00e1rias inclusive o cancelamento do contrato se preciso para evitar o v\u00ednculo com situa\u00e7\u00f5es que n\u00e3o compactuam de nossa atua\u00e7\u00e3o no Brasil mesmo que de forma indireta como \u00e9 este caso.<\/span><\/p>\n<hr \/>\n<p><span style=\"text-decoration: underline; font-size: 14pt;\"><strong>Philco, Umbro e Kodilar, tamb\u00e9m se manifestaram, aumentando a press\u00e3o sob o clube!<\/strong><\/span><\/p>\n<p><img data-recalc-dims=\"1\" loading=\"lazy\" decoding=\"async\" class=\"alignnone size-medium wp-image-2624\" src=\"https:\/\/i0.wp.com\/sergiobertoldi.com\/wp-content\/uploads\/2020\/10\/WhatsApp-Image-2020-10-16-Nota-da-Philco.jpeg?resize=263%2C300&#038;ssl=1\" alt=\"\" width=\"263\" height=\"300\" srcset=\"https:\/\/i0.wp.com\/sergiobertoldi.com\/wp-content\/uploads\/2020\/10\/WhatsApp-Image-2020-10-16-Nota-da-Philco.jpeg?resize=263%2C300&amp;ssl=1 263w, https:\/\/i0.wp.com\/sergiobertoldi.com\/wp-content\/uploads\/2020\/10\/WhatsApp-Image-2020-10-16-Nota-da-Philco.jpeg?w=310&amp;ssl=1 310w\" sizes=\"auto, (max-width: 263px) 100vw, 263px\" \/><img data-recalc-dims=\"1\" loading=\"lazy\" decoding=\"async\" class=\"alignnone size-medium wp-image-2626\" src=\"https:\/\/i0.wp.com\/sergiobertoldi.com\/wp-content\/uploads\/2020\/10\/Posicionamento-Patrocinadores.-05PNG.png?resize=251%2C300&#038;ssl=1\" alt=\"\" width=\"251\" height=\"300\" srcset=\"https:\/\/i0.wp.com\/sergiobertoldi.com\/wp-content\/uploads\/2020\/10\/Posicionamento-Patrocinadores.-05PNG.png?resize=251%2C300&amp;ssl=1 251w, https:\/\/i0.wp.com\/sergiobertoldi.com\/wp-content\/uploads\/2020\/10\/Posicionamento-Patrocinadores.-05PNG.png?w=376&amp;ssl=1 376w\" sizes=\"auto, (max-width: 251px) 100vw, 251px\" \/><img data-recalc-dims=\"1\" loading=\"lazy\" decoding=\"async\" class=\"alignnone size-medium wp-image-2627\" src=\"https:\/\/i0.wp.com\/sergiobertoldi.com\/wp-content\/uploads\/2020\/10\/Kodilar.png?resize=256%2C300&#038;ssl=1\" alt=\"\" width=\"256\" height=\"300\" srcset=\"https:\/\/i0.wp.com\/sergiobertoldi.com\/wp-content\/uploads\/2020\/10\/Kodilar.png?resize=256%2C300&amp;ssl=1 256w, https:\/\/i0.wp.com\/sergiobertoldi.com\/wp-content\/uploads\/2020\/10\/Kodilar.png?w=301&amp;ssl=1 301w\" sizes=\"auto, (max-width: 256px) 100vw, 256px\" \/><\/p>\n<p><span style=\"font-family: georgia, palatino, serif; font-size: 14pt;\">A Situa\u00e7\u00e3o toda piorou terrivelmente, transformando uma press\u00e3o enorme, em algo insustent\u00e1vel, depois que transcri\u00e7\u00f5es de conversas de Robinho, com amigos que o acompanhavam no dia em que o caso teria ocorrido, foram divulgadas pela imprensa!<\/span><\/p>\n<p><span style=\"font-family: georgia, palatino, serif; font-size: 14pt;\">O site GE, publicou transcri\u00e7\u00f5es de intercepta\u00e7\u00f5es telef\u00f4nicas e um grampo no carro do Robinho, ambos autorizados pela Justi\u00e7a Italiana, onde de acordo com os documentos transcritos, haveria o seguinte dialogo:<\/span><\/p>\n<ul>\n<li><strong>Jairo<\/strong>: &#8220;Mas voc\u00ea tamb\u00e9m transou com a mulher?&#8221;.<\/li>\n<li><strong>Robinho<\/strong>: &#8220;N\u00e3o, eu tentei&#8221;.<\/li>\n<li><strong>Jairo<\/strong>: &#8220;Eu te vi quando colocava o p\u00eanis dentro da boca dela&#8221;.<\/li>\n<li><strong>Robinho<\/strong>: &#8220;Isso n\u00e3o significa transar&#8221;.<\/li>\n<\/ul>\n<p><span style=\"font-size: 14pt; font-family: georgia, palatino, serif;\">Ap\u00f3s a divulga\u00e7\u00e3o desse suposto dialogo, houve um entendimento geral que tal ato, seria a admiss\u00e3o de uma participa\u00e7\u00e3o indireta em ato de viol\u00eancia sexual contra uma mulher alcoolizada.<\/span><br \/>\n<span style=\"font-size: 14pt; font-family: georgia, palatino, serif;\">O engra\u00e7ado \u00e9 que jamais houve qualquer gritaria quando o Atl\u00e9tico Mineiro contratou o Robinho n\u00e9?<\/span><br \/>\n<span style=\"font-size: 14pt; font-family: georgia, palatino, serif;\">E tem quem ainda ache, que essa gritaria toda de agora, n\u00e3o tem rela\u00e7\u00e3o nenhuma por ser o Santos!<\/span><br \/>\n<span style=\"font-size: 14pt; font-family: georgia, palatino, serif;\">Longe de querer defender o Robinho, isso \u00e9 fun\u00e7\u00e3o e responsabilidade dos seus advogados, mas fica a quest\u00e3o:<\/span><\/p>\n<blockquote>\n<p><span style=\"font-size: 14pt; font-family: georgia, palatino, serif;\">\u00a0\u201cPor que \u00e9 que casos semelhantes ao do Robinho, n\u00e3o causaram nem na Sociedade e nem na Imprensa, tamanho clamor por justi\u00e7a&#8221;?<\/span><\/p>\n<\/blockquote>\n<p><span style=\"font-size: 14pt; font-family: georgia, palatino, serif;\"><strong>Abordados os fatos, vamos agora a opini\u00e3o do Blogueiro e Jornalista S\u00e9rgio Bertoldi.<\/strong><\/span><\/p>\n<ol>\n<li><span style=\"font-size: 14pt; font-family: georgia, palatino, serif;\">Houve nesta tentativa de uma volta do Robinho ao Santos, por hora adiada, erros e acertos por parte da dire\u00e7\u00e3o do Clube!<\/span><\/li>\n<li><span style=\"font-size: 14pt; font-family: georgia, palatino, serif;\">\u00c9 ineg\u00e1vel que o clube acertou, primeiro por dar a um Ser humano, o benef\u00edcio da d\u00favida, sem prejulga-lo ou condena-lo antecipadamente!<\/span><\/li>\n<li><span style=\"font-size: 14pt; font-family: georgia, palatino, serif;\">Pelo fato de ter a oportunidade de trazer novamente ao Santos, um \u00eddolo da torcida!<\/span><\/li>\n<li><span style=\"font-size: 14pt; font-family: georgia, palatino, serif;\">Pelos valores acertados, algo que s\u00f3 um jogador que ama um clube de verdade, aceita receber!<strong><u>\u00a0<\/u><\/strong><\/span><\/li>\n<\/ol>\n<p><span style=\"font-size: 14pt; font-family: georgia, palatino, serif;\"><strong><u>Agora vamos ao Erro:<\/u><\/strong><\/span><\/p>\n<p><span style=\"font-size: 14pt; font-family: georgia, palatino, serif;\">\u00a0Creio que a falta de tempo, pressionado para realizar com o jogador o acerto o mais depressa poss\u00edvel, visto que a qualquer momento, uma nova puni\u00e7\u00e3o restritiva a permiss\u00e3o de contrata\u00e7\u00f5es e inscri\u00e7\u00e3o de novos jogadores, poderia ocorrer por parte da FIFA, (como de fato ocorreu), fez com que os dirigentes do Santos, n\u00e3o analisassem com a devida calma, as poss\u00edveis implica\u00e7\u00f5es que a contrata\u00e7\u00e3o do Robinho, poderia gerar!<\/span><\/p>\n<p><span style=\"font-size: 14pt; font-family: georgia, palatino, serif;\">De qualquer maneira, ap\u00f3s toda a repercuss\u00e3o ocorrida, Santos e Robinho tomaram a decis\u00e3o certa!<\/span><br \/>\n<span style=\"font-size: 14pt; font-family: georgia, palatino, serif;\">Sabe aquele ditado que diz que na briga do Mar com os Rochedos, quem leva a pior \u00e9 sempre o Marisco? Pois \u00e9 n\u00e9? N\u00e3o dava para o Santos continuar insistindo em ser o Marisco!<\/span><\/p>\n<p><span style=\"font-size: 14pt; font-family: georgia, palatino, serif;\">Tenho certeza que depois que esse primeiro momento de raiva e indigna\u00e7\u00e3o por parte do torcedor Santista, passar, as pessoas com a cabe\u00e7a mais fria, ir\u00e3o refletir que perante a repercuss\u00e3o dos fatos e a situa\u00e7\u00e3o delicada que foi criada com os patrocinadores do Clube, prevaleceu o bom senso!<\/span><br \/>\n<span style=\"font-size: 14pt; font-family: georgia, palatino, serif;\">Se existe um sentimento que neste momento tem que prevalecer, \u00e9 o de extrema estima e agradecimento a atitude nobre que teve o Robinho!<\/span><br \/>\n<span style=\"font-size: 14pt; font-family: georgia, palatino, serif;\">Esse sim entendendo a gravidade da situa\u00e7\u00e3o que foi criada contra o Santos, mostrou ser um verdadeiro Santista de Alma e Cora\u00e7\u00e3o!<\/span><br \/>\n<span style=\"font-size: 14pt; font-family: georgia, palatino, serif;\">Robinho pensou primeiro no Santos e n\u00e3o apenas nele! N\u00e3o por acaso que sempre ser\u00e1 \u00eddolo do torcedor Santista!<\/span><\/p>\n<div style=\"width: 480px;\" class=\"wp-video\"><video class=\"wp-video-shortcode\" id=\"video-2617-1\" width=\"480\" height=\"854\" preload=\"metadata\" controls=\"controls\"><source type=\"video\/mp4\" src=\"https:\/\/sergiobertoldi.com\/wp-content\/uploads\/2020\/10\/WhatsApp-Video-2020-10-16-Robinho-declara-01.mp4?_=1\" \/><a href=\"https:\/\/sergiobertoldi.com\/wp-content\/uploads\/2020\/10\/WhatsApp-Video-2020-10-16-Robinho-declara-01.mp4\">https:\/\/sergiobertoldi.com\/wp-content\/uploads\/2020\/10\/WhatsApp-Video-2020-10-16-Robinho-declara-01.mp4<\/a><\/video><\/div>\n<div style=\"width: 480px;\" class=\"wp-video\"><video class=\"wp-video-shortcode\" id=\"video-2617-2\" width=\"480\" height=\"854\" preload=\"metadata\" controls=\"controls\"><source type=\"video\/mp4\" src=\"https:\/\/sergiobertoldi.com\/wp-content\/uploads\/2020\/10\/WhatsApp-Video-2020-10-16-Robinho-declara-02.mp4?_=2\" \/><a href=\"https:\/\/sergiobertoldi.com\/wp-content\/uploads\/2020\/10\/WhatsApp-Video-2020-10-16-Robinho-declara-02.mp4\">https:\/\/sergiobertoldi.com\/wp-content\/uploads\/2020\/10\/WhatsApp-Video-2020-10-16-Robinho-declara-02.mp4<\/a><\/video><\/div>\n<p><span style=\"font-family: georgia, palatino, serif; font-size: 14pt;\">Para finalizar, acompanhem o pronunciamento oficial do Santos, sobre o caso &#8220;Robinho!<\/span><\/p>\n<p><strong>\u00a0 \u00a0 \u00a0 \u00a0 \u00a0 \u00a0 \u00a0 \u00a0 \u00a0 \u00a0 \u00a0 \u00a0 \u00a0 \u00a0 \u00a0 \u00a0 \u00a0 \u00a0 \u00a0 \u00a0 \u00a0 \u00a0<span style=\"text-decoration: underline; font-size: 14pt;\">Nota de esclarecimento ao torcedor santista<\/span><\/strong><\/p>\n<p><span style=\"font-family: georgia, palatino, serif; font-size: 14pt;\">O Santos FC, em seus 108 anos de hist\u00f3ria, sempre se caracterizou por ser uma institui\u00e7\u00e3o inclusiva e socialmente respons\u00e1vel. Refer\u00eancia no combate ao racismo, contra qualquer tipo de viol\u00eancia, especialmente contra a mulher, refer\u00eancia no investimento no futebol feminino e engajamento em diversas causas. Estes s\u00e3o pilares e valores que formam a identidade do Clube brasileiro mais conhecido no Mundo e motivo de raro orgulho por todas as suas contribui\u00e7\u00f5es para o desporto nacional. A agremia\u00e7\u00e3o tamb\u00e9m reconhecida pela excel\u00eancia na forma\u00e7\u00e3o de atletas, rela\u00e7\u00e3o pr\u00f3xima e respeitosa por todos aqueles que em campo ajudaram a construir nossa hist\u00f3ria.<\/span><\/p>\n<p><span style=\"font-family: georgia, palatino, serif; font-size: 14pt;\">Com rela\u00e7\u00e3o ao processo do atleta Robson de Souza, o Clube n\u00e3o pode entrar no m\u00e9rito da acusa\u00e7\u00e3o, pois o processo corre em segredo de Justi\u00e7a na It\u00e1lia e sobretudo o Santos FC orgulha-se de, em sua hist\u00f3ria, sempre respeitar as garantias fundamentais do ser humano, dentre as quais, a presun\u00e7\u00e3o da inoc\u00eancia e o respeito ao devido processo legal.<\/span><\/p>\n<p><span style=\"font-family: georgia, palatino, serif; font-size: 14pt;\">Ressalta-se ainda que n\u00e3o h\u00e1 condena\u00e7\u00e3o definitiva e o atleta responde em liberdade e n\u00e3o ser\u00e1 o Santos FC que lhe dar\u00e1 uma senten\u00e7a antecipada, prejulgando e o impedindo de exercer sua profiss\u00e3o.<\/span><br \/>\n<span style=\"font-family: georgia, palatino, serif; font-size: 14pt;\">Como Clube formador, onde o atleta viveu seus melhores momentos, em que teve diversas conquistas, n\u00e3o seria a nossa coletividade a lhe dar as costas e decretar ju\u00edzo final de valor em um processo com recursos em andamento.<\/span><\/p>\n<p><span style=\"font-family: georgia, palatino, serif; font-size: 14pt;\">N\u00e3o h\u00e1 mudan\u00e7a no posicionamento do Clube em rela\u00e7\u00e3o ao combate \u00e0 viol\u00eancia contra a mulher ou outras campanhas que sempre participou neste sentido. S\u00e3o valores irrenunci\u00e1veis e que fazem parte da hist\u00f3ria do legado Alvinegro.<\/span><br \/>\n<span style=\"font-family: georgia, palatino, serif; font-size: 14pt;\">Infelizmente vivemos na era dos cancelamentos, da cultura dos tribunais da internet e dos julgamentos t\u00e3o precipitados quanto definitivos, por\u00e9m h\u00e1 a certeza que o torcedor do Santos FC entender\u00e1 que compete exclusivamente a Justi\u00e7a realizar o julgamento.<\/span><\/p>\n","protected":false},"excerpt":{"rendered":"<p>Al\u00f4 Na\u00e7\u00e3o Santista! Sauda\u00e7\u00f5es Alvinegras! Uma press\u00e3o enorme, vinda de todos os lados e sem a m\u00ednima perspectiva de alguma<\/p>\n","protected":false},"author":2,"featured_media":2631,"comment_status":"open","ping_status":"open","sticky":false,"template":"","format":"standard","meta":{"colormag_page_container_layout":"default_layout","colormag_page_sidebar_layout":"default_layout","_jetpack_memberships_contains_paid_content":false,"footnotes":""},"categories":[12,4,30,35,24],"tags":[6],"class_list":["post-2617","post","type-post","status-publish","format-standard","has-post-thumbnail","hentry","category-analise-e-comentario","category-bastidores-do-santos-fc","category-contratacoes","category-edicao-especial","category-situacao-contratual","tag-santos-fc"],"jetpack_featured_media_url":"https:\/\/i0.wp.com\/sergiobertoldi.com\/wp-content\/uploads\/2020\/10\/robinho-e-anunciado-pelo-santos-1602372212863_v2_450x337.jpg?fit=450%2C337&ssl=1","jetpack_likes_enabled":true,"jetpack_sharing_enabled":true,"_links":{"self":[{"href":"https:\/\/sergiobertoldi.com\/index.php\/wp-json\/wp\/v2\/posts\/2617","targetHints":{"allow":["GET"]}}],"collection":[{"href":"https:\/\/sergiobertoldi.com\/index.php\/wp-json\/wp\/v2\/posts"}],"about":[{"href":"https:\/\/sergiobertoldi.com\/index.php\/wp-json\/wp\/v2\/types\/post"}],"author":[{"embeddable":true,"href":"https:\/\/sergiobertoldi.com\/index.php\/wp-json\/wp\/v2\/users\/2"}],"replies":[{"embeddable":true,"href":"https:\/\/sergiobertoldi.com\/index.php\/wp-json\/wp\/v2\/comments?post=2617"}],"version-history":[{"count":3,"href":"https:\/\/sergiobertoldi.com\/index.php\/wp-json\/wp\/v2\/posts\/2617\/revisions"}],"predecessor-version":[{"id":2634,"href":"https:\/\/sergiobertoldi.com\/index.php\/wp-json\/wp\/v2\/posts\/2617\/revisions\/2634"}],"wp:featuredmedia":[{"embeddable":true,"href":"https:\/\/sergiobertoldi.com\/index.php\/wp-json\/wp\/v2\/media\/2631"}],"wp:attachment":[{"href":"https:\/\/sergiobertoldi.com\/index.php\/wp-json\/wp\/v2\/media?parent=2617"}],"wp:term":[{"taxonomy":"category","embeddable":true,"href":"https:\/\/sergiobertoldi.com\/index.php\/wp-json\/wp\/v2\/categories?post=2617"},{"taxonomy":"post_tag","embeddable":true,"href":"https:\/\/sergiobertoldi.com\/index.php\/wp-json\/wp\/v2\/tags?post=2617"}],"curies":[{"name":"wp","href":"https:\/\/api.w.org\/{rel}","templated":true}]}}