{"id":255,"date":"2019-09-27T08:00:53","date_gmt":"2019-09-27T11:00:53","guid":{"rendered":"http:\/\/sergiobertoldi.com\/?p=255"},"modified":"2019-09-26T23:43:42","modified_gmt":"2019-09-27T02:43:42","slug":"conselho-aprova-mudancas-no-estatuto-e-acaba-com-a-sensacao-de-impunidade","status":"publish","type":"post","link":"https:\/\/sergiobertoldi.com\/index.php\/2019\/09\/27\/conselho-aprova-mudancas-no-estatuto-e-acaba-com-a-sensacao-de-impunidade\/","title":{"rendered":"Conselho aprova mudan\u00e7as no estatuto e acaba com a sensa\u00e7\u00e3o de Impunidade"},"content":{"rendered":"\n<p>Al\u00f4\nNa\u00e7\u00e3o Santista! Sauda\u00e7\u00f5es Alvinegras<\/p>\n\n\n\n<p>A noite da \u00faltima ter\u00e7a-feira\ndia 24, pode ser considerada um divisor de \u00e1guas para o futuro do Santos,\ninclusive \u201cFinanceiro\u201d.<\/p>\n\n\n\n<p>O Conselho Deliberativo\ndo Santos, esteve reunido para aprovar importantes mudan\u00e7as no estatuto do clube,\nvisando uma adequa\u00e7\u00e3o necess\u00e1ria \u00e0s exig\u00eancias do (Profut), conforme rege a Lei\n13.155.<\/p>\n\n\n\n<p>Como signat\u00e1rio do acordo\nde ades\u00e3o e dos benef\u00edcios trazidos pela lei mencionada, o Santos Futebol Clube\nteria que desde 2015, ter adequado seu estatuto \u00e0s exig\u00eancias contidas, o que\nn\u00e3o o fez at\u00e9 o presente momento.<\/p>\n\n\n\n<p>Preocupados com a\npossibilidade concreta de sofrer san\u00e7\u00f5es severas e at\u00e9 o descredenciamento do\nprograma, algo que seria tr\u00e1gico para a sa\u00fade financeira do clube como entidade\nassociativa, o Santos finalmente deu um passo important\u00edssimo para atender os sucessivos\ncomunicados e cobran\u00e7as da Autoridade P\u00fablica do Futebol (APFUT).<\/p>\n\n\n\n<p>Durante a \u00faltima reuni\u00e3o\ndo Conselho, j\u00e1 havia ficado decidido que dada a urg\u00eancia e import\u00e2ncia do\nclube, adequar seu estatuto as exig\u00eancias do (Profute), outras propostas\nsugeridas pelos Conselheiros no que diz respeito a reforma do Pr\u00f3prio estatuto\ncomo um todo, ficariam para um segundo momento! &nbsp;&nbsp;<\/p>\n\n\n\n<p>As principais adequa\u00e7\u00f5es que o Santos precisou fazer para se adequar ao\nProfut foram: altera\u00e7\u00e3o do valor m\u00e1ximo que pode ser usado pelo departamento de\nfutebol de 85 para 80% do or\u00e7amento, al\u00e9m do afastamento e inelegibilidade por\nat\u00e9 cinco anos, do dirigente que praticar ato de gest\u00e3o temer\u00e1ria e compensa\u00e7\u00e3o\nao clube com os bens dos dirigentes.<\/p>\n\n\n\n<p>Esse afastamento ocorrer\u00e1, caso o Conselho Fiscal constate\nirregularidades nas contas do clube. Depois da vota\u00e7\u00e3o do afastamento\ntempor\u00e1rio, o dirigente ter\u00e1 10 dias para montar sua defesa.<\/p>\n\n\n\n<p>Ao t\u00e9rmino da reuni\u00e3o, ap\u00f3s v\u00e1rias propostas apresentadas em\nrela\u00e7\u00e3o ao n\u00famero e a forma de vota\u00e7\u00e3o, o Conselho Deliberativo votou e, de\nforma un\u00e2nime, aprovou a reda\u00e7\u00e3o constru\u00edda pela Comiss\u00e3o de Estatuto e\naperfei\u00e7oada em plen\u00e1rio. Caso o Conselho Fiscal constate atos de gest\u00e3o\ntemer\u00e1ria, ser\u00e1 realizada uma reuni\u00e3o do CD para votar o afastamento tempor\u00e1rio\ndo presidente. Nessa assembleia, ser\u00e1 necess\u00e1rio qu\u00f3rum m\u00ednimo de 150\nconselheiros aptos a votar. O afastamento do dirigente ocorrer\u00e1 caso 2\/3 dos\nconselheiros votem favoravelmente a isso. S\u00e3o 300 conselheiros no total.<\/p>\n\n\n\n<p>Em caso de afastamento, o presidente do clube ter\u00e1 um prazo\nde dez dias para apresentar a sua defesa. Ap\u00f3s esse per\u00edodo, o processo voltar\u00e1\na ser deliberado pelos conselheiros. Para que o artigo seja definitivamente\nincorporado ao estatuto do Santos, ainda ser\u00e1 necess\u00e1rio realizar uma\nassembleia geral com os s\u00f3cios, o que deve ocorrer no final de outubro<\/p>\n\n\n\n<p>(Cr\u00e9dito: Imagem: Ivan Storti\/Santos FC)<\/p>\n\n\n\n<p><\/p>\n","protected":false},"excerpt":{"rendered":"<p>Al\u00f4 Na\u00e7\u00e3o Santista! Sauda\u00e7\u00f5es Alvinegras A noite da \u00faltima ter\u00e7a-feira dia 24, pode ser considerada um divisor de \u00e1guas para<\/p>\n","protected":false},"author":2,"featured_media":0,"comment_status":"open","ping_status":"open","sticky":false,"template":"","format":"standard","meta":{"colormag_page_container_layout":"default_layout","colormag_page_sidebar_layout":"default_layout","_jetpack_memberships_contains_paid_content":false,"footnotes":""},"categories":[4,18],"tags":[6],"class_list":["post-255","post","type-post","status-publish","format-standard","hentry","category-bastidores-do-santos-fc","category-conselho-deliberativo","tag-santos-fc"],"jetpack_featured_media_url":"","jetpack_likes_enabled":true,"jetpack_sharing_enabled":true,"_links":{"self":[{"href":"https:\/\/sergiobertoldi.com\/index.php\/wp-json\/wp\/v2\/posts\/255","targetHints":{"allow":["GET"]}}],"collection":[{"href":"https:\/\/sergiobertoldi.com\/index.php\/wp-json\/wp\/v2\/posts"}],"about":[{"href":"https:\/\/sergiobertoldi.com\/index.php\/wp-json\/wp\/v2\/types\/post"}],"author":[{"embeddable":true,"href":"https:\/\/sergiobertoldi.com\/index.php\/wp-json\/wp\/v2\/users\/2"}],"replies":[{"embeddable":true,"href":"https:\/\/sergiobertoldi.com\/index.php\/wp-json\/wp\/v2\/comments?post=255"}],"version-history":[{"count":2,"href":"https:\/\/sergiobertoldi.com\/index.php\/wp-json\/wp\/v2\/posts\/255\/revisions"}],"predecessor-version":[{"id":258,"href":"https:\/\/sergiobertoldi.com\/index.php\/wp-json\/wp\/v2\/posts\/255\/revisions\/258"}],"wp:attachment":[{"href":"https:\/\/sergiobertoldi.com\/index.php\/wp-json\/wp\/v2\/media?parent=255"}],"wp:term":[{"taxonomy":"category","embeddable":true,"href":"https:\/\/sergiobertoldi.com\/index.php\/wp-json\/wp\/v2\/categories?post=255"},{"taxonomy":"post_tag","embeddable":true,"href":"https:\/\/sergiobertoldi.com\/index.php\/wp-json\/wp\/v2\/tags?post=255"}],"curies":[{"name":"wp","href":"https:\/\/api.w.org\/{rel}","templated":true}]}}