{"id":2545,"date":"2020-10-05T18:21:35","date_gmt":"2020-10-05T21:21:35","guid":{"rendered":"https:\/\/sergiobertoldi.com\/?p=2545"},"modified":"2020-10-05T18:21:35","modified_gmt":"2020-10-05T21:21:35","slug":"jogando-fora-de-casa-o-santos-conquista-importante-vitoria-em-noite-de-libertadores","status":"publish","type":"post","link":"https:\/\/sergiobertoldi.com\/index.php\/2020\/10\/05\/jogando-fora-de-casa-o-santos-conquista-importante-vitoria-em-noite-de-libertadores\/","title":{"rendered":"Jogando fora de casa o Santos conquista importante vit\u00f3ria em noite de Libertadores"},"content":{"rendered":"<p><span style=\"font-size: 14pt;\"><strong><u>Al\u00f4 Na\u00e7\u00e3o Santista! Sauda\u00e7\u00f5es Alvinegras!<\/u><\/strong><\/span><\/p>\n<p style=\"text-align: justify;\"><span style=\"font-size: 14pt; font-family: georgia, palatino, serif;\">Jogando na noite desta quinta-feira com o Ol\u00edmpia em Assun\u00e7\u00e3o, pela quinta rodada da fase de grupos da Libertadores da Am\u00e9rica, o Santos venceu de virada os donos da casa pelo placar de 3 a 2 e se classificou para as oitavas de final da competi\u00e7\u00e3o como primeiro colocado do Grupo G, com 13 pontos.<\/span><\/p>\n<p style=\"text-align: justify;\"><span style=\"font-size: 14pt; font-family: georgia, palatino, serif;\">Carlos S\u00e1nchez, Marinho e Kaio Jorge, foram os respons\u00e1veis pelos gols que decretaram a vit\u00f3ria Santista! Por\u00e9m foram as \u201cM\u00e3os Salvadoras\u201d do Goleiro Jo\u00e3o Paulo\u201d, que mais uma vez garantiram o resultado final.<\/span><\/p>\n<p><img data-recalc-dims=\"1\" loading=\"lazy\" decoding=\"async\" class=\"aligncenter wp-image-2547\" src=\"https:\/\/i0.wp.com\/sergiobertoldi.com\/wp-content\/uploads\/2020\/10\/Sanches-Marinho-e-Kaio-Jorge.jpg?resize=650%2C433&#038;ssl=1\" alt=\"\" width=\"650\" height=\"433\" srcset=\"https:\/\/i0.wp.com\/sergiobertoldi.com\/wp-content\/uploads\/2020\/10\/Sanches-Marinho-e-Kaio-Jorge.jpg?w=750&amp;ssl=1 750w, https:\/\/i0.wp.com\/sergiobertoldi.com\/wp-content\/uploads\/2020\/10\/Sanches-Marinho-e-Kaio-Jorge.jpg?resize=300%2C200&amp;ssl=1 300w\" sizes=\"auto, (max-width: 650px) 100vw, 650px\" \/><\/p>\n<p style=\"text-align: justify;\"><span style=\"font-size: 14pt; font-family: georgia, palatino, serif;\"> <img data-recalc-dims=\"1\" loading=\"lazy\" decoding=\"async\" class=\"aligncenter wp-image-2550\" src=\"https:\/\/i0.wp.com\/sergiobertoldi.com\/wp-content\/uploads\/2020\/10\/Goleiro-Joao-Paulo.jpg?resize=650%2C434&#038;ssl=1\" alt=\"\" width=\"650\" height=\"434\" srcset=\"https:\/\/i0.wp.com\/sergiobertoldi.com\/wp-content\/uploads\/2020\/10\/Goleiro-Joao-Paulo.jpg?resize=1024%2C684&amp;ssl=1 1024w, https:\/\/i0.wp.com\/sergiobertoldi.com\/wp-content\/uploads\/2020\/10\/Goleiro-Joao-Paulo.jpg?resize=300%2C201&amp;ssl=1 300w, https:\/\/i0.wp.com\/sergiobertoldi.com\/wp-content\/uploads\/2020\/10\/Goleiro-Joao-Paulo.jpg?resize=768%2C513&amp;ssl=1 768w, https:\/\/i0.wp.com\/sergiobertoldi.com\/wp-content\/uploads\/2020\/10\/Goleiro-Joao-Paulo.jpg?w=1200&amp;ssl=1 1200w\" sizes=\"auto, (max-width: 650px) 100vw, 650px\" \/><\/span><\/p>\n<p style=\"text-align: justify;\"><span style=\"font-size: 14pt; font-family: georgia, palatino, serif;\">A vit\u00f3ria que garantiu a classifica\u00e7\u00e3o do Alvinegro Praiano com uma rodada de anteced\u00eancia, contou tamb\u00e9m com o fim de um jejum que h\u00e1 muito vinha incomodando dois jogadores do Santos!<\/span><\/p>\n<p style=\"text-align: justify;\"><span style=\"font-size: 14pt; font-family: georgia, palatino, serif;\">O meia Pato S\u00e1nchez e o centroavante Kaio Jorge, n\u00e3o sabiam o que era balan\u00e7ar as redes advers\u00e1rias h\u00e1 23 e 15 jogos, respectivamente.<\/span><\/p>\n<p style=\"text-align: justify;\"><span style=\"font-size: 14pt; font-family: georgia, palatino, serif;\">Embora ambos tenham destacado ap\u00f3s a partida que isso, esse \u201cJejum Prolongado\u201d, n\u00e3o estivesse prejudicando seus rendimentos ou causando uma cobran\u00e7a muito grande, a alegria e o semblante de al\u00edvio, entregavam o sentimento que os dois tentavam esconder!<\/span><\/p>\n<p style=\"text-align: justify;\"><span style=\"font-size: 14pt; font-family: georgia, palatino, serif;\"><strong>FICHA T\u00c9CNICA<br \/>\n<\/strong><\/span><span style=\"font-size: 14pt; font-family: georgia, palatino, serif;\"><strong>OL\u00cdMPIA <\/strong>2 X 3 <strong>SANTOS<\/strong><\/span><\/p>\n<p style=\"text-align: justify;\"><span style=\"font-size: 14pt; font-family: georgia, palatino, serif;\"><strong>Data:<\/strong> 1 de setembro (quinta-feira)<br \/>\n<\/span><span style=\"font-size: 14pt; font-family: georgia, palatino, serif;\"><strong>Hor\u00e1rio:<\/strong> 19h (de Bras\u00edlia)<br \/>\n<\/span><span style=\"font-size: 14pt; font-family: georgia, palatino, serif;\"><strong>Est\u00e1dio:<\/strong> Manuel Ferreira, em Assun\u00e7\u00e3o (Paraguai)<br \/>\n<\/span><span style=\"font-size: 14pt; font-family: georgia, palatino, serif;\"><strong>\u00c1rbitro:<\/strong> Nestor Pitana (ARG)<br \/>\n<\/span><span style=\"font-size: 14pt; font-family: georgia, palatino, serif;\"><strong>Auxiliares:<\/strong> Martin Soppi e Carlos Barreiro (URU)<br \/>\n<\/span><span style=\"font-size: 14pt; font-family: georgia, palatino, serif;\"><strong>Cart\u00f5es <span style=\"background-color: #ffff00;\">amarelos<\/span>:<\/strong> OL\u00cdMPIA: Recalde, Azcona e Leguizamon.<br \/>\n<\/span><span style=\"font-size: 14pt; font-family: georgia, palatino, serif;\"><strong>Cart\u00f5es <span style=\"background-color: #ffff00;\">amarelos<\/span>: <\/strong>SANTOS: Alex, Jobson e Raniel<br \/>\n<\/span><span style=\"font-size: 14pt; font-family: georgia, palatino, serif;\"><strong>GOLS: <\/strong><u>Ol\u00edmpia:<\/u> Recalde, aos 21 e 33 minutos do 1T;<br \/>\n<\/span><span style=\"font-size: 14pt; font-family: georgia, palatino, serif;\"><strong>GOLS: <\/strong><u>Santos:<\/u> S\u00e1nchez e Marinho, aos 14 e 38 minutos do 1T; Kaio Jorge, aos 12 minutos do 2T.<br \/>\n<\/span><span style=\"font-size: 14pt; font-family: georgia, palatino, serif;\">OLIMPIA: Azcona, Ben\u00edtez (De La Cruz), Leguizamon, Alcaraz e Arias; Silva (Montenegro), Rojas, Domingo e Recalde (Otalvaro); Camacho (Roque Santa Cruz) e Pitta (Rojas)<br \/>\n<\/span><span style=\"font-size: 14pt; font-family: georgia, palatino, serif;\">T\u00e9cnico: Daniel Garnero<br \/>\n<img data-recalc-dims=\"1\" loading=\"lazy\" decoding=\"async\" class=\"alignnone wp-image-2546\" src=\"https:\/\/i0.wp.com\/sergiobertoldi.com\/wp-content\/uploads\/2020\/10\/WhatsApp-Image-2020-10-01-at-18.05.31.jpeg?resize=400%2C500&#038;ssl=1\" alt=\"\" width=\"400\" height=\"500\" srcset=\"https:\/\/i0.wp.com\/sergiobertoldi.com\/wp-content\/uploads\/2020\/10\/WhatsApp-Image-2020-10-01-at-18.05.31.jpeg?resize=819%2C1024&amp;ssl=1 819w, https:\/\/i0.wp.com\/sergiobertoldi.com\/wp-content\/uploads\/2020\/10\/WhatsApp-Image-2020-10-01-at-18.05.31.jpeg?resize=240%2C300&amp;ssl=1 240w, https:\/\/i0.wp.com\/sergiobertoldi.com\/wp-content\/uploads\/2020\/10\/WhatsApp-Image-2020-10-01-at-18.05.31.jpeg?resize=768%2C960&amp;ssl=1 768w, https:\/\/i0.wp.com\/sergiobertoldi.com\/wp-content\/uploads\/2020\/10\/WhatsApp-Image-2020-10-01-at-18.05.31.jpeg?w=1024&amp;ssl=1 1024w\" sizes=\"auto, (max-width: 400px) 100vw, 400px\" \/><br \/>\n<\/span><\/p>\n<p style=\"text-align: justify;\"><span style=\"font-size: 14pt; font-family: georgia, palatino, serif;\">Classificado na Libertadores, o Alvinegro de Vila Belmiro volta agora sua aten\u00e7\u00e3o novamente para o Campeonato Brasileiro 2020, onde no domingo voltar\u00e1 a campo para enfrentar o Goi\u00e1s na Serrinha, confronto valido pela 13\u00aa rodada.<\/span><\/p>\n<p>(Foto: <em>Ivan Storti\/Santos FC<\/em>)<br \/>\n(Foto: <i>Norberto Duarte\/AFP)<\/i>)<\/p>\n","protected":false},"excerpt":{"rendered":"<p>Al\u00f4 Na\u00e7\u00e3o Santista! Sauda\u00e7\u00f5es Alvinegras! Jogando na noite desta quinta-feira com o Ol\u00edmpia em Assun\u00e7\u00e3o, pela quinta rodada da fase<\/p>\n","protected":false},"author":2,"featured_media":2548,"comment_status":"open","ping_status":"open","sticky":false,"template":"","format":"standard","meta":{"colormag_page_container_layout":"default_layout","colormag_page_sidebar_layout":"default_layout","_jetpack_memberships_contains_paid_content":false,"footnotes":""},"categories":[12,4,16,28],"tags":[6],"class_list":["post-2545","post","type-post","status-publish","format-standard","has-post-thumbnail","hentry","category-analise-e-comentario","category-bastidores-do-santos-fc","category-resenha-do-jogo","category-taca-libertadores-da-america","tag-santos-fc"],"jetpack_featured_media_url":"https:\/\/i0.wp.com\/sergiobertoldi.com\/wp-content\/uploads\/2020\/10\/Santos-vence-o-Olimpia-na-Liberatadores-2020.jpg?fit=1015%2C672&ssl=1","jetpack_likes_enabled":true,"jetpack_sharing_enabled":true,"_links":{"self":[{"href":"https:\/\/sergiobertoldi.com\/index.php\/wp-json\/wp\/v2\/posts\/2545","targetHints":{"allow":["GET"]}}],"collection":[{"href":"https:\/\/sergiobertoldi.com\/index.php\/wp-json\/wp\/v2\/posts"}],"about":[{"href":"https:\/\/sergiobertoldi.com\/index.php\/wp-json\/wp\/v2\/types\/post"}],"author":[{"embeddable":true,"href":"https:\/\/sergiobertoldi.com\/index.php\/wp-json\/wp\/v2\/users\/2"}],"replies":[{"embeddable":true,"href":"https:\/\/sergiobertoldi.com\/index.php\/wp-json\/wp\/v2\/comments?post=2545"}],"version-history":[{"count":2,"href":"https:\/\/sergiobertoldi.com\/index.php\/wp-json\/wp\/v2\/posts\/2545\/revisions"}],"predecessor-version":[{"id":2551,"href":"https:\/\/sergiobertoldi.com\/index.php\/wp-json\/wp\/v2\/posts\/2545\/revisions\/2551"}],"wp:featuredmedia":[{"embeddable":true,"href":"https:\/\/sergiobertoldi.com\/index.php\/wp-json\/wp\/v2\/media\/2548"}],"wp:attachment":[{"href":"https:\/\/sergiobertoldi.com\/index.php\/wp-json\/wp\/v2\/media?parent=2545"}],"wp:term":[{"taxonomy":"category","embeddable":true,"href":"https:\/\/sergiobertoldi.com\/index.php\/wp-json\/wp\/v2\/categories?post=2545"},{"taxonomy":"post_tag","embeddable":true,"href":"https:\/\/sergiobertoldi.com\/index.php\/wp-json\/wp\/v2\/tags?post=2545"}],"curies":[{"name":"wp","href":"https:\/\/api.w.org\/{rel}","templated":true}]}}