{"id":2232,"date":"2020-08-14T20:01:39","date_gmt":"2020-08-14T23:01:39","guid":{"rendered":"https:\/\/sergiobertoldi.com\/?p=2232"},"modified":"2020-08-14T22:46:06","modified_gmt":"2020-08-15T01:46:06","slug":"atuacao-dos-garotos-da-base-sao-um-alento-diante-de-mais-uma-derrota","status":"publish","type":"post","link":"https:\/\/sergiobertoldi.com\/index.php\/2020\/08\/14\/atuacao-dos-garotos-da-base-sao-um-alento-diante-de-mais-uma-derrota\/","title":{"rendered":"Atua\u00e7\u00e3o dos Garotos da Base s\u00e3o um alento diante de mais uma derrota"},"content":{"rendered":"<p><span style=\"font-size: 14pt;\"><strong><u>Al\u00f4 Na\u00e7\u00e3o Santista! Sauda\u00e7\u00f5es Alvinegras!<\/u><\/strong><\/span><\/p>\n<p style=\"text-align: justify;\">Entrando em campo pela segunda rodada do Campeonato Brasileiro de 2020, a equipe do Santos foi a Porto Alegre na noite desta quinta-feira, e jogando no Beira-Rio o Alvinegro de Vila Belmiro foi derrotado pelo Internacional pelo placar de 2 a 0, preocupando e mais uma vez decepcionando seu torcedor!<\/p>\n<p style=\"text-align: justify;\">A derrota sofrida nesta segunda rodada, reflete o atual momento do clube, e preocupa demais ao torcedor Santista que v\u00ea seu time do cora\u00e7\u00e3o, chegar ao sexto jogo seguido, sem saber o que \u00e9 conquistar uma vit\u00f3ria!<br \/>\nA \u00faltima vez que o Santista viu seu time vencer um advers\u00e1rio, foi no long\u00ednquo 07 de Mar\u00e7o de 2020, quando atuando pelo Campeonato Paulista, o Santos bateu a equipe do Mirassol pelo placar de 3 a 1 em partida realizada na Vila Belmiro!<br \/>\nDe l\u00e1 para c\u00e1, o Santos:<\/p>\n<ol style=\"text-align: justify;\">\n<li><strong>Perdeu<\/strong> do <strong>S\u00e3o Paulo<\/strong> no Morumbi por 2 x 1 (\u00faltima partida antes da Paralisa\u00e7\u00e3o dos Jogos) <em><strong>Paulist\u00e3o<\/strong><\/em><\/li>\n<li><strong>Empatou<\/strong> com o <strong>Sto. Andr\u00e9<\/strong> por 1 x 1 na Vila Belmiro &#8211; <em><strong>Paulist\u00e3o<\/strong><\/em><\/li>\n<li><strong>Perdeu<\/strong> para o <strong>Novorizontino<\/strong> por 3 x 2 no Itaquer\u00e3o &#8211; <em><strong>Paulist\u00e3o<\/strong><\/em><\/li>\n<li><strong>Perdeu<\/strong> para a <strong>Ponte Preta<\/strong> por 3 x 1 na Vila Belmiro &#8211; <em><strong>Paulist\u00e3o<\/strong><\/em><\/li>\n<li><strong>Empatou<\/strong> com o <strong>Redbull-Bragantino<\/strong> por 1 x 1 na Vila Belmiro \u2013 <em><strong>Brasileir\u00e3o<\/strong><\/em><\/li>\n<li><strong>Perdeu<\/strong> para o <strong>Internacional-RS<\/strong> por 2 x 0 no Beira-rio &#8211; <em><strong>Brasileir\u00e3o<br \/>\n<\/strong><\/em>Ao todo j\u00e1 s\u00e3o seis jogos sem vit\u00f3ria, com quatro derrotas e dois empates.<\/li>\n<\/ol>\n<p style=\"text-align: justify;\">As estat\u00edsticas apontam que a inefici\u00eancia do ataque Santista anda proporcional as falhas do sistema defensivo mostrando a defici\u00eancia do Peixe tanto na defesa quanto no ataque!<br \/>\nComandado pelo t\u00e9cnico Cuca nessas duas primeiras partidas do Brasileir\u00e3o 2020, \u00a0o Santos finalizou apenas 16 vezes, sendo que apenas cinco delas foram na dire\u00e7\u00e3o do gol do advers\u00e1rio.<br \/>\nEm compensa\u00e7\u00e3o, a defesa Santista permitiu que os atacantes advers\u00e1rios finalizassem 43 vezes contra o gol do goleiro Vladimir.<\/p>\n<p style=\"text-align: justify;\"><strong>\u00a0 \u00a0 \u00a0 \u00a0 \u00a0 \u00a0 \u00a0 \u00a0 \u00a0 \u00a0 \u00a0 \u00a0 \u00a0 \u00a0 \u00a0 \u00a0 \u00a0 \u00a0 \u00a0 \u00a0 \u00a0 \u00a0 \u00a0 \u00a0 <span style=\"text-decoration: underline;\">Vejam as estat\u00edsticas da partida contra o internacional<\/span><\/strong><\/p>\n<p style=\"text-align: justify;\"><img data-recalc-dims=\"1\" loading=\"lazy\" decoding=\"async\" class=\"wp-image-2234 size-full aligncenter\" src=\"https:\/\/i0.wp.com\/sergiobertoldi.com\/wp-content\/uploads\/2020\/08\/a0fe69c2-b596-41be-8af8-23471d112676.jpg?resize=444%2C266&#038;ssl=1\" alt=\"\" width=\"444\" height=\"266\" \/><\/p>\n<p style=\"text-align: justify;\">Por\u00e9m mais preocupante do que os n\u00fameros que servem apenas para nos orientar, e dar um embasamento para comentarmos sobre a situa\u00e7\u00e3o, o que preocupa mesmo \u00e9 a queda vis\u00edvel e acentuada do rendimento tanto coletivo enquanto equipe, assim como tamb\u00e9m a queda individual de alguns jogadores, que brilharam em 2019.<br \/>\n\u00c9 claro que n\u00e3o vamos esquecer, nem deixar de mencionar, a perda de algumas pe\u00e7as que ajudavam e muito na qualidade do time que foi Vice-Campe\u00e3o Brasileiro do ano passado, mas hoje enxergamos com clareza o fato de quem fazia a diferen\u00e7a nesse elenco do Santos, chamava-se \u201cJorge Sampaoli\u201d<\/p>\n<blockquote>\n<p style=\"text-align: justify;\">Pois Bem! Sampaoli \u00e9 passado! Ent\u00e3o o que fazer?<\/p>\n<\/blockquote>\n<ol style=\"text-align: justify;\">\n<li><span style=\"text-decoration: underline;\"><strong>Trabalhar<\/strong><\/span>, <span style=\"text-decoration: underline;\"><strong>Trabalhar<\/strong><\/span>, <span style=\"text-decoration: underline;\"><strong>Trabalhar<\/strong><\/span>, e de prefer\u00eancia, com a Diretoria do Clube n\u00e3o atrapalhando! Como diz o velho ditado: \u201cMuito faz quem n\u00e3o atrapalha\u201d<\/li>\n<li>Pagando os jogadores em dia, j\u00e1 seria de grande ajuda para a nossa recupera\u00e7\u00e3o na competi\u00e7\u00e3o!<\/li>\n<li>Nosso treinador precisa trabalhar o emocional dos jogadores!Se alguns titulares at\u00e9 ent\u00e3o \u201cIntoc\u00e1veis\u201d, n\u00e3o est\u00e3o rendendo, que o Cuca tenha ent\u00e3o coragem para saca-los do time como fez contra o Internacional, e promover a entrada dos garotos!<br \/>\nContra o internacional, o menino Ivonei entrou muito bem, e mostrou bastante personalidade!<br \/>\nMadson provou em poucos minutos, que n\u00e3o pode jamais ser reserva do Par\u00e1.<br \/>\nPodem apostar que assim que o garoto Lucas Sena tiver uma oportunidade na lateral esquerda, Felipe Jonatan tamb\u00e9m vai para o banco!<\/li>\n<li>Dois garotos que fosse eu o treinador Cuca, eu n\u00e3o deixaria de jeito nenhum fora do time, s\u00e3o o meia esquerda canhotinho, Anderson Cear\u00e1, jogador que tem tudo para ser o novo camisa 10 do Peixe, e o atacante Allanzinho, um jogador muito r\u00e1pido, liso, driblador, e que tem caracter\u00edstica de fazer muitos gols!<\/li>\n<\/ol>\n<p style=\"text-align: justify;\">Com certeza a melhora do Santos, passa indubitavelmente, pela entrada de alguns garotos da base, no time titular!<br \/>\nFora isso, analiso que algumas coisas precisam ser corrigidas!<br \/>\nN\u00e3o sei se trata-se de uma defici\u00eancia na prepara\u00e7\u00e3o f\u00edsica do time, mas a verdade \u00e9 que para cada jogador do Santos em campo, parecia que havia dois do internacional.<br \/>\nO Santos jogou mal, n\u00e3o viu a cor da bola, nossos jogadores n\u00e3o ganham uma dividida no p\u00e9 de ferro, chegam atrasados em todas as bolas, nossos Zagueiros s\u00e3o p\u00e9ssimos no jogo a\u00e9reo, parecem jogar com pesos de 50 kg, amarrados em cada perna, n\u00e3o temos meias de qualidade que trabalhem a bola no meio de campo e etc&#8230;.<\/p>\n<p style=\"text-align: justify;\">Uma das quest\u00f5es que o t\u00e9cnico Cuca precisa corrigir com rapidez, envolve o distanciamento dos jogadores dentro de campo.\u00a0O time do Santos precisa jogar mais compactado.<br \/>\nCom os jogadores atuando distantes uns dos outros como atuam, os enormes espa\u00e7os e clar\u00f5es dentro do campo al\u00e9m de facilitarem a transi\u00e7\u00e3o dos advers\u00e1rios, propiciam muitas perdas e roubadas de bola pois jogando distantes como jogam, os erros de passe aumentam consideravelmente!<br \/>\nSe conseguir corrigir essas falhas, al\u00e9m de fazer seu Preparador F\u00edsico, \u201cOmar Feitosa\u201d , colocar o time em condi\u00e7\u00f5es f\u00edsicas em p\u00e9 de igualdade com os advers\u00e1rios, creio que ao menos o risco de um poss\u00edvel rebaixamento, n\u00e3o correremos de jeito nenhum!<\/p>\n<p style=\"text-align: justify;\">Voltando ao jogo em si, embora a vit\u00f3ria do internacional tenha sido justa e incontest\u00e1vel pois at\u00e9 o mais fan\u00e1tico torcedor Santista, sabe que o placar de 2 a 0 foi at\u00e9 modesto, perante o n\u00famero de oportunidades desperdi\u00e7adas pelo Colorado Ga\u00facho, a verdade \u00e9 que o gol do Santos foi absurdamente mal anulado!<br \/>\nPrimeiro de tudo porque o atacante do Santos, (Kaio Jorge), n\u00e3o leva a m\u00e3o a bola, mas sim a bola que rebatida no goleiro, \u00e9 que volta em dire\u00e7\u00e3o ao seu corpo!<br \/>\nE segundo e um erro mais grave ainda, foi o p\u00eanalti que houve claramente no lance, e n\u00e3o foi assinalado em preju\u00edzo duplo ao Santos!<\/p>\n<p style=\"text-align: justify;\">O Estranho \u00e9 vermos o Santos com o presidente que tem, ser prejudicado pela Arbitragem com tanta frequ\u00eancia como vemos!<br \/>\nAfinal: Como os leitores do blog poder\u00e3o conferir no \u00e1udio logo abaixo, o Presidente do Santos demonstra que tem um grande conhecimento e penetra\u00e7\u00e3o nos bastidores das principais entidades do futebol Brasileiro, Sul-americano, Mundial, e n\u00e3o dever\u00edamos estar sendo &#8220;JANTADOS&#8221;, n\u00e3o \u00e9 mesmo?\u00a0\u00a0<\/p>\n<audio class=\"wp-audio-shortcode\" id=\"audio-2232-1\" preload=\"none\" style=\"width: 100%;\" controls=\"controls\"><source type=\"audio\/mpeg\" src=\"https:\/\/sergiobertoldi.com\/wp-content\/uploads\/2020\/08\/AUD-20190817-WA0060.mp3?_=1\" \/><a href=\"https:\/\/sergiobertoldi.com\/wp-content\/uploads\/2020\/08\/AUD-20190817-WA0060.mp3\">https:\/\/sergiobertoldi.com\/wp-content\/uploads\/2020\/08\/AUD-20190817-WA0060.mp3<\/a><\/audio>\n<p style=\"text-align: justify;\">O Santos voltar\u00e1 a campo no Domingo (16), quando recebe o Athletico Paranaense-PR \u00e0s 19h45 na Vila Belmiro, pela 3\u00aa rodada do Brasileir\u00e3o.<\/p>\n<p style=\"text-align: justify;\"><span style=\"text-decoration: underline;\"><strong>FICHA T\u00c9CNICA<br \/>\n<\/strong><\/span><strong><span style=\"text-decoration: underline;\">INTERNACIONAL<\/span> 2 X 0 <span style=\"text-decoration: underline;\">SANTOS<\/span><\/strong><\/p>\n<p style=\"text-align: justify;\">Est\u00e1dio <strong>Gigante da Beira Rio &#8211; Porto Alegre (RS)<br \/>\n<\/strong>\u00c1rbitro: <strong>Marcelo de Lima Henrique (RJ)<br \/>\n<\/strong>Cart\u00f5es amarelos: <strong>Eden\u00edlson<\/strong> (Internacional); <strong>Lucas Ver\u00edssimo, Kaio Jorge e Marinho<\/strong> (Santos)<br \/>\nGOLS:\u00a0<strong>1-0 Guerrero (11&#8217;\/2T)\/\u00a02-0 Eden\u00edlson (42&#8217;\/2T)<\/strong><\/p>\n<p style=\"text-align: justify;\"><span style=\"text-decoration: underline;\"><strong>INTERNACIONAL<\/strong><\/span>: Marcelo Lomba; Saravia, Bruno Fuchs, Victor Cuesta e Mois\u00e9s; Rodrigo Lindoso, Eden\u00edlson (D&#8217;Alessandro, 45&#8217;\/2T), Boschilla (Marcos Guilherme, 41&#8217;\/2T), Patrick e Thiago Galhardo (Musto, 33&#8217;\/2T); Paolo Guerrero. Eduardo Coudet.\u00a0<br \/>\n<img data-recalc-dims=\"1\" loading=\"lazy\" decoding=\"async\" class=\"alignnone wp-image-2233\" src=\"https:\/\/i0.wp.com\/sergiobertoldi.com\/wp-content\/uploads\/2020\/08\/WhatsApp-Image-2020-08-13-at-18.30.26-485x1024.jpeg?resize=330%2C697&#038;ssl=1\" alt=\"\" width=\"330\" height=\"697\" \/><\/p>\n<p><div class=\"jetpack-video-wrapper\"><iframe loading=\"lazy\" title=\"CUCA | COLETIVA (13\/08\/20)\" width=\"800\" height=\"450\" src=\"https:\/\/www.youtube.com\/embed\/9t0BjX18aaw?feature=oembed\" frameborder=\"0\" allow=\"accelerometer; autoplay; encrypted-media; gyroscope; picture-in-picture\" allowfullscreen><\/iframe><\/div>\n<\/p>\n<p>&nbsp;<\/p>\n","protected":false},"excerpt":{"rendered":"<p>Al\u00f4 Na\u00e7\u00e3o Santista! Sauda\u00e7\u00f5es Alvinegras! Entrando em campo pela segunda rodada do Campeonato Brasileiro de 2020, a equipe do Santos<\/p>\n","protected":false},"author":2,"featured_media":0,"comment_status":"open","ping_status":"open","sticky":false,"template":"","format":"standard","meta":{"colormag_page_container_layout":"default_layout","colormag_page_sidebar_layout":"default_layout","_jetpack_memberships_contains_paid_content":false,"footnotes":""},"categories":[12,4,11,22,16],"tags":[6],"class_list":["post-2232","post","type-post","status-publish","format-standard","hentry","category-analise-e-comentario","category-bastidores-do-santos-fc","category-campeonato-brasileiro","category-entrevista-coletiva","category-resenha-do-jogo","tag-santos-fc"],"jetpack_featured_media_url":"","jetpack_likes_enabled":true,"jetpack_sharing_enabled":true,"_links":{"self":[{"href":"https:\/\/sergiobertoldi.com\/index.php\/wp-json\/wp\/v2\/posts\/2232","targetHints":{"allow":["GET"]}}],"collection":[{"href":"https:\/\/sergiobertoldi.com\/index.php\/wp-json\/wp\/v2\/posts"}],"about":[{"href":"https:\/\/sergiobertoldi.com\/index.php\/wp-json\/wp\/v2\/types\/post"}],"author":[{"embeddable":true,"href":"https:\/\/sergiobertoldi.com\/index.php\/wp-json\/wp\/v2\/users\/2"}],"replies":[{"embeddable":true,"href":"https:\/\/sergiobertoldi.com\/index.php\/wp-json\/wp\/v2\/comments?post=2232"}],"version-history":[{"count":4,"href":"https:\/\/sergiobertoldi.com\/index.php\/wp-json\/wp\/v2\/posts\/2232\/revisions"}],"predecessor-version":[{"id":2242,"href":"https:\/\/sergiobertoldi.com\/index.php\/wp-json\/wp\/v2\/posts\/2232\/revisions\/2242"}],"wp:attachment":[{"href":"https:\/\/sergiobertoldi.com\/index.php\/wp-json\/wp\/v2\/media?parent=2232"}],"wp:term":[{"taxonomy":"category","embeddable":true,"href":"https:\/\/sergiobertoldi.com\/index.php\/wp-json\/wp\/v2\/categories?post=2232"},{"taxonomy":"post_tag","embeddable":true,"href":"https:\/\/sergiobertoldi.com\/index.php\/wp-json\/wp\/v2\/tags?post=2232"}],"curies":[{"name":"wp","href":"https:\/\/api.w.org\/{rel}","templated":true}]}}