{"id":219,"date":"2019-09-21T09:00:39","date_gmt":"2019-09-21T12:00:39","guid":{"rendered":"http:\/\/sergiobertoldi.com\/?p=219"},"modified":"2019-09-21T12:32:49","modified_gmt":"2019-09-21T15:32:49","slug":"uma-vaga-para-salvar-o-ano","status":"publish","type":"post","link":"https:\/\/sergiobertoldi.com\/index.php\/2019\/09\/21\/uma-vaga-para-salvar-o-ano\/","title":{"rendered":"Uma vaga para salvar o Ano"},"content":{"rendered":"\n<p>Al\u00f4\nNa\u00e7\u00e3o Santista! Sauda\u00e7\u00f5es Alvinegras!<\/p>\n\n\n\n<p>O Santos inicia neste s\u00e1bado (21), logo mais \u00e0 noite contra\no Gr\u00eamio Porto-alegrense, exatas e derradeiras \u201c19 finais de Campeonato\u201d!<\/p>\n\n\n\n<p>Quando entrarem em campo pisando o m\u00edstico gramado da Vila\nBelmiro \u00e0s 21:00h, o T\u00e9cnico Jorge Sampaoli e seus pupilos, ter\u00e3o exatos, pouco\nmenos de tr\u00eas meses e meio e 19 rodadas, para salvarem um ano marcado por\nmuitas expectativas mas n\u00e3o menos \u201cDecep\u00e7\u00f5es\u201d<\/p>\n\n\n\n<p>E o que seria \u201cSalvar o ano Santista\u201d?<\/p>\n\n\n\n<p>Acredito ser consenso, de que hoje pelo investimento\nrealizado na montagem do elenco, uma vaga para estar na elite da Libertadores\n2020 seja quase uma obriga\u00e7\u00e3o!&nbsp; <\/p>\n\n\n\n<p>Apesar de abrir os cofres e realizar o maior investimento em\ncontrata\u00e7\u00f5es em toda a hist\u00f3ria do clube, dentro de campo a coisa n\u00e3o teve o\nretorno esperado!<\/p>\n\n\n\n<p>Quatorze contrata\u00e7\u00f5es que custaram juntas aos cofres do\nSantos Futebol Clube, nada mais, nada menos, do que um gasto superior a R$ 85\nmilh\u00f5es. <\/p>\n\n\n\n<p><strong>Contrata\u00e7\u00f5es do Santos\nentre 2018 e 2019:<\/strong><\/p>\n\n\n\n<p><strong>Goleiro<\/strong>: Everson<\/p>\n\n\n\n<p><strong>Zagueiros<\/strong>: Felipe\nAguilar e Luan Peres<\/p>\n\n\n\n<p><strong>Laterais<\/strong>: Jorge,\nFelipe Jonatan, Alan Cardoso e Par\u00e1<\/p>\n\n\n\n<p>Volantes: Jobson e Jean Lucas (j\u00e1 saiu do clube)<\/p>\n\n\n\n<p>Meias: Cueva e Evandro<\/p>\n\n\n\n<p>Atacantes: Soteldo, Derlis Gonz\u00e1lez, Marinho, Lucas Venuto e\nUribe<\/p>\n\n\n\n<p>O Santos caminha para chegar ao final da temporada 2019, com\no saldo de tr\u00eas elimina\u00e7\u00f5es em quatro torneios em que disputou no ano!<\/p>\n\n\n\n<p>O \u00fanico torneio que ainda gera alguma expectativa e alguma esperan\u00e7a ao torcedor Santista, para comemorar algo em 2019, \u00e9 o Campeonato Brasileiro, no qual o time fez uma \u00f3tima Campanha no Primeiro Turno, terminando classificado na terceira posi\u00e7\u00e3o com 37 pontos, somente atr\u00e1s de Palmeiras com 39 e Flamengo liderando o campeonato com 42 pontos tendo apenas duas vit\u00f3rias \u00e0 mais do que o Santos! <\/p>\n\n\n\n<p>Apesar de encontrar-se bem posicionado na tabela de\nclassifica\u00e7\u00e3o, uma pergunta ronda a cabe\u00e7a do torcedor Santista. Que Santos\npoderemos esperar neste Segundo Turno?<\/p>\n\n\n\n<p>O Santos que jogando com a for\u00e7a de uma Vila Belmiro lotada,\nconquistou uma sequ\u00eancia de sete vit\u00f3rias seguidas e consequentemente a\nlideran\u00e7a do Campeonato, ou o Santos que na mesma Vila lotada, empatou com o\nFortaleza em 3 x 3 depois de estar vencendo por 3 x 0, e empatou em 1 x 1 com o\ntime reserva do Atl\u00e9tico Paranaense, ap\u00f3s estar perdendo por 1 x 0 at\u00e9 minutos\nfinais da partida? <\/p>\n\n\n\n<p>\u00c9 Bom lembrar que um fator preponderante, ter\u00e1 influ\u00eancia direta nos planos e pretens\u00f5es do Santos. Ao contr\u00e1rio do \u201cPrimeiro Turno\u201d, quando as precoces elimina\u00e7\u00f5es na Copa Sul-Americana e Copa do Brasil, permitiram ao Santos concentrar suas for\u00e7as apenas na disputa do Brasileir\u00e3o, \u00e0 partir de hoje, o Alvinegro Praiano entra em uma maratona, pois come\u00e7a a ter que jogar tamb\u00e9m no meio de semana. E como diz o ditado, que:&#8221;N\u00e3o h\u00e1 nada que j\u00e1 esteja ruim que n\u00e3o possa piorar&#8221;, o Santos ainda ter\u00e1 que lidar com as malfadas \u201cDatas FIFA\u201d, que at\u00e9 o final do ano com certeza desfalcar\u00e3o o Santos de seus principais titulares!<\/p>\n\n\n\n<p><strong>Retrospecto&nbsp;&nbsp;&nbsp;&nbsp; <\/strong><strong><\/strong><\/p>\n\n\n\n<p><strong>Santos<\/strong> e <strong>Gr\u00eamio<\/strong> j\u00e1 se enfrentaram <strong>88 <\/strong><strong>vezes<\/strong> ao\nlongo da hist\u00f3ria.<\/p>\n\n\n\n<p>Foram\n<strong>36<\/strong> <strong>vit\u00f3rias\n<\/strong>do Santos, contra <strong>28<\/strong> <strong>vit\u00f3rias<\/strong>\ndo Gr\u00eamio e <strong>24<\/strong> <strong>empates<\/strong>.\n<\/p>\n\n\n\n<p>O\nPeixe marcou <strong>118<\/strong> <strong>gols\n<\/strong>e\nsofreu <strong>96<\/strong> <strong>Saldo<\/strong> de <strong>+22<\/strong><\/p>\n\n\n\n<p>Em <strong>Campeonatos\nBrasileiros <\/strong>&nbsp;Desde o primeiro confronto,\nforam <strong>68<\/strong> <strong>jogos<\/strong>,\ncom <strong>27<\/strong> <strong>vit\u00f3rias<\/strong>\ndo\nSantos, contra <strong>20 <\/strong><strong>vit\u00f3rias <\/strong>do Gr\u00eamio e <strong>21<\/strong> <strong>empates<\/strong>.\nO\ntime da Baixada Santista marcou <strong>69 <\/strong><strong>gols<\/strong> e sofreu <strong>62<\/strong>.<\/p>\n\n\n\n<p>No \u00faltimo confronto, v\u00e1lido pelo <strong>Campeonato Brasileiro<\/strong>&nbsp; de <strong>2019<\/strong>, a partida terminou com (vit\u00f3ria do Santos) pelo\nplacar de 2X1 o jogo foi realizado na (Arena do Gr\u00eamio)<\/p>\n\n\n\n<p>O prov\u00e1vel 11 Santista para pegar o Gr\u00eamio pela 20\u00aa rodada do Campeonato Brasileiro vai \u00e0 Campo com: Everson, Victor Ferraz, Lucas Ver\u00edssimo, Felipe Aguilar e Jorge; Alison, Diego Pituca e Carlos S\u00e1nchez; Marinho, Soteldo e Eduardo Sasha.<\/p>\n\n\n\n<p> (foto: Divulga\u00e7\u00e3o\/Conmebol) <\/p>\n\n\n\n<p><\/p>\n\n\n\n<p><\/p>\n","protected":false},"excerpt":{"rendered":"<p>Al\u00f4 Na\u00e7\u00e3o Santista! Sauda\u00e7\u00f5es Alvinegras! O Santos inicia neste s\u00e1bado (21), logo mais \u00e0 noite contra o Gr\u00eamio Porto-alegrense, exatas<\/p>\n","protected":false},"author":2,"featured_media":0,"comment_status":"open","ping_status":"open","sticky":false,"template":"","format":"standard","meta":{"colormag_page_container_layout":"default_layout","colormag_page_sidebar_layout":"default_layout","_jetpack_memberships_contains_paid_content":false,"footnotes":""},"categories":[12,11,5],"tags":[6],"class_list":["post-219","post","type-post","status-publish","format-standard","hentry","category-analise-e-comentario","category-campeonato-brasileiro","category-futebol","tag-santos-fc"],"jetpack_featured_media_url":"","jetpack_likes_enabled":true,"jetpack_sharing_enabled":true,"_links":{"self":[{"href":"https:\/\/sergiobertoldi.com\/index.php\/wp-json\/wp\/v2\/posts\/219","targetHints":{"allow":["GET"]}}],"collection":[{"href":"https:\/\/sergiobertoldi.com\/index.php\/wp-json\/wp\/v2\/posts"}],"about":[{"href":"https:\/\/sergiobertoldi.com\/index.php\/wp-json\/wp\/v2\/types\/post"}],"author":[{"embeddable":true,"href":"https:\/\/sergiobertoldi.com\/index.php\/wp-json\/wp\/v2\/users\/2"}],"replies":[{"embeddable":true,"href":"https:\/\/sergiobertoldi.com\/index.php\/wp-json\/wp\/v2\/comments?post=219"}],"version-history":[{"count":3,"href":"https:\/\/sergiobertoldi.com\/index.php\/wp-json\/wp\/v2\/posts\/219\/revisions"}],"predecessor-version":[{"id":223,"href":"https:\/\/sergiobertoldi.com\/index.php\/wp-json\/wp\/v2\/posts\/219\/revisions\/223"}],"wp:attachment":[{"href":"https:\/\/sergiobertoldi.com\/index.php\/wp-json\/wp\/v2\/media?parent=219"}],"wp:term":[{"taxonomy":"category","embeddable":true,"href":"https:\/\/sergiobertoldi.com\/index.php\/wp-json\/wp\/v2\/categories?post=219"},{"taxonomy":"post_tag","embeddable":true,"href":"https:\/\/sergiobertoldi.com\/index.php\/wp-json\/wp\/v2\/tags?post=219"}],"curies":[{"name":"wp","href":"https:\/\/api.w.org\/{rel}","templated":true}]}}