{"id":2138,"date":"2020-08-06T06:00:31","date_gmt":"2020-08-06T09:00:31","guid":{"rendered":"https:\/\/sergiobertoldi.com\/?p=2138"},"modified":"2020-08-05T23:16:18","modified_gmt":"2020-08-06T02:16:18","slug":"demissao-acertada-corrige-contratacao-errada","status":"publish","type":"post","link":"https:\/\/sergiobertoldi.com\/index.php\/2020\/08\/06\/demissao-acertada-corrige-contratacao-errada\/","title":{"rendered":"Demiss\u00e3o acertada corrige contrata\u00e7\u00e3o errada"},"content":{"rendered":"<p><span style=\"font-size: 14pt;\"><strong><u>Al\u00f4 Na\u00e7\u00e3o Santista! Sauda\u00e7\u00f5es Alvinegras!<\/u><\/strong><\/span><\/p>\n<p>E aconteceu o que era o esperado!<\/p>\n<p>O t\u00e9cnico Jesualdo Ferreira n\u00e3o \u00e9 mais o Treinador do Santos!<\/p>\n<p>Pressionado por maus resultados que culminaram com a elimina\u00e7\u00e3o precoce da equipe do Santos ainda nas quartas de finais do Campeonato Paulista, de onde viu seus pupilos serem eliminados da competi\u00e7\u00e3o jogando em casa contra a fraca Ponte Preta, advers\u00e1rio que escapou do rebaixamento apenas na \u00faltima rodada da fase de classifica\u00e7\u00e3o, o portugu\u00eas Jesualdo Ferreira de 74 anos, n\u00e3o resistiu aos maus resultados e reunido com sua comiss\u00e3o t\u00e9cnica na tarde desta quarta-feira no CT Rei Pel\u00e9, foi comunicado oficialmente pela Diretoria do clube que seus servi\u00e7os seriam dispensados!<br \/>\nO agora ex treinador do peixe, foi demitido antes mesmo que o treino da tarde tivesse seu in\u00edcio.<\/p>\n<p><strong>\u00a0 \u00a0 \u00a0 \u00a0 \u00a0 \u00a0 \u00a0 \u00a0 \u00a0 \u00a0 \u00a0 \u00a0 \u00a0 \u00a0 \u00a0 \u00a0 \u00a0 \u00a0 \u00a0 \u00a0 \u00a0 \u00a0 <span style=\"text-decoration: underline;\">O Santos emitiu em seu site um comunicado oficial:<\/span><\/strong><\/p>\n<p><img data-recalc-dims=\"1\" loading=\"lazy\" decoding=\"async\" class=\"size-medium wp-image-1746 aligncenter\" src=\"https:\/\/i0.wp.com\/sergiobertoldi.com\/wp-content\/uploads\/2020\/06\/Comunicado-Novo-300x130.jpg?resize=300%2C130&#038;ssl=1\" alt=\"\" width=\"300\" height=\"130\" \/><\/p>\n<p style=\"text-align: justify;\"><strong><em>&#8220;A dire\u00e7\u00e3o do Santos Futebol Clube comunica que Jesualdo Ferreira n\u00e3o \u00e9 mais treinador da equipe profissional. O clube agradece o extremo profissionalismo do t\u00e9cnico durante o tempo em que esteve no comando do Peixe e deseja sorte na continuidade de sua carreira.<\/em><\/strong><br \/>\n<strong><em>Os auxiliares Rui \u00c1guas, Antonio Oliveira, Daniel Gon\u00e7alves e Pedro Bou\u00e7as, e o preparador Jos\u00e9 Pedro Pinto, tamb\u00e9m n\u00e3o seguem no Santos FC.&#8221;<\/em><\/strong><\/p>\n<p>N\u00e3o se pode dizer que a demiss\u00e3o do treinador, seja de toda uma surpresa!<br \/>\nSurpresa na verdade, foi a sua contrata\u00e7\u00e3o, e sobre isso comentamos aqui mesmo em mais de uma edi\u00e7\u00e3o do Blog, quando do an\u00fancio da escolha de seu nome para substituir ao treinador Jorge Sampaoli.<\/p>\n<p>Pelo alto desempenho da equipe dentro de campo, jogando um futebol que encanta o torcedor Santista, pois \u00e9 o futebol que fez do Santos o time mais conhecido no mundo todo, Jorge Sampaoli transformou por si s\u00f3, a miss\u00e3o de substitu\u00ed-lo, uma miss\u00e3o ingl\u00f3ria para qualquer treinador que o sucedesse!<\/p>\n<p>N\u00e3o bastasse isso, Jesualdo Ferreira chegou ao Santos com uma metodologia de trabalho e um estilo de jogo, completamente antag\u00f4nicos ao futebol que os jogadores do Santos estavam acostumados e treinados para jogar!<br \/>\nFoi literalmente como jogar baldes de gelo em uma fogueira!<br \/>\nLogo de in\u00edcio, ainda nos primeiros dias da pr\u00e9 temporada, j\u00e1 ficava n\u00edtida a diferen\u00e7a de estilos e a insatisfa\u00e7\u00e3o dos jogadores em rela\u00e7\u00e3o a diferen\u00e7a de trabalhos!<\/p>\n<blockquote>\n<p>De repente era como se o time acostumado a jogar ligado \u00e0 uma tomada 220v, passasse a jogar movido \u00e0 corda!<\/p>\n<\/blockquote>\n<p>E n\u00e3o eram apenas os treinos, ou a maneira como taticamente o treinador armava a equipe! Ao Contr\u00e1rio de seu antecessor que pilhado o tempo todo, extra\u00eda \u00e0 beira do gramado 150% do que os jogadores poderiam entregar em campo, Jesualdo comandava o Santos \u00e0 Beira do Gramado com o mesmo sil\u00eancio e passividade de quem assiste uma \u00f3pera!<\/p>\n<p>O fraco desempenho de sua passagem, se reflete em n\u00fameros incontest\u00e1veis:<br \/>\n<u>Desempenho do T\u00e9cnico <strong>Jesualdo Ferreira<\/strong> no Comando do Santos! <\/u><\/p>\n<p><strong><u>Jesualdo Ferreira<\/u><\/strong><u> estreou no Comando do Santos no dia 23 de Janeiro de 2020, na primeira rodada do Campeonato Paulista contra o RedBull-Bragantino na Vila Belmiro!<\/u><u>\u00a0 \u00a0\u00a0<\/u><\/p>\n<table style=\"border-collapse: collapse; width: 23.2727%;\">\n<tbody>\n<tr>\n<td style=\"width: 16.9091%;\"><span style=\"font-family: georgia, palatino, serif;\">JOGOS<\/span><\/td>\n<td style=\"width: 6.36363%;\">\u00a0 <strong>15<\/strong><\/td>\n<\/tr>\n<tr>\n<td style=\"width: 16.9091%;\"><span style=\"font-family: georgia, palatino, serif;\">VIT\u00d3RIAS<\/span><\/td>\n<td style=\"width: 6.36363%;\">\u00a0 <strong>06<\/strong><\/td>\n<\/tr>\n<tr>\n<td style=\"width: 16.9091%;\"><span style=\"font-family: georgia, palatino, serif;\">EMPATES<\/span><\/td>\n<td style=\"width: 6.36363%;\">\u00a0 <strong>04<\/strong><\/td>\n<\/tr>\n<tr>\n<td style=\"width: 16.9091%;\"><span style=\"font-family: georgia, palatino, serif;\">DERROTAS<\/span><\/td>\n<td style=\"width: 6.36363%;\">\u00a0 <strong>05<\/strong><\/td>\n<\/tr>\n<tr>\n<td style=\"width: 16.9091%;\"><span style=\"font-family: georgia, palatino, serif;\">GOLS A FAVOR<\/span><\/td>\n<td style=\"width: 6.36363%;\">\u00a0 <strong>17<\/strong><\/td>\n<\/tr>\n<tr>\n<td style=\"width: 16.9091%;\"><span style=\"font-family: georgia, palatino, serif;\">GOLS CONTRA<\/span><\/td>\n<td style=\"width: 6.36363%;\">\u00a0 <strong>16<\/strong><\/td>\n<\/tr>\n<tr>\n<td style=\"width: 16.9091%;\"><span style=\"font-family: georgia, palatino, serif;\">SALDO D\/ G<\/span><span style=\"font-family: georgia, palatino, serif;\">OLS<\/span><\/td>\n<td style=\"width: 6.36363%;\">\u00a0<strong>+01<\/strong><\/td>\n<\/tr>\n<tr>\n<td style=\"width: 16.9091%;\"><span style=\"font-family: georgia, palatino, serif;\">Vit\u00f3rias em casa<\/span><\/td>\n<td style=\"width: 6.36363%;\">\u00a0 <strong>04<\/strong><\/td>\n<\/tr>\n<tr>\n<td style=\"width: 16.9091%;\"><span style=\"font-family: georgia, palatino, serif;\">Empates em casa<\/span><\/td>\n<td style=\"width: 6.36363%;\">\u00a0 <strong>03<\/strong><\/td>\n<\/tr>\n<tr>\n<td style=\"width: 16.9091%;\"><span style=\"font-family: georgia, palatino, serif;\">Derrotas em casa<\/span><\/td>\n<td style=\"width: 6.36363%;\">\u00a0 <strong>01<\/strong><\/td>\n<\/tr>\n<\/tbody>\n<\/table>\n<table style=\"border-collapse: collapse; width: 23.2728%;\">\n<tbody>\n<tr>\n<td style=\"width: 17.0303%;\"><span style=\"font-family: georgia, palatino, serif;\">Vit\u00f3rias fora\/casa<\/span><\/td>\n<td style=\"width: 5.15464%;\">\u00a0 <strong>02<\/strong><\/td>\n<\/tr>\n<tr>\n<td style=\"width: 17.0303%;\"><span style=\"font-family: georgia, palatino, serif;\">Empates fora\/casa<\/span><\/td>\n<td style=\"width: 5.15464%;\">\u00a0 <strong>01<\/strong><\/td>\n<\/tr>\n<tr>\n<td style=\"width: 17.0303%;\"><span style=\"font-family: georgia, palatino, serif;\">Derrotas fora\/casa<\/span><\/td>\n<td style=\"width: 5.15464%;\">\u00a0 <strong>04<\/strong><\/td>\n<\/tr>\n<\/tbody>\n<\/table>\n<p>Com a sa\u00edda do treinador e sua Comiss\u00e3o T\u00e9cnica, o Santos precisa correr contra o tempo se quiser apresentar um novo treinador antes da primeira rodada do Brasileir\u00e3o 2020.<br \/>\nA Diretoria do clube tem apenas tr\u00eas dias para achar um novo treinador, miss\u00e3o um tanto complicada para um clube que no momento, tem na pra\u00e7a fama de caloteiro!<\/p>\n<p>Al\u00e9m de se preocupar com a contrata\u00e7\u00e3o de um novo treinador, o Santos primeiro ter\u00e1 que entrar em um acordo com o t\u00e9cnico e o restante da comiss\u00e3o, com rela\u00e7\u00e3o aos valores referentes a rescis\u00e3o de contrato.<br \/>\nEntre sal\u00e1rios, direitos de imagem atrasados, multa contratual e etc&#8230;, o Santos pode ter que desembolsar algo entre cinco e sete milh\u00f5es para o acerto com toda a Comiss\u00e3o T\u00e9cnica.<\/p>\n<p><img data-recalc-dims=\"1\" loading=\"lazy\" decoding=\"async\" class=\"alignnone wp-image-2139 size-medium\" src=\"https:\/\/i0.wp.com\/sergiobertoldi.com\/wp-content\/uploads\/2020\/08\/WhatsApp-Image-2020-06-25-at-18.57.43-300x200.jpeg?resize=300%2C200&#038;ssl=1\" alt=\"\" width=\"300\" height=\"200\" \/> <img data-recalc-dims=\"1\" loading=\"lazy\" decoding=\"async\" class=\"alignnone wp-image-2090 size-medium\" src=\"https:\/\/i0.wp.com\/sergiobertoldi.com\/wp-content\/uploads\/2020\/07\/20201221450749g-300x210.jpg?resize=300%2C210&#038;ssl=1\" alt=\"\" width=\"300\" height=\"210\" \/><\/p>\n<p>Neste momento a informa\u00e7\u00e3o obtida pelo Blog, aponta \u201cAlexi Stival\u201d, mais conhecido como Cuca, como o nome favorito do Presidente Peres e do Comit\u00ea Gestor, para substituir ao t\u00e9cnico Jesualdo Ferreira!<\/p>\n<p><img data-recalc-dims=\"1\" loading=\"lazy\" decoding=\"async\" class=\"alignnone size-medium wp-image-1403\" src=\"https:\/\/i0.wp.com\/sergiobertoldi.com\/wp-content\/uploads\/2020\/03\/5be5d6ecb47f3d9499000001-300x170.jpg?resize=300%2C170&#038;ssl=1\" alt=\"\" width=\"300\" height=\"170\" \/><\/p>\n<p>A Pergunta que fica \u00e9:<br \/>\nCuca que deixou o Santos ao final de 2018, tecendo duras cr\u00edticas a bagun\u00e7a que estava o clube, criticando a administra\u00e7\u00e3o e a maneira como o Santas estava sendo conduzido, voltaria agora para fazer o que, sendo que a situa\u00e7\u00e3o atual \u00e9 10 vezes pior do que aquela que ele j\u00e1 criticava?<\/p>\n<div style=\"width: 480px;\" class=\"wp-video\"><video class=\"wp-video-shortcode\" id=\"video-2138-1\" width=\"480\" height=\"264\" preload=\"metadata\" controls=\"controls\"><source type=\"video\/mp4\" src=\"https:\/\/sergiobertoldi.com\/wp-content\/uploads\/2020\/08\/WhatsApp-Video-2020-07-21-at-22.10.07.mp4?_=1\" \/><a href=\"https:\/\/sergiobertoldi.com\/wp-content\/uploads\/2020\/08\/WhatsApp-Video-2020-07-21-at-22.10.07.mp4\">https:\/\/sergiobertoldi.com\/wp-content\/uploads\/2020\/08\/WhatsApp-Video-2020-07-21-at-22.10.07.mp4<\/a><\/video><\/div>\n<p>&nbsp;<\/p>\n<p>Para finalizar deixo para a analise dos meus leitores, meu pensamento com rela\u00e7\u00e3o a demiss\u00e3o do treinador Jesualdo Ferreira.<\/p>\n<ol>\n<li>Para come\u00e7ar n\u00e3o deveria nem ter vindo!<\/li>\n<li>Quem analisou seu Curriculum, no m\u00ednimo desconhecia completamento a hist\u00f3ria do Santos e sua maneira de jogar!<\/li>\n<li>Tratava-se \u00e0 \u00e9poca, de um treinador aposentado h\u00e1 pelo menos seis meses, onde sua atua\u00e7\u00e3o no meio futebol\u00edstico, se resumia apenas a comentarista em um canal de esportes da TV Portuguesa, al\u00e9m de um curriculum cujo maior feito com quase quarenta anos como treinador, havia sido um tricampeonato Portugu\u00eas no tri\u00eanio 2006-2007-2008.<br \/>\nOu seja: O Auge de sua carreira ocorreu h\u00e1 12 anos!<br \/>\nS\u00f3 n\u00e3o viu que essa aventura n\u00e3o daria certo, os inteligentes que dirigem o clube, ou quem n\u00e3o quis mesmo!<\/li>\n<\/ol>\n<p>Embora em minha sincera opini\u00e3o, como treinador o senhor Jesualdo Ferreira dificilmente encaixaria um bom trabalho no Santos, por tudo o que j\u00e1 foi destacado, e acho mesmo que insistir em sua perman\u00eancia seria um erro, n\u00e3o posso deixar de expressar minha tristeza como torcedor, por ver que mais uma pessoa que tinha uma imagem maravilhosa sobre o que imaginava ser o grande Santos de Pel\u00e9 e Companhia, chega ao Santos, conhece o clube, e sai daqui indo embora, bastante decepcionado com a realidade que encontra no clube!<br \/>\nJ\u00e1 houvera sido assim com o t\u00e9cnico Jorge Sampaoli, e agora se repete com o Portugu\u00eas Jesualdo Ferreira, que certamente comentar\u00e1 em Portugal, o que \u00e9 o Santos Futebol Clube!<\/p>\n<p>Triste pois tenho a impress\u00e3o, de ter sido algu\u00e9m que apesar de n\u00e3o ter nascido Santista, admirava o Santos como jamais vi outro treinador vindo de fora, admirar!<br \/>\nQue de agora em diante, nossos dirigentes tomem mais cuidado com o que est\u00e3o fazendo com a imagem do Santos, cada vez mais arranhada!<\/p>\n<p><img data-recalc-dims=\"1\" loading=\"lazy\" decoding=\"async\" class=\"alignnone size-medium wp-image-986\" src=\"https:\/\/i0.wp.com\/sergiobertoldi.com\/wp-content\/uploads\/2020\/01\/WhatsApp-Image-2020-01-07-at-21.22.06-300x200.jpeg?resize=300%2C200&#038;ssl=1\" alt=\"\" width=\"300\" height=\"200\" \/> <img data-recalc-dims=\"1\" loading=\"lazy\" decoding=\"async\" class=\"alignnone size-medium wp-image-985\" src=\"https:\/\/i0.wp.com\/sergiobertoldi.com\/wp-content\/uploads\/2020\/01\/WhatsApp-Image-2020-01-07-at-21.22.05-300x200.jpeg?resize=300%2C200&#038;ssl=1\" alt=\"\" width=\"300\" height=\"200\" \/><\/p>\n<p><img data-recalc-dims=\"1\" loading=\"lazy\" decoding=\"async\" class=\"alignnone size-medium wp-image-979\" src=\"https:\/\/i0.wp.com\/sergiobertoldi.com\/wp-content\/uploads\/2020\/01\/WhatsApp-Image-2020-01-07-Foto-01-300x200.jpeg?resize=300%2C200&#038;ssl=1\" alt=\"\" width=\"300\" height=\"200\" \/> <img data-recalc-dims=\"1\" loading=\"lazy\" decoding=\"async\" class=\"alignnone size-medium wp-image-1078\" src=\"https:\/\/i0.wp.com\/sergiobertoldi.com\/wp-content\/uploads\/2020\/01\/49426664283_88a542438c_c-300x200.jpg?resize=300%2C200&#038;ssl=1\" alt=\"\" width=\"300\" height=\"200\" \/><\/p>\n<p><img data-recalc-dims=\"1\" loading=\"lazy\" decoding=\"async\" class=\"alignnone size-medium wp-image-1696\" src=\"https:\/\/i0.wp.com\/sergiobertoldi.com\/wp-content\/uploads\/2020\/06\/81278232_2435138053280818_7293323779684433920_n-300x300.jpg?resize=300%2C300&#038;ssl=1\" alt=\"\" width=\"300\" height=\"300\" \/><\/p>\n<p><strong>(Cr\u00e9dito: Imagem: Ivan Storti\/Divulga\u00e7\u00e3o\/Santos FC)<\/strong><\/p>\n<p>&nbsp;<\/p>\n<p>&nbsp;<\/p>\n<p>&nbsp;<\/p>\n","protected":false},"excerpt":{"rendered":"<p>Al\u00f4 Na\u00e7\u00e3o Santista! Sauda\u00e7\u00f5es Alvinegras! E aconteceu o que era o esperado! O t\u00e9cnico Jesualdo Ferreira n\u00e3o \u00e9 mais o<\/p>\n","protected":false},"author":2,"featured_media":0,"comment_status":"open","ping_status":"open","sticky":false,"template":"","format":"standard","meta":{"colormag_page_container_layout":"default_layout","colormag_page_sidebar_layout":"default_layout","_jetpack_memberships_contains_paid_content":false,"footnotes":""},"categories":[12,4,32],"tags":[6],"class_list":["post-2138","post","type-post","status-publish","format-standard","hentry","category-analise-e-comentario","category-bastidores-do-santos-fc","category-treinador-santista","tag-santos-fc"],"jetpack_featured_media_url":"","jetpack_likes_enabled":true,"jetpack_sharing_enabled":true,"_links":{"self":[{"href":"https:\/\/sergiobertoldi.com\/index.php\/wp-json\/wp\/v2\/posts\/2138","targetHints":{"allow":["GET"]}}],"collection":[{"href":"https:\/\/sergiobertoldi.com\/index.php\/wp-json\/wp\/v2\/posts"}],"about":[{"href":"https:\/\/sergiobertoldi.com\/index.php\/wp-json\/wp\/v2\/types\/post"}],"author":[{"embeddable":true,"href":"https:\/\/sergiobertoldi.com\/index.php\/wp-json\/wp\/v2\/users\/2"}],"replies":[{"embeddable":true,"href":"https:\/\/sergiobertoldi.com\/index.php\/wp-json\/wp\/v2\/comments?post=2138"}],"version-history":[{"count":6,"href":"https:\/\/sergiobertoldi.com\/index.php\/wp-json\/wp\/v2\/posts\/2138\/revisions"}],"predecessor-version":[{"id":2147,"href":"https:\/\/sergiobertoldi.com\/index.php\/wp-json\/wp\/v2\/posts\/2138\/revisions\/2147"}],"wp:attachment":[{"href":"https:\/\/sergiobertoldi.com\/index.php\/wp-json\/wp\/v2\/media?parent=2138"}],"wp:term":[{"taxonomy":"category","embeddable":true,"href":"https:\/\/sergiobertoldi.com\/index.php\/wp-json\/wp\/v2\/categories?post=2138"},{"taxonomy":"post_tag","embeddable":true,"href":"https:\/\/sergiobertoldi.com\/index.php\/wp-json\/wp\/v2\/tags?post=2138"}],"curies":[{"name":"wp","href":"https:\/\/api.w.org\/{rel}","templated":true}]}}