{"id":2134,"date":"2020-08-04T10:00:19","date_gmt":"2020-08-04T13:00:19","guid":{"rendered":"https:\/\/sergiobertoldi.com\/?p=2134"},"modified":"2020-08-04T10:13:31","modified_gmt":"2020-08-04T13:13:31","slug":"jose-carlos-peres-sofre-nova-derrota-e-ve-confirmado-o-parecer-que-reprovou-suas-contas","status":"publish","type":"post","link":"https:\/\/sergiobertoldi.com\/index.php\/2020\/08\/04\/jose-carlos-peres-sofre-nova-derrota-e-ve-confirmado-o-parecer-que-reprovou-suas-contas\/","title":{"rendered":"Jos\u00e9 Carlos Peres sofre nova derrota e v\u00ea confirmado o parecer que reprovou suas contas"},"content":{"rendered":"<p><span style=\"font-size: 14pt;\"><strong><u>Al\u00f4 Na\u00e7\u00e3o Santista! Sauda\u00e7\u00f5es Alvinegras!<\/u><\/strong><\/span><\/p>\n<p style=\"text-align: justify;\">O Conselho Deliberativo do Santos Futebol Clube, esteve mais uma vez reunido em car\u00e1ter de \u201cSess\u00e3o Extraordin\u00e1ria\u201d, que foi realizada na noite desta \u00faltima segunda-feira 03 de Agosto de 2020, com primeira convoca\u00e7\u00e3o \u00e0s 19h00 e segunda convoca\u00e7\u00e3o \u00e0s 19h30, em assembleia tendo como finalidade, analisar e posteriormente colocar em vota\u00e7\u00e3o, o parecer que j\u00e1 havia sido dado pela Comiss\u00e3o de Inqu\u00e9rito e Sindic\u00e2ncia (CIS), e que ap\u00f3s defesa apresentada pelo Presidente Jos\u00e9 Carlos Peres sobre as contas referentes ao exerc\u00edcio de 2019, recebeu por parte do Conselho Fiscal, um novo parecer sobre o balan\u00e7o financeiro do Clube, reafirmando a \u00a0recomenda\u00e7\u00e3o indicando a reprova\u00e7\u00e3o das contas.<\/p>\n<p style=\"text-align: justify;\">Em decorr\u00eancia da Pandemia, a reuni\u00e3o foi mais uma vez realizada em formato virtual digital, (Videoconfer\u00eancia), e assim como j\u00e1 houvera ocorrido a exatos 34 dias, quando na noite de 30 de Junho, os conselheiros do clube votaram pela reprova\u00e7\u00e3o das contas da gest\u00e3o do presidente Jos\u00e9 Carlos Peres, referentes ao exerc\u00edcio de 2019, agora pouco mais de um m\u00eas depois, o resultado de reprova\u00e7\u00e3o, se repete, imputando ao Presidente, mais uma dura derrota dentro do Conselho Deliberativo.<br \/>\nPor ampla margem de votos as contas foram novamente reprovadas, complicando e maculando mais ainda a atual gest\u00e3o do Mandat\u00e1rio Santista!<\/p>\n<p style=\"text-align: justify;\"><strong><u>Confira o resultado final da vota\u00e7\u00e3o:<\/u><\/strong><\/p>\n<ul style=\"text-align: justify;\">\n<li><strong>170 <\/strong>votosa favor da reprova\u00e7\u00e3o das contas;<\/li>\n<li><strong>03<\/strong> votos contra a reprova\u00e7\u00e3o das contas;<\/li>\n<li><strong>03<\/strong> absten\u00e7\u00f5es.<\/li>\n<\/ul>\n<p style=\"text-align: justify;\">Mesmo apresentando um \u201cSuposto\u201d superavit de R$ 23,5 milh\u00f5es, em decorr\u00eancia da venda do jogador Rodrygo G\u00f3es ao clube espanhol Real Madrid, os Conselheiros em maioria esmagadora, deram anu\u00eancia ao parecer elaborado pelo Conselho Fiscal, que orientava, indicava a reprova\u00e7\u00e3o das contas, baseados em irregularidades, presta\u00e7\u00f5es n\u00e3o dadas ou mal explicadas, como por exemplo: A negocia\u00e7\u00e3o envolvendo a venda do jogador Bruno Henrique ao Flamengo, o pagamento de comiss\u00f5es a agentes como a que foi paga ao filho do empres\u00e1rio Renato Duprat, o uso indiscriminado, do cart\u00e3o corporativo para fins pessoais, (O que estatutariamente \u00e9 vedado), assim como o n\u00e3o pagamento, da parcela do acordo com a Doyen que deveria ter sido quitada em setembro do ano passado.<\/p>\n<p style=\"text-align: justify;\">Com o parecer aprovado, o caso agora ser\u00e1 enviado para a CIS (Comiss\u00e3o de Inqu\u00e9rito e Sindic\u00e2ncia), por\u00e9m sem que o presidente ou qualquer membro do Comit\u00ea de Gest\u00e3o, seja afastado!<br \/>\nO que poder\u00e1 ocorrer daqui para frente, seria mais um pedido de abertura de um novo processo de impeachment contra o presidente Jos\u00e9 Carlos Peres por gest\u00e3o temer\u00e1ria.<\/p>\n<p style=\"text-align: justify;\">Caso um novo pedido de impeachment seja protocolado, ap\u00f3s o recebimento do mesmo o presidente do Conselho ter\u00e1 que encaminha-lo para a CIS em at\u00e9 5 dias!<br \/>\nUma vez que a CIS tenha recebido, a mesma tem cinco dias para citar o presidente.<br \/>\nPor sua vez, ap\u00f3s a cita\u00e7\u00e3o, o presidente Jos\u00e9 Carlos Peres disporia de 10 dias para apresentar a sua defesa. A CIS teria ent\u00e3o mais sete dias para emitir o seu parecer.<br \/>\nCaso a CIS emita um parecer favor\u00e1vel, entendendo haver fundamenta\u00e7\u00e3o que sustente um novo pedido de o impeachment, o Conselho Deliberativo precisa ser convocado para votar o pedido.<br \/>\nO pedido de impeachment necessita de no m\u00ednimo, da presen\u00e7a de dois ter\u00e7os dos conselheiros para ser aprovado.<\/p>\n<p style=\"text-align: justify;\">Em caso de uma aprova\u00e7\u00e3o, o presidente obrigatoriamente teria que ficar afastado do cargo por um per\u00edodo de 60 dias, per\u00edodo esse que seria o tempo para que a data de uma assembleia de s\u00f3cios, ocorresse!<br \/>\nLembrando que a situa\u00e7\u00e3o do presidente, pelo menos a respeito do que ficar\u00e1 registrado na hist\u00f3ria, \u00e9 a pior poss\u00edvel.<\/p>\n<blockquote>\n<p style=\"text-align: justify;\">Al\u00e9m de ter tido suas contas reprovadas nos dois primeiros anos de sua gest\u00e3o \u20132018 e 2019, a situa\u00e7\u00e3o financeira em 2020, seu \u00faltimo ano \u00e0 frente da dire\u00e7\u00e3o do Santos, n\u00e3o \u00e9 nada boa!<br \/>\nSomente nos primeiros tr\u00eas meses do ano, o clube j\u00e1 acumulava um d\u00e9ficit de quase R$ 20 milh\u00f5es.<\/p>\n<\/blockquote>\n<p style=\"text-align: justify;\">Conversamos com o Advogado especialista em Redes Sociais, e Conselheiro do Santos FC, Raphael Vita, que gentilmente nos atendeu, e agora explica com embasamentos jur\u00eddicos, o que ocorreu na reuni\u00e3o do conselho e seus futuros desdobramentos!<\/p>\n<audio class=\"wp-audio-shortcode\" id=\"audio-2134-1\" preload=\"none\" style=\"width: 100%;\" controls=\"controls\"><source type=\"audio\/mpeg\" src=\"https:\/\/sergiobertoldi.com\/wp-content\/uploads\/2020\/08\/WhatsApp-Ptt-2020-08-04-Raphael-Vita.mp3?_=1\" \/><a href=\"https:\/\/sergiobertoldi.com\/wp-content\/uploads\/2020\/08\/WhatsApp-Ptt-2020-08-04-Raphael-Vita.mp3\">https:\/\/sergiobertoldi.com\/wp-content\/uploads\/2020\/08\/WhatsApp-Ptt-2020-08-04-Raphael-Vita.mp3<\/a><\/audio>\n<p>&nbsp;<\/p>\n<p style=\"text-align: justify;\">Resumo da \u00f3pera: A \u201cburrocracia\u201d Escrita assim mesmo de forma proposital, \u00e9 t\u00e3o grande, que faria com que qualquer pretens\u00e3o de tirar o presidente Jos\u00e9 Carlos Peres do seu cargo antes do final de seu mandato, seria imposs\u00edvel.<\/p>\n","protected":false},"excerpt":{"rendered":"<p>Al\u00f4 Na\u00e7\u00e3o Santista! Sauda\u00e7\u00f5es Alvinegras! O Conselho Deliberativo do Santos Futebol Clube, esteve mais uma vez reunido em car\u00e1ter de<\/p>\n","protected":false},"author":2,"featured_media":0,"comment_status":"open","ping_status":"open","sticky":false,"template":"","format":"standard","meta":{"colormag_page_container_layout":"default_layout","colormag_page_sidebar_layout":"default_layout","_jetpack_memberships_contains_paid_content":false,"footnotes":""},"categories":[12,4,18,21],"tags":[6],"class_list":["post-2134","post","type-post","status-publish","format-standard","hentry","category-analise-e-comentario","category-bastidores-do-santos-fc","category-conselho-deliberativo","category-estatuto-social","tag-santos-fc"],"jetpack_featured_media_url":"","jetpack_likes_enabled":true,"jetpack_sharing_enabled":true,"_links":{"self":[{"href":"https:\/\/sergiobertoldi.com\/index.php\/wp-json\/wp\/v2\/posts\/2134","targetHints":{"allow":["GET"]}}],"collection":[{"href":"https:\/\/sergiobertoldi.com\/index.php\/wp-json\/wp\/v2\/posts"}],"about":[{"href":"https:\/\/sergiobertoldi.com\/index.php\/wp-json\/wp\/v2\/types\/post"}],"author":[{"embeddable":true,"href":"https:\/\/sergiobertoldi.com\/index.php\/wp-json\/wp\/v2\/users\/2"}],"replies":[{"embeddable":true,"href":"https:\/\/sergiobertoldi.com\/index.php\/wp-json\/wp\/v2\/comments?post=2134"}],"version-history":[{"count":2,"href":"https:\/\/sergiobertoldi.com\/index.php\/wp-json\/wp\/v2\/posts\/2134\/revisions"}],"predecessor-version":[{"id":2137,"href":"https:\/\/sergiobertoldi.com\/index.php\/wp-json\/wp\/v2\/posts\/2134\/revisions\/2137"}],"wp:attachment":[{"href":"https:\/\/sergiobertoldi.com\/index.php\/wp-json\/wp\/v2\/media?parent=2134"}],"wp:term":[{"taxonomy":"category","embeddable":true,"href":"https:\/\/sergiobertoldi.com\/index.php\/wp-json\/wp\/v2\/categories?post=2134"},{"taxonomy":"post_tag","embeddable":true,"href":"https:\/\/sergiobertoldi.com\/index.php\/wp-json\/wp\/v2\/tags?post=2134"}],"curies":[{"name":"wp","href":"https:\/\/api.w.org\/{rel}","templated":true}]}}