{"id":2063,"date":"2020-07-25T00:01:58","date_gmt":"2020-07-25T03:01:58","guid":{"rendered":"https:\/\/sergiobertoldi.com\/?p=2063"},"modified":"2020-07-25T00:30:51","modified_gmt":"2020-07-25T03:30:51","slug":"acabou-a-paz-cade-o-peres","status":"publish","type":"post","link":"https:\/\/sergiobertoldi.com\/index.php\/2020\/07\/25\/acabou-a-paz-cade-o-peres\/","title":{"rendered":"&#8220;Acabou a paz&#8221; &#8220;Cad\u00ea o Peres?&#8221;"},"content":{"rendered":"<p><span style=\"font-family: helvetica, arial, sans-serif; font-size: 14pt;\"><strong><em><u>Al\u00f4 Na\u00e7\u00e3o Santista! Sauda\u00e7\u00f5es Alvinegras!<\/u><\/em><\/strong><\/span><\/p>\n<p>Se voc\u00ea acha que a tua vida est\u00e1 dif\u00edcil, imagine a vida do presidente do Santos Futebol Clube!<br \/>\nImagine mais ainda, como anda a \u201cVida e o Sossego\u201d, de quem tem o azar de t\u00ea-los, (Peres e fam\u00edlia), como vizinhos?<\/p>\n<p>Pois \u00e9! Desde a \u00faltima segunda-feira (20), acabou a paz na vida do mandat\u00e1rio Santista!\u00a0<br \/>\nA bem da verdade, demorou at\u00e9 demais para o torcedor do Santos, acordar para a realidade, e perder a paci\u00eancia, perante a total e completa incompet\u00eancia, demonstrada em mais de dois anos e meio da gest\u00e3o \u201cJos\u00e9 Carlos Peres\u201d<\/p>\n<p><span style=\"text-decoration: underline;\">Na lista de motivos que traduzem o delicado momento pelo qual o clube est\u00e1 passando, encontram-se itens como:<\/span><\/p>\n<ul>\n<li>Nenhuma conquista na atual gest\u00e3o.<\/li>\n<li>Desmanche da m\u00e1quina administrativa, com experientes e competentes profissionais, desligados do clube por capricho e ran\u00e7o pol\u00edtico do presidente!<\/li>\n<li>Processos de impeachment baseados em descumprimento de normas do estatuto e clara \u201cGest\u00e3o Temer\u00e1ria\u201d<\/li>\n<li>Contrata\u00e7\u00f5es absurdas e fora da realidade financeira do clube.<\/li>\n<li>Categorias de Base colocadas nas m\u00e3os de incompetentes, al\u00e9m da imagem arranhada por den\u00fancias envolvendo funcion\u00e1rios ped\u00f3filos.<\/li>\n<li>Contas rejeitadas por dois anos seguidos, por total irresponsabilidade, incompet\u00eancia e inabilidade administrativa, levando o clube a um caos financeiro sem precedentes em toda a sua hist\u00f3ria.<\/li>\n<li>Transa\u00e7\u00f5es e Comiss\u00f5es envolvendo a aquisi\u00e7\u00e3o e venda de jogadores, muito mal explicadas!<\/li>\n<li>Uso abusivo e irregular do \u201cCart\u00e3o Corporativo\u201d do Clube, usado em transa\u00e7\u00f5es particulares e tamb\u00e9m mal explicadas, al\u00e9m do n\u00e3o ressarcimento de boa parte do mesmo.<\/li>\n<li>Profissionais contratados para dirigir e gerenciar o futebol Santista, que n\u00e3o suportaram a bagun\u00e7a e os mandos e desmandos do Presidente.<\/li>\n<li>Desd\u00e9m com as tradi\u00e7\u00f5es do clube e sua hist\u00f3ria.<\/li>\n<li>Ridicularizou a Vila Belmiro, palco sagrado onde desfilaram com o \u201cManto Santista\u201d, monstros sagrados do futebol Brasileiro e Mundial, chamando a nossa casa de \u201cPuxadinho\u201d<\/li>\n<li>Demitiu nossos \u00eddolos, ex jogadores do passado que construir\u00e3o as p\u00e1ginas de ouro do livro de nossa hist\u00f3ria e que orientavam e eram espelho para a molecada da base.<\/li>\n<li>Jamais gostou da cidade de Santos e do povo Santista.<\/li>\n<li>Passou a dirigir o clube e a realizar eventos que sempre foram realizados na Vila Belmiro, em um \u201cBusiness Center\u201d, localizado em S\u00e3o Paulo bem ao lado do est\u00e1dio do Pacaembu, onde ele diz ser a segunda casa do Santos!<br \/>\nO engra\u00e7ado \u00e9 que se minha mem\u00f3ria n\u00e3o me trai, lembro perfeitamente de durante anos, o Pacaembu ser a casa do Corinthians e n\u00e3o do Santos!\u00a0<\/li>\n<\/ul>\n<p>Desde o in\u00edcio do mandato do Presidente Jos\u00e9 Carlos Peres, o Santos j\u00e1 teve:<\/p>\n<ul style=\"list-style-type: square;\">\n<li><strong>Tr\u00eas executivos de futebol<\/strong> (Gustavo Vieira, Ricardo Gomes e Renato).<\/li>\n<li><strong>Dois executivos jur\u00eddicos<\/strong> (Daniel Bykoff e Rodrigo Gama).<\/li>\n<li><strong>Dois executivos administrativos<\/strong> (Ricardo Feijoo e Fernando Volpato), <strong><em>esse \u00faltimo permanece.<\/em><\/strong><\/li>\n<li><strong>Tr\u00eas executivos de comunica\u00e7\u00e3o e marketing<\/strong> (Vinicius Lordello, Paulo Verardi e Marcelo Fraz\u00e3o),<strong><em>esse \u00faltimo permanece.<\/em><\/strong><\/li>\n<li><strong>Seis gerentes de futebol<\/strong>, sendo:<\/li>\n<li><strong>Tr\u00eas do profissional<\/strong> (William Machado, S\u00e9rgio Dimas e Gabriel Andreata), <strong><em>esse \u00faltimo permanece.<\/em><\/strong><\/li>\n<li><strong>Tr\u00eas das categorias de base<\/strong> (Ricardo Crivelli, conhecido como Lica, Marquinho Maturana e Jorge Andrade), <strong><em>esse \u00faltimo permanece<\/em><\/strong>, al\u00e9m de Carlos Muniz, coordenador da base, tamb\u00e9m demitido.<\/li>\n<\/ul>\n<p>Al\u00e9m dos profissionais e cargos citados, outros homens de confian\u00e7a do Presidente Jos\u00e9 Carlos Peres, tamb\u00e9m deixaram o clube durante esses primeiros dois anos de sua gest\u00e3o, por terem vis\u00e3o e pensamentos divergentes sobre diversos aspectos administrativos, al\u00e9m de discordarem de muitas coisas erradas com as quais n\u00e3o compactuavam.<\/p>\n<p>O descontentamento com interfer\u00eancias absurdas e descabidas, deixando claro a todos, que o Santos tem um presidente incapaz de administrar um simples \u201cCarrinho de Pipocas\u201d, foi muito al\u00e9m dos setores executivos, e n\u00e3o poupou nem o Departamento M\u00e9dico do Santos!<\/p>\n<p>Profissionais de alt\u00edssimo n\u00edvel e M\u00e9dicos de reconhecida capacidade como os Doutores <strong>Rodrigo Zogaib<\/strong>, <strong>Jorge Merou\u00e7o<\/strong>, <strong>Carlo Alba<\/strong>, al\u00e9m do renomado fisioterapeuta <strong>Luiz Rosan<\/strong>, Coordenador do CEPRAF, (Centro de Excel\u00eancia em Preven\u00e7\u00e3o e Recupera\u00e7\u00e3o de Atletas de Futebol), tamb\u00e9m deixaram o clube que tamb\u00e9m perdeu para o rival S\u00e3o Paulo, o fisiologista <strong>Luis Fernando de Barros<\/strong>, que \u00e9\u00a0filho de <strong>Tur\u00edbio Leite de Barros<\/strong>, fisiologista que marcou \u00e9poca no S\u00e3o Paulo e teve participa\u00e7\u00e3o fundamental no auge no Reffis. \u00a0<\/p>\n<p>Apresentado em 22 de Julho de 2019 como o &#8220;homem-forte&#8221; do futebol do Peixe, <strong>Paulo Autuori<\/strong> foi contratado para ser o respons\u00e1vel por todas as categorias de futebol do clube, (masculino, feminino e base).<br \/>\nMenos de cinco meses depois, Autuori chegou ao limite de sua paci\u00eancia e decep\u00e7\u00e3o com o Santos, declarando via imprensa por mais de uma vez, o seu descontentamento com o que via de errado no Santos, culminando com o an\u00fancio de sua decis\u00e3o em n\u00e3o permanecer no clube em 2020!<\/p>\n<p><div class=\"jetpack-video-wrapper\"><iframe loading=\"lazy\" title=\"AUTUORI FORA DO SANTOS EM 2020! SUPERINTENDENTE DE FUTEBOL DO PEIXE SURPREENDE EM COLETIVA!\" width=\"800\" height=\"450\" src=\"https:\/\/www.youtube.com\/embed\/I3IKLVbmwdI?feature=oembed\" frameborder=\"0\" allow=\"accelerometer; autoplay; encrypted-media; gyroscope; picture-in-picture\" allowfullscreen><\/iframe><\/div>\n<\/p>\n<p>Antes disso o T\u00e9cnico <strong>Cuca,<\/strong> tamb\u00e9m j\u00e1 houvera deixado o clube, decepcionado com o que presenciou no Santos, onde at\u00e9 \u201cPanelas e Toalhas de mesa\u201d, comprou do seu bolso para o refeit\u00f3rio do CT Rei Pel\u00e9.<br \/>\nPor\u00e9m o que mais irritou e decepcionou o treinador Santista, foi a bagun\u00e7a e desorganiza\u00e7\u00e3o do clube, o que resultou na elimina\u00e7\u00e3o do Santos da Ta\u00e7a Libertadores em 2018 quando Cuca soube por um rep\u00f3rter argentino, do caso envolvendo uma suposta escala\u00e7\u00e3o irregular de Carlos S\u00e1nchez na sa\u00edda do est\u00e1dio ap\u00f3s empate em 0 a 0 com o Independiente, pelas oitavas de final do torneio sul-americano.<\/p>\n<div style=\"width: 480px;\" class=\"wp-video\"><video class=\"wp-video-shortcode\" id=\"video-2063-1\" width=\"480\" height=\"264\" preload=\"metadata\" controls=\"controls\"><source type=\"video\/mp4\" src=\"https:\/\/sergiobertoldi.com\/wp-content\/uploads\/2020\/07\/WhatsApp-Video-2020-07-21-at-22.10.07.mp4?_=1\" \/><a href=\"https:\/\/sergiobertoldi.com\/wp-content\/uploads\/2020\/07\/WhatsApp-Video-2020-07-21-at-22.10.07.mp4\">https:\/\/sergiobertoldi.com\/wp-content\/uploads\/2020\/07\/WhatsApp-Video-2020-07-21-at-22.10.07.mp4<\/a><\/video><\/div>\n<p>Tudo isso culminando com a insatisfa\u00e7\u00e3o e revolta do elenco de jogadores, que n\u00e3o \u00e9 de hoje que declaram abertamente em redes sociais, ou atrav\u00e9s das pr\u00f3prias emissoras que transmitem os jogos do Santos, insatisfa\u00e7\u00e3o com atrasos no pagamento de sal\u00e1rios e direitos de imagem!<\/p>\n<p>Por fim, a gota d&#8217;\u00e1gua que transbordou o copo de vez, foi o Presidente Jos\u00e9 Carlos Peres, resolver por conta e risco, como sempre faz com tudo, reduzir em 70%, o sal\u00e1rio dos jogadores do elenco profissional, assim como os sal\u00e1rios de todos os profissionais das comiss\u00f5es t\u00e9cnicas (Profissional e Base), e de todos os demais funcion\u00e1rios, pelos \u00faltimos meses, redu\u00e7\u00e3o baseada nos problemas financeiros de fluxo de caixa devido a paralisa\u00e7\u00e3o das atividades do clube\u00a0 por conta da Pandemia causada pelo novo coronav\u00edrus, Covid-19.<\/p>\n<p>A revolta de todos no clube, principalmente por parte dos atletas profissionais, se d\u00e1 pelo fato de n\u00e3o ter havido uma conversa ou negocia\u00e7\u00e3o entre a Diretoria do clube e os jogadores, o que resultou \u00e0s v\u00e9speras do retorno do time as competi\u00e7\u00f5es, dois atletas respectivamente o Goleiro \u00c9verson e o atacante Eduardo Sasha, entrarem na justi\u00e7a contra o clube requerendo seu desligamento do mesmo, assim como seus direitos por cobrar sal\u00e1rios atrasados.<\/p>\n<p>Vale ressaltar que em rela\u00e7\u00e3o a possibilidade de perder os jogadores \u00c9verson e Eduardo Sasha, seria outro duro golpe na j\u00e1 complicad\u00edssima situa\u00e7\u00e3o financeira do clube, pois hoje, os dois jogadores que bem ou mal s\u00e3o patrim\u00f4nios do clube, juntos valem no mercado da Bola algo em torno de 5,7 milh\u00f5es de euros, R$ 34 milh\u00f5es, 200 mil na cota\u00e7\u00e3o atual,\u00a0<\/p>\n<p><img data-recalc-dims=\"1\" loading=\"lazy\" decoding=\"async\" class=\"alignnone wp-image-2066\" src=\"https:\/\/i0.wp.com\/sergiobertoldi.com\/wp-content\/uploads\/2020\/07\/Everson-1024x576.jpg?resize=350%2C197&#038;ssl=1\" alt=\"\" width=\"350\" height=\"197\" \/> <img data-recalc-dims=\"1\" loading=\"lazy\" decoding=\"async\" class=\"alignnone wp-image-2067\" src=\"https:\/\/i0.wp.com\/sergiobertoldi.com\/wp-content\/uploads\/2020\/07\/gazeta-press-foto-1079224.jpg?resize=350%2C210&#038;ssl=1\" alt=\"\" width=\"350\" height=\"210\" \/><\/p>\n<p>O desfecho de dois anos e meio de uma gest\u00e3o terrivelmente danosa ao clube, n\u00e3o poderia ser outro que n\u00e3o fosse a revolta do torcedor, que parece enfim ter acordado para a grave situa\u00e7\u00e3o a qual o clube se encontra!<br \/>\nPor isso a exemplo do que j\u00e1 havia ocorrido durante toda a semana, a sexta-feira foi mais um dia de protestos contra o presidente e sua gest\u00e3o.<\/p>\n<blockquote>\n<p>Se voc\u00ea acha que a tua vida est\u00e1 dif\u00edcil, imagine a vida do presidente do Santos Futebol Clube!<\/p>\n<\/blockquote>\n<p>Pelo quinto dia seguido, membros das principais torcidas organizadas do Santos exigiram a ren\u00fancia de Jos\u00e9 Carlos Peres.<br \/>\nFaixas exigindo a ren\u00fancia do Presidente, foram estendidas em v\u00e1rios pontos estrat\u00e9gicos da Capital Paulista!<\/p>\n<p>&nbsp;<\/p>\n<p><figure id=\"attachment_2070\" aria-describedby=\"caption-attachment-2070\" style=\"width: 600px\" class=\"wp-caption aligncenter\"><img data-recalc-dims=\"1\" loading=\"lazy\" decoding=\"async\" class=\"wp-image-2070\" src=\"https:\/\/i0.wp.com\/sergiobertoldi.com\/wp-content\/uploads\/2020\/07\/110179110_2803032673129916_7392630960720518343_n.jpg?resize=600%2C442&#038;ssl=1\" alt=\"\" width=\"600\" height=\"442\" \/><figcaption id=\"caption-attachment-2070\" class=\"wp-caption-text\"><em><strong>Business Center do Santos localizado pr\u00f3ximo ao Pacaembu<\/strong><\/em><\/figcaption><\/figure> <figure id=\"attachment_2071\" aria-describedby=\"caption-attachment-2071\" style=\"width: 600px\" class=\"wp-caption aligncenter\"><img data-recalc-dims=\"1\" loading=\"lazy\" decoding=\"async\" class=\"wp-image-2071\" src=\"https:\/\/i0.wp.com\/sergiobertoldi.com\/wp-content\/uploads\/2020\/07\/115840490_2803032773129906_1428857953146789006_n.jpg?resize=600%2C450&#038;ssl=1\" alt=\"\" width=\"600\" height=\"450\" \/><figcaption id=\"caption-attachment-2071\" class=\"wp-caption-text\"><em><strong>Est\u00e1dio Paulo Machado de Carvalho- (Pacaembu)<\/strong><\/em><\/figcaption><\/figure> <figure id=\"attachment_2072\" aria-describedby=\"caption-attachment-2072\" style=\"width: 600px\" class=\"wp-caption aligncenter\"><img data-recalc-dims=\"1\" loading=\"lazy\" decoding=\"async\" class=\"wp-image-2072\" src=\"https:\/\/i0.wp.com\/sergiobertoldi.com\/wp-content\/uploads\/2020\/07\/115832867_2803032846463232_1974873548453855750_n.jpg?resize=600%2C540&#038;ssl=1\" alt=\"\" width=\"600\" height=\"540\" \/><figcaption id=\"caption-attachment-2072\" class=\"wp-caption-text\"><em><strong>Obelisco do Ibirapuera (Mausol\u00e9u aos Her\u00f3is de 32)<\/strong><\/em><\/figcaption><\/figure> <figure id=\"attachment_2073\" aria-describedby=\"caption-attachment-2073\" style=\"width: 600px\" class=\"wp-caption aligncenter\"><img data-recalc-dims=\"1\" loading=\"lazy\" decoding=\"async\" class=\"wp-image-2073\" src=\"https:\/\/i0.wp.com\/sergiobertoldi.com\/wp-content\/uploads\/2020\/07\/109444935_2803032923129891_6160456573749159711_n.jpg?resize=600%2C450&#038;ssl=1\" alt=\"\" width=\"600\" height=\"450\" \/><figcaption id=\"caption-attachment-2073\" class=\"wp-caption-text\"><em><strong>MASP-Museu de arte de S\u00e3o Paulo<\/strong><\/em><\/figcaption><\/figure> <figure id=\"attachment_2074\" aria-describedby=\"caption-attachment-2074\" style=\"width: 600px\" class=\"wp-caption aligncenter\"><img data-recalc-dims=\"1\" loading=\"lazy\" decoding=\"async\" class=\"wp-image-2074\" src=\"https:\/\/i0.wp.com\/sergiobertoldi.com\/wp-content\/uploads\/2020\/07\/115825797_2803033069796543_36111010646797262_n.jpg?resize=600%2C503&#038;ssl=1\" alt=\"\" width=\"600\" height=\"503\" \/><figcaption id=\"caption-attachment-2074\" class=\"wp-caption-text\"><em><b>Passarelas e Pontes tamb\u00e9m ostentam o &#8220;Renuncia Peres&#8221;<\/b><\/em><\/figcaption><\/figure><\/p>\n<p>Por\u00e9m foi na rua onde mora em S\u00e3o Paulo, que desde a \u00faltima segunda-feira o torcedor Santista mais exigiu a ren\u00fancia do mandat\u00e1rio do Peixe!<\/p>\n<figure id=\"attachment_2075\" aria-describedby=\"caption-attachment-2075\" style=\"width: 600px\" class=\"wp-caption aligncenter\"><img data-recalc-dims=\"1\" loading=\"lazy\" decoding=\"async\" class=\"wp-image-2075\" src=\"https:\/\/i0.wp.com\/sergiobertoldi.com\/wp-content\/uploads\/2020\/07\/116016116_2803033163129867_5015330951864419431_n.jpg?resize=600%2C450&#038;ssl=1\" alt=\"\" width=\"600\" height=\"450\" \/><figcaption id=\"caption-attachment-2075\" class=\"wp-caption-text\"><em><strong>Faixas exigindo a sa\u00edda do Presidente podem ser vistas at\u00e9 na entrada do pr\u00e9dio onde mora<\/strong><\/em><\/figcaption><\/figure>\n<p>\u00a0 Seja de dia ou de noite, o torcedor Santista n\u00e3o parece propenso a desistir t\u00e3o cedo de fazer da vida do Presidente Peres, um verdadeiro &#8220;Inferno&#8221;.<br \/>\nA n\u00e3o ser que n\u00e3o aguentando a press\u00e3o, o presidente venha \u00e0 p\u00fablico anunciar sua sa\u00edda!<\/p>\n<div style=\"width: 800px;\" class=\"wp-video\"><video class=\"wp-video-shortcode\" id=\"video-2063-2\" width=\"800\" height=\"480\" preload=\"metadata\" controls=\"controls\"><source type=\"video\/mp4\" src=\"https:\/\/sergiobertoldi.com\/wp-content\/uploads\/2020\/07\/WhatsApp-Video-2020-07-24-at-15.52.07.mp4?_=2\" \/><a href=\"https:\/\/sergiobertoldi.com\/wp-content\/uploads\/2020\/07\/WhatsApp-Video-2020-07-24-at-15.52.07.mp4\">https:\/\/sergiobertoldi.com\/wp-content\/uploads\/2020\/07\/WhatsApp-Video-2020-07-24-at-15.52.07.mp4<\/a><\/video><\/div>\n<div style=\"width: 480px;\" class=\"wp-video\"><video class=\"wp-video-shortcode\" id=\"video-2063-3\" width=\"480\" height=\"848\" preload=\"metadata\" controls=\"controls\"><source type=\"video\/mp4\" src=\"https:\/\/sergiobertoldi.com\/wp-content\/uploads\/2020\/07\/WhatsApp-Video-2020-07-24-at-15.52.06.mp4?_=3\" \/><a href=\"https:\/\/sergiobertoldi.com\/wp-content\/uploads\/2020\/07\/WhatsApp-Video-2020-07-24-at-15.52.06.mp4\">https:\/\/sergiobertoldi.com\/wp-content\/uploads\/2020\/07\/WhatsApp-Video-2020-07-24-at-15.52.06.mp4<\/a><\/video><\/div>\n<div style=\"width: 800px;\" class=\"wp-video\"><video class=\"wp-video-shortcode\" id=\"video-2063-4\" width=\"800\" height=\"453\" preload=\"metadata\" controls=\"controls\"><source type=\"video\/mp4\" src=\"https:\/\/sergiobertoldi.com\/wp-content\/uploads\/2020\/07\/WhatsApp-Video-2020-07-23-at-20.49.20.mp4?_=4\" \/><a href=\"https:\/\/sergiobertoldi.com\/wp-content\/uploads\/2020\/07\/WhatsApp-Video-2020-07-23-at-20.49.20.mp4\">https:\/\/sergiobertoldi.com\/wp-content\/uploads\/2020\/07\/WhatsApp-Video-2020-07-23-at-20.49.20.mp4<\/a><\/video><\/div>\n<p>&nbsp;<\/p>\n<p>Vamos aguardar os desdobramentos dessa situa\u00e7\u00e3o que parece \u00e0 princ\u00edpio, ser insustent\u00e1vel, mas que apesar da gravidade, n\u00e3o parece sensibilizar o presidente do clube, que inclusive j\u00e1 teria declarado que n\u00e3o renunciar\u00e1 ao cargo de jeito nenhum!<\/p>\n<p>&nbsp;<\/p>\n<p>&nbsp;<\/p>\n","protected":false},"excerpt":{"rendered":"<p>Al\u00f4 Na\u00e7\u00e3o Santista! Sauda\u00e7\u00f5es Alvinegras! Se voc\u00ea acha que a tua vida est\u00e1 dif\u00edcil, imagine a vida do presidente do<\/p>\n","protected":false},"author":2,"featured_media":0,"comment_status":"open","ping_status":"open","sticky":false,"template":"","format":"standard","meta":{"colormag_page_container_layout":"default_layout","colormag_page_sidebar_layout":"default_layout","_jetpack_memberships_contains_paid_content":false,"footnotes":""},"categories":[12,4,13,20],"tags":[6],"class_list":["post-2063","post","type-post","status-publish","format-standard","hentry","category-analise-e-comentario","category-bastidores-do-santos-fc","category-presidencia","category-torcidas-organizadas","tag-santos-fc"],"jetpack_featured_media_url":"","jetpack_likes_enabled":true,"jetpack_sharing_enabled":true,"_links":{"self":[{"href":"https:\/\/sergiobertoldi.com\/index.php\/wp-json\/wp\/v2\/posts\/2063","targetHints":{"allow":["GET"]}}],"collection":[{"href":"https:\/\/sergiobertoldi.com\/index.php\/wp-json\/wp\/v2\/posts"}],"about":[{"href":"https:\/\/sergiobertoldi.com\/index.php\/wp-json\/wp\/v2\/types\/post"}],"author":[{"embeddable":true,"href":"https:\/\/sergiobertoldi.com\/index.php\/wp-json\/wp\/v2\/users\/2"}],"replies":[{"embeddable":true,"href":"https:\/\/sergiobertoldi.com\/index.php\/wp-json\/wp\/v2\/comments?post=2063"}],"version-history":[{"count":6,"href":"https:\/\/sergiobertoldi.com\/index.php\/wp-json\/wp\/v2\/posts\/2063\/revisions"}],"predecessor-version":[{"id":2085,"href":"https:\/\/sergiobertoldi.com\/index.php\/wp-json\/wp\/v2\/posts\/2063\/revisions\/2085"}],"wp:attachment":[{"href":"https:\/\/sergiobertoldi.com\/index.php\/wp-json\/wp\/v2\/media?parent=2063"}],"wp:term":[{"taxonomy":"category","embeddable":true,"href":"https:\/\/sergiobertoldi.com\/index.php\/wp-json\/wp\/v2\/categories?post=2063"},{"taxonomy":"post_tag","embeddable":true,"href":"https:\/\/sergiobertoldi.com\/index.php\/wp-json\/wp\/v2\/tags?post=2063"}],"curies":[{"name":"wp","href":"https:\/\/api.w.org\/{rel}","templated":true}]}}