{"id":1937,"date":"2020-06-27T06:00:57","date_gmt":"2020-06-27T09:00:57","guid":{"rendered":"https:\/\/sergiobertoldi.com\/?p=1937"},"modified":"2020-06-27T02:38:07","modified_gmt":"2020-06-27T05:38:07","slug":"retornos-e-novidades-marcaram-a-sexta-feira-santista","status":"publish","type":"post","link":"https:\/\/sergiobertoldi.com\/index.php\/2020\/06\/27\/retornos-e-novidades-marcaram-a-sexta-feira-santista\/","title":{"rendered":"Retornos e novidades marcaram a sexta-feira Santista"},"content":{"rendered":"<p><span style=\"font-size: 14pt;\"><strong><em><u>Al\u00f4 Na\u00e7\u00e3o Santista! Sauda\u00e7\u00f5es Alvinegras!<\/u><\/em><\/strong><\/span><\/p>\n<p style=\"text-align: justify;\"><span style=\"font-family: georgia, palatino, serif; font-size: 14pt;\">Em tempos de uma pandemia com a qual convivemos h\u00e1 praticamente quatro meses, dos quais durante tr\u00eas, os jogadores tiveram que ficar longe de suas atividades profissionais, o Santos Futebol Clube vem trabalhando com seriedade, na prote\u00e7\u00e3o e preven\u00e7\u00e3o de uma poss\u00edvel contamina\u00e7\u00e3o de seus atletas, membros da comiss\u00e3o t\u00e9cnica e funcion\u00e1rios do clube!<\/span><\/p>\n<p style=\"text-align: justify;\"><span style=\"font-family: georgia, palatino, serif; font-size: 14pt;\">Com o objetivo de aumentar ainda mais a prote\u00e7\u00e3o e os cuidados que j\u00e1 vem sendo adotados desde que o Santos retornou \u00e0s atividades no CT Rei Pel\u00e9, iniciando uma s\u00e9rie de testes cl\u00ednicos, f\u00edsicos e fisiol\u00f3gicos, de um protocolo pr\u00e9 estabelecido para o retorno dos jogadores a rotina de trabalhos di\u00e1rios, jogadores e funcion\u00e1rios foram recebidos com uma novidade nesta \u00faltima sexta-feira!<\/span><br \/>\n<span style=\"font-family: georgia, palatino, serif; font-size: 14pt;\">Mais uma medida de seguran\u00e7a no combate ao coronav\u00edrus, foi instalada no CT Rei Pel\u00e9, que agora conta com um t\u00fanel de descontamina\u00e7\u00e3o, estrategicamente colocado no estacionamento onde os jogadores deixam seus carros bem pr\u00f3ximo do port\u00e3o de entrada do local.<\/span><br \/>\n<span style=\"font-family: georgia, palatino, serif; font-size: 14pt;\">O equipamento ser\u00e1 utilizado sempre que as pessoas chegarem no Centro de Treinamento, al\u00e9m dos pr\u00f3prios jogadores, membros da comiss\u00e3o t\u00e9cnica e funcion\u00e1rios.<\/span><\/p>\n<p>&nbsp;<\/p>\n<p><figure id=\"attachment_1938\" aria-describedby=\"caption-attachment-1938\" style=\"width: 600px\" class=\"wp-caption aligncenter\"><img data-recalc-dims=\"1\" loading=\"lazy\" decoding=\"async\" class=\"wp-image-1938\" src=\"https:\/\/i0.wp.com\/sergiobertoldi.com\/wp-content\/uploads\/2020\/06\/WhatsApp-Image-2020-06-26-at-19.32.36-1-1024x682.jpeg?resize=600%2C399&#038;ssl=1\" alt=\"\" width=\"600\" height=\"399\" \/><figcaption id=\"caption-attachment-1938\" class=\"wp-caption-text\"><em><strong>\u00a0 \u00a0 \u00a0 \u00a0 \u00a0 \u00a0O Uruguaio Pato Sanches estreando o t\u00fanel de Descontamina\u00e7\u00e3o<\/strong><\/em><\/figcaption><\/figure> <figure id=\"attachment_1939\" aria-describedby=\"caption-attachment-1939\" style=\"width: 600px\" class=\"wp-caption aligncenter\"><img data-recalc-dims=\"1\" loading=\"lazy\" decoding=\"async\" class=\"wp-image-1939\" src=\"https:\/\/i0.wp.com\/sergiobertoldi.com\/wp-content\/uploads\/2020\/06\/WhatsApp-Image-2020-06-26-at-19.32.36-1024x682.jpeg?resize=600%2C399&#038;ssl=1\" alt=\"\" width=\"600\" height=\"399\" \/><figcaption id=\"caption-attachment-1939\" class=\"wp-caption-text\"><em><strong>\u00a0 \u00a0 \u00a0 \u00a0 \u00a0 \u00a0 Eduardo Sasha saindo do t\u00fanel com seu material j\u00e1 descontaminado<\/strong><\/em><\/figcaption><\/figure> <figure id=\"attachment_1940\" aria-describedby=\"caption-attachment-1940\" style=\"width: 600px\" class=\"wp-caption aligncenter\"><img data-recalc-dims=\"1\" loading=\"lazy\" decoding=\"async\" class=\"wp-image-1940\" src=\"https:\/\/i0.wp.com\/sergiobertoldi.com\/wp-content\/uploads\/2020\/06\/50048764952_ba4f2ae40d_c.jpg?resize=600%2C400&#038;ssl=1\" alt=\"\" width=\"600\" height=\"400\" \/><figcaption id=\"caption-attachment-1940\" class=\"wp-caption-text\"><em><strong>\u00a0 \u00a0 \u00a0 \u00a0 \u00a0 \u00a0 \u00a0 O Lateral Felipe Jonatan recebendo o Spray de descontamina\u00e7\u00e3o<\/strong><\/em><\/figcaption><\/figure><\/p>\n<p style=\"text-align: justify;\"><span style=\"font-family: georgia, palatino, serif; font-size: 14pt;\">\u201cFelizmente conseguimos instalar essa cabine, que \u00e9 mais uma medida importante contra a COVID-19. Assim que os atletas e funcion\u00e1rios chegam ao CT, v\u00e3o direto para esse t\u00fanel, ficam ali por volta de 10 segundos e fazem uma rota\u00e7\u00e3o. L\u00e1 dentro eles recebem um spray com uma subst\u00e2ncia dilu\u00edda em \u00e1gua e clorexidina, que ajuda a eliminar a COVID-19 do corpo\u201d, explicou o m\u00e9dico Ricardo Galotti<\/span><br \/>\n<span style=\"font-family: georgia, palatino, serif; font-size: 14pt;\">O M\u00e9dico do Santos tamb\u00e9m lembrou da import\u00e2ncia de se manter os outros cuidados para a preven\u00e7\u00e3o do novo coronav\u00edrus.<\/span><\/p>\n<blockquote>\n<p><em>\u201cClaro que n\u00e3o \u00e9 uma medida isolada, mas vem agregar ao uso da m\u00e1scara e \u00e1lcool gel, lavagem das m\u00e3os com sab\u00e3o, distanciamento, etc. Estamos procurando de todas as formas minimizar o problema e evitar o cont\u00e1gio\u201d.<\/em><\/p>\n<\/blockquote>\n<h2><span style=\"text-decoration: underline;\"><span style=\"font-size: 14pt;\"><strong>As novidades da sexta-feira n\u00e3o ficaram restritas ao \u201cT\u00fanel de descontamina\u00e7\u00e3o\u201d<\/strong><\/span><\/span><\/h2>\n<p><span style=\"font-family: georgia, palatino, serif; font-size: 14pt;\">Com rela\u00e7\u00e3o aos jogadores, as novidades do dia ficaram por conta do retorno dos atletas Carlos S\u00e1nchez, Felipe Jonatan e Luan Peres, que na \u00faltima sexta-feira n\u00e3o puderam comparecer junto ao elenco para os testes realizados pelo clube no CT Rei Pel\u00e9.<\/span><br \/>\n<span style=\"font-family: georgia, palatino, serif; font-size: 14pt;\">Por conta disso, os tr\u00eas realizaram no in\u00edcio da semana, os testes de Covid-19 em casa mesmo, e como todos testarem negativo para o COVID-19, j\u00e1 foram devidamente liberados para voltar as atividades de campo que por sinal ocorreram debaixo de muita chuva!<\/span><\/p>\n<p><img data-recalc-dims=\"1\" loading=\"lazy\" decoding=\"async\" class=\"aligncenter wp-image-1941\" src=\"https:\/\/i0.wp.com\/sergiobertoldi.com\/wp-content\/uploads\/2020\/06\/WhatsApp-Image-2020-06-26-at-19.32.40.jpeg?resize=550%2C366&#038;ssl=1\" alt=\"\" width=\"550\" height=\"366\" \/><\/p>\n<p><img data-recalc-dims=\"1\" loading=\"lazy\" decoding=\"async\" class=\"aligncenter wp-image-1942\" src=\"https:\/\/i0.wp.com\/sergiobertoldi.com\/wp-content\/uploads\/2020\/06\/WhatsApp-Image-2020-06-26-at-19.32.37-2-1024x682.jpeg?resize=550%2C366&#038;ssl=1\" alt=\"\" width=\"550\" height=\"366\" \/><\/p>\n<p><figure id=\"attachment_1943\" aria-describedby=\"caption-attachment-1943\" style=\"width: 550px\" class=\"wp-caption aligncenter\"><img data-recalc-dims=\"1\" loading=\"lazy\" decoding=\"async\" class=\"wp-image-1943\" src=\"https:\/\/i0.wp.com\/sergiobertoldi.com\/wp-content\/uploads\/2020\/06\/WhatsApp-Image-2020-06-26-at-19.32.38-1024x682.jpeg?resize=550%2C366&#038;ssl=1\" alt=\"\" width=\"550\" height=\"366\" \/><figcaption id=\"caption-attachment-1943\" class=\"wp-caption-text\"><em><strong>Guardem bem a fisionomia desse garoto e me cobrem depois Allanzinho \u00e9 o nome dessa joia que veio da Lusa do Canind\u00e9<\/strong><\/em><\/figcaption><\/figure> <figure id=\"attachment_1944\" aria-describedby=\"caption-attachment-1944\" style=\"width: 550px\" class=\"wp-caption aligncenter\"><img data-recalc-dims=\"1\" loading=\"lazy\" decoding=\"async\" class=\"wp-image-1944\" src=\"https:\/\/i0.wp.com\/sergiobertoldi.com\/wp-content\/uploads\/2020\/06\/WhatsApp-Image-2020-06-26-at-19.32.39-1024x682.jpeg?resize=550%2C366&#038;ssl=1\" alt=\"\" width=\"550\" height=\"366\" \/><figcaption id=\"caption-attachment-1944\" class=\"wp-caption-text\"><em><strong>\u00a0 \u00a0Kaio Jorge garoto da Base e velho conhecido do torcedor Santista<\/strong><\/em><\/figcaption><\/figure><\/p>\n<p><span style=\"font-family: georgia, palatino, serif; font-size: 14pt;\">\u201cN\u00e3o pude fazer o exame na semana passada por conta de log\u00edstica. Foi dif\u00edcil ver meus companheiros j\u00e1 correndo no campo e eu ainda sem poder vir. A ansiedade para o resultado estava grande, mais ainda bem que deu tudo certo e estou muito feliz de voltar a fazer o que mais amo. O clube vem dando todo os suporte para n\u00f3s. Minha esposa tamb\u00e9m fez o teste e deu negativo. Agora \u00e9 focar dentro de campo para brigar l\u00e1 em cima nas competi\u00e7\u00f5es\u201d, afirmou o lateral Felipe Jonatan.<\/span><\/p>\n<p><span style=\"font-family: georgia, palatino, serif; font-size: 14pt;\">Ainda restam cinco jogadores do elenco profissional, que n\u00e3o retornaram aos trabalhos que se iniciaram na \u00faltima sexta-feira, quando tiveram in\u00edcio uma s\u00e9rie de testes cl\u00ednicos, f\u00edsicos e fisiol\u00f3gicos.<\/span><\/p>\n<p><span style=\"font-family: georgia, palatino, serif; font-size: 14pt;\"><strong>Jo\u00e3o Paulo, Madson, Marinho, Par\u00e1 e Uribe,<\/strong> ainda aguardam os resultados dos exames para poderem retornar ao CT.<\/span><br \/>\n<span style=\"font-family: georgia, palatino, serif; font-size: 14pt;\">As avalia\u00e7\u00f5es f\u00edsicas, cl\u00ednicas e fisiol\u00f3gicas, prosseguem no dia de hoje s\u00e1bado (27), no CT Rei Pel\u00e9. A partir da pr\u00f3xima quarta-feira (1), os treinos com bola passam a estar liberados!<\/span><\/p>\n<p>(Cr\u00e9dito: Imagem: Ivan Storti\/Divulga\u00e7\u00e3o\/Santos FC)<\/p>\n","protected":false},"excerpt":{"rendered":"<p>Al\u00f4 Na\u00e7\u00e3o Santista! Sauda\u00e7\u00f5es Alvinegras! Em tempos de uma pandemia com a qual convivemos h\u00e1 praticamente quatro meses, dos quais<\/p>\n","protected":false},"author":2,"featured_media":0,"comment_status":"open","ping_status":"open","sticky":false,"template":"","format":"standard","meta":{"colormag_page_container_layout":"default_layout","colormag_page_sidebar_layout":"default_layout","_jetpack_memberships_contains_paid_content":false,"footnotes":""},"categories":[4,10,40,5,39],"tags":[6],"class_list":["post-1937","post","type-post","status-publish","format-standard","hentry","category-bastidores-do-santos-fc","category-elenco-profissional","category-exames-avaliacoes-fisicas","category-futebol","category-retorno-aos-treinos","tag-santos-fc"],"jetpack_featured_media_url":"","jetpack_likes_enabled":true,"jetpack_sharing_enabled":true,"_links":{"self":[{"href":"https:\/\/sergiobertoldi.com\/index.php\/wp-json\/wp\/v2\/posts\/1937","targetHints":{"allow":["GET"]}}],"collection":[{"href":"https:\/\/sergiobertoldi.com\/index.php\/wp-json\/wp\/v2\/posts"}],"about":[{"href":"https:\/\/sergiobertoldi.com\/index.php\/wp-json\/wp\/v2\/types\/post"}],"author":[{"embeddable":true,"href":"https:\/\/sergiobertoldi.com\/index.php\/wp-json\/wp\/v2\/users\/2"}],"replies":[{"embeddable":true,"href":"https:\/\/sergiobertoldi.com\/index.php\/wp-json\/wp\/v2\/comments?post=1937"}],"version-history":[{"count":4,"href":"https:\/\/sergiobertoldi.com\/index.php\/wp-json\/wp\/v2\/posts\/1937\/revisions"}],"predecessor-version":[{"id":1950,"href":"https:\/\/sergiobertoldi.com\/index.php\/wp-json\/wp\/v2\/posts\/1937\/revisions\/1950"}],"wp:attachment":[{"href":"https:\/\/sergiobertoldi.com\/index.php\/wp-json\/wp\/v2\/media?parent=1937"}],"wp:term":[{"taxonomy":"category","embeddable":true,"href":"https:\/\/sergiobertoldi.com\/index.php\/wp-json\/wp\/v2\/categories?post=1937"},{"taxonomy":"post_tag","embeddable":true,"href":"https:\/\/sergiobertoldi.com\/index.php\/wp-json\/wp\/v2\/tags?post=1937"}],"curies":[{"name":"wp","href":"https:\/\/api.w.org\/{rel}","templated":true}]}}