{"id":1643,"date":"2020-06-17T14:10:38","date_gmt":"2020-06-17T17:10:38","guid":{"rendered":"https:\/\/sergiobertoldi.com\/?p=1643"},"modified":"2020-06-17T14:28:27","modified_gmt":"2020-06-17T17:28:27","slug":"em-noite-decisiva-para-o-futuro-do-santos-conselheiros-votam-pela-justica-e-bom-senso","status":"publish","type":"post","link":"https:\/\/sergiobertoldi.com\/index.php\/2020\/06\/17\/em-noite-decisiva-para-o-futuro-do-santos-conselheiros-votam-pela-justica-e-bom-senso\/","title":{"rendered":"Em noite decisiva para o futuro do Santos conselheiros votam pela justi\u00e7a e bom senso"},"content":{"rendered":"<p><span style=\"text-decoration: underline;\"><strong><span style=\"color: #0a0a00; text-decoration: underline;\">Al\u00f4 Na\u00e7\u00e3o Santista! Sauda\u00e7\u00f5es Alvinegras!<\/span><\/strong><\/span><\/p>\n<p><span style=\"color: #0a0a00;\">Atendendo ao edital de convoca\u00e7\u00e3o para a realiza\u00e7\u00e3o de uma reuni\u00e3o do Conselho Deliberativo, em car\u00e1ter de \u201cSess\u00e3o Extraordin\u00e1ria\u201d, foi realizada na noite desta \u00faltima ter\u00e7a-feira, 16 de Junho de 2020, com primeira convoca\u00e7\u00e3o \u00e0s 19h00, e segunda convoca\u00e7\u00e3o \u00e0s 19h30, uma assembleia tendo como finalidade, analisar e posteriormente colocar em vota\u00e7\u00e3o, o parecer que foi dado pela Comiss\u00e3o de Inqu\u00e9rito e Sindic\u00e2ncia (CIS), sobre as contas de 2018, contas essas que foram reprovadas.<\/span><\/p>\n<p><span style=\"color: #0a0a00;\">Embora em decorr\u00eancia da Pandemia, a reuni\u00e3o tenha sido realizada em formato virtual digital, (Videoconfer\u00eancia), houve muita tens\u00e3o e uma certa demora para a discuss\u00e3o e tomada de decis\u00f5es, devido a import\u00e2ncia dos fatos que precisavam ser analisados!<\/span><\/p>\n<p><img data-recalc-dims=\"1\" loading=\"lazy\" decoding=\"async\" class=\"aligncenter size-large wp-image-1649\" src=\"https:\/\/i0.wp.com\/sergiobertoldi.com\/wp-content\/uploads\/2020\/06\/WhatsApp-Image-2020-06-16-at-21.29.27-1024x768.jpeg?resize=800%2C600&#038;ssl=1\" alt=\"\" width=\"800\" height=\"600\" \/><\/p>\n<p>&nbsp;<\/p>\n<p><span style=\"color: #0a0a00;\">\u00a0O processo que foi aberto a pedido do parecer da Comiss\u00e3o de Inqu\u00e9rito e Sindic\u00e2ncia (CIS) sobre as contas do clube em 2018, quando o clube apresentou um d\u00e9ficit de R$ 77 milh\u00f5es no exerc\u00edcio, manteve o entendimento quanto a reprova\u00e7\u00e3o das contas, por\u00e9m os Conselheiros rejeitaram a indica\u00e7\u00e3o de um novo pedido de impeachment envolvendo o presidente Jos\u00e9 Carlos Peres, o vice-presidente Orlando Rollo, e os demais membros do Comit\u00ea de Gest\u00e3o, por irregularidades administrativas!<br \/>\n<\/span><span style=\"color: #0a0a00;\">Depois da leitura do parecer da CIS, os membros do Comit\u00ea de Gest\u00e3o puderam fazer suas defesas, os Conselheiros inscritos tamb\u00e9m falaram, e s\u00f3 depois teve in\u00edcio a vota\u00e7\u00e3o!<\/span><\/p>\n<p><span style=\"color: #0a0a00;\">O Presidente Jos\u00e9 Carlos Peres que se encontra nos \u00faltimos meses de mandato e poderia sofrer seu terceiro processo de impeachment se livrou de mais um!<br \/>\n<\/span><span style=\"color: #0a0a00;\">As contas de 2018 continuam mesmo reprovadas, mas do impeachment, Peres se livrou!<\/span><\/p>\n<p><span style=\"text-decoration: underline;\"><strong><span style=\"color: #0a0a00; text-decoration: underline;\">O resultado final da vota\u00e7\u00e3o, ficou definido com a seguinte contagem:<\/span><\/strong><\/span><\/p>\n<p><span style=\"color: #0a0a00;\"><strong>06<\/strong> Conselheiros votaram pela instaura\u00e7\u00e3o de um novo processo de Impeachment.<br \/>\n<\/span><span style=\"color: #0a0a00;\"><strong>79<\/strong> Conselheiros entenderam que n\u00e3o deveriam acolher o pedido de um novo Impeachment, principalmente por ter sido muito mal conduzido pela CIS (Comiss\u00e3o de Inqu\u00e9rito e Sindic\u00e2ncia), inclusive por entenderem que no processo, jamais poderia ter sido inclu\u00eddo o nome do vice-presidente Orlando Rollo, pois no entendimento geral, o mesmo nunca fez parte dessa gest\u00e3o do Santos Futebol Clube, a<\/span><span style=\"color: #0a0a00;\">liado ao fato da fragilidade como foi redigido, dando condi\u00e7\u00f5es de defesa ao presidente que muito provavelmente iria escapar novamente, fortalecendo ainda mais sua imagem de v\u00edtima eterna da oposi\u00e7\u00e3o, e ainda sairia fortalecido e com moral elevada rumo a uma reelei\u00e7\u00e3o que ele jura que n\u00e3o ir\u00e1 disputar!<br \/>\n<\/span><span style=\"color: #0a0a00;\">Por fim finalizando os n\u00fameros da vota\u00e7\u00e3o, houve um n\u00famero alto de Conselheiros que se abstiveram de votar, ao todo <strong>75<\/strong>.<\/span><\/p>\n<p><span style=\"color: #0a0a00;\">A surpresa ocorrida no apagar das luzes da reuni\u00e3o, ficou por conta do pedido de ren\u00fancia de dois Conselheiros que pertenciam a CIS (Comiss\u00e3o de Inqu\u00e9rito e Sindic\u00e2ncia), os senhores <em><strong>Rubens Passos<\/strong><\/em> e <em><strong>Jos\u00e9 Geraldo<\/strong><\/em>!<br \/>\nN\u00e3o ser\u00e1 surpresa se ainda no dia de hoje, tivermos a not\u00edcia do pedido de ren\u00fancia de mais dois integrantes da CIS! A derrota ocorrida na vota\u00e7\u00e3o desta \u00faltima ter\u00e7a-feira, ocasionou um forte desgaste dos membros da &#8220;<strong>Comiss\u00e3o de Inqu\u00e9rito e Sindic\u00e2ncia<\/strong>&#8220;, perante o Plen\u00e1rio!<\/span><span style=\"color: #0a0a00;\">\u00a0<\/span><\/p>\n<p><span style=\"color: #0a0a00;\">No entendimento do Blog Sergio Bertoldi, a Assembleia realizada na noite desta \u00faltima ter\u00e7a-feira, demonstra n\u00e3o s\u00f3 a justi\u00e7a e coer\u00eancia dos nobres Conselheiros ao rejeitarem a indica\u00e7\u00e3o de um novo processo de impeachment, como a maturidade desse \u00d3rg\u00e3o fiscalizador do clube! \u00a0<br \/>\n<\/span><\/p>\n<p>O fator preponderante para que o resultado final pudesse ocorrer da maneira que deveria, foi a imparcialidade dos principais l\u00edderes pol\u00edticos do Clube, que colocaram suas diverg\u00eancias ideol\u00f3gicas de lado pelo bem do Santos: <strong>Milton Teixeira Filho, Esmeraldo Tarquinio, Fernando Silva, Rodrigo Marino, Clovis Cimino, Andres Rueda, Vagner Lombardi, Jos\u00e9 Renato Quaresma, Celso Jatene, Alexandro Soares, \u00c9merson Cholby, Fabio Gonzalez, Jo\u00e3o Gazzolla, Nilton Ramalho,<\/strong> entre outros, foram fundamentais na busca pela verdade \u00e9 pela justi\u00e7a.<br \/>\nA Mesa presidida por Marcelo Teixeira teve atua\u00e7\u00e3o impec\u00e1vel na condu\u00e7\u00e3o dos trabalhos.,<\/p>\n<p><span style=\"color: #0a0a00;\">Pela brilhante atua\u00e7\u00e3o decisiva e firme, que tiveram no transcorrer de toda a reuni\u00e3o, colaborando diretamente para o resultado de ontem, eu gostaria de registrar uma men\u00e7\u00e3o aos conselheiros:<br \/>\n<\/span>\u00a0<strong>Diego Turato<\/strong>, <strong>Wilber Gadi<\/strong>, <strong>Luiz Fernando Cardoso<\/strong>, conhecido carinhosamente como \u201cXarope\u201d, <strong>Leonardo Fraga<\/strong>, <strong>Marcelo Pagliuso, Raphael Vita, Celso Pires, Ricardo de Morais, M\u00e1rcio Rosas, Marcus Vin\u00edcius Louren\u00e7o Gomes, Eduardo Filetti, Alberto Pfeifer, Beto Brisida, Norberto Gon\u00e7alves, Alexandre Santos e Silva,<\/strong>\u00a0com destaque especial aos Conselheiros <span style=\"text-decoration: underline;\"><strong>M\u00e1rio Badures<\/strong><\/span> e <span style=\"text-decoration: underline;\"><strong>Leandro Weissmann<\/strong><\/span> que foram impec\u00e1veis em seus discursos.<\/p>\n<p><img data-recalc-dims=\"1\" loading=\"lazy\" decoding=\"async\" class=\"wp-image-1658 size-thumbnail alignnone\" src=\"https:\/\/i0.wp.com\/sergiobertoldi.com\/wp-content\/uploads\/2020\/06\/52412089_2503781869693772_705378954516627456_n-150x150.jpg?resize=150%2C150&#038;ssl=1\" alt=\"\" width=\"150\" height=\"150\" \/>\u00a0 \u00a0 \u00a0 \u00a0<img data-recalc-dims=\"1\" loading=\"lazy\" decoding=\"async\" class=\"wp-image-1659 size-thumbnail alignnone\" src=\"https:\/\/i0.wp.com\/sergiobertoldi.com\/wp-content\/uploads\/2020\/06\/pp-150x150.jpg?resize=150%2C150&#038;ssl=1\" alt=\"\" width=\"150\" height=\"150\" \/><\/p>\n<p><span style=\"color: #0a0a00;\">Ap\u00f3s a reuni\u00e3o, conversei com os conselheiros <em><strong>Diego Turato, Wilber Gadi<\/strong><\/em>, <em><strong>Leandro Weissmann, <\/strong><\/em>e tamb\u00e9m com o Presidente da \u201c<span style=\"text-decoration: underline;\"><strong>Associa\u00e7\u00e3o Terceira Via Santista<\/strong><\/span>\u201d, e conselheiro suplente <em><strong>Rodrigo Galv\u00e3o Zang<\/strong><\/em>.<\/span><\/p>\n<p><span style=\"text-decoration: underline;\">Acompanhem o parecer dos Conselheiros que participaram dessa importante Assembleia, al\u00e9m da vis\u00e3o da Associa\u00e7\u00e3o &#8220;Terceira Via Santista&#8221; representada por seu presidente!<\/span><\/p>\n<audio class=\"wp-audio-shortcode\" id=\"audio-1643-1\" preload=\"none\" style=\"width: 100%;\" controls=\"controls\"><source type=\"audio\/mpeg\" src=\"https:\/\/sergiobertoldi.com\/wp-content\/uploads\/2020\/06\/WhatsApp-Ptt-2020-06-17-Diego-Turato-1.mp3?_=1\" \/><a href=\"https:\/\/sergiobertoldi.com\/wp-content\/uploads\/2020\/06\/WhatsApp-Ptt-2020-06-17-Diego-Turato-1.mp3\">https:\/\/sergiobertoldi.com\/wp-content\/uploads\/2020\/06\/WhatsApp-Ptt-2020-06-17-Diego-Turato-1.mp3<\/a><\/audio>\n<p><em><strong>\u00a0 \u00a0 \u00a0 \u00a0 \u00a0 \u00a0 \u00a0 \u00a0 \u00a0 \u00a0 \u00a0 \u00a0 \u00a0 \u00a0 \u00a0 \u00a0 \u00a0 \u00a0 \u00a0 \u00a0 \u00a0 \u00a0 \u00a0 \u00a0 \u00a0 \u00a0 \u00a0 \u00a0 \u00a0 \u00a0 \u00a0 \u00a0 \u00a0 \u00a0 Conselheiro Diego Turato<\/strong><\/em><\/p>\n<audio class=\"wp-audio-shortcode\" id=\"audio-1643-2\" preload=\"none\" style=\"width: 100%;\" controls=\"controls\"><source type=\"audio\/mpeg\" src=\"https:\/\/sergiobertoldi.com\/wp-content\/uploads\/2020\/06\/WhatsApp-Ptt-2020-06-17-Wilber-Gadi.mp3?_=2\" \/><a href=\"https:\/\/sergiobertoldi.com\/wp-content\/uploads\/2020\/06\/WhatsApp-Ptt-2020-06-17-Wilber-Gadi.mp3\">https:\/\/sergiobertoldi.com\/wp-content\/uploads\/2020\/06\/WhatsApp-Ptt-2020-06-17-Wilber-Gadi.mp3<\/a><\/audio>\n<p><em><strong>\u00a0 \u00a0 \u00a0 \u00a0 \u00a0 \u00a0 \u00a0 \u00a0 \u00a0 \u00a0 \u00a0 \u00a0 \u00a0 \u00a0 \u00a0 \u00a0 \u00a0 \u00a0 \u00a0 \u00a0 \u00a0 \u00a0 \u00a0 \u00a0 \u00a0 \u00a0 \u00a0 \u00a0 \u00a0 \u00a0 \u00a0 \u00a0 \u00a0 \u00a0 Conselheiro Wilber Gadi<\/strong><\/em><\/p>\n<audio class=\"wp-audio-shortcode\" id=\"audio-1643-3\" preload=\"none\" style=\"width: 100%;\" controls=\"controls\"><source type=\"audio\/mpeg\" src=\"https:\/\/sergiobertoldi.com\/wp-content\/uploads\/2020\/06\/WhatsApp-Ptt-2020-06-17-Leandro-Weissman.mp3?_=3\" \/><a href=\"https:\/\/sergiobertoldi.com\/wp-content\/uploads\/2020\/06\/WhatsApp-Ptt-2020-06-17-Leandro-Weissman.mp3\">https:\/\/sergiobertoldi.com\/wp-content\/uploads\/2020\/06\/WhatsApp-Ptt-2020-06-17-Leandro-Weissman.mp3<\/a><\/audio>\n<p><em><strong>\u00a0 \u00a0 \u00a0 \u00a0 \u00a0 \u00a0 \u00a0 \u00a0 \u00a0 \u00a0 \u00a0 \u00a0 \u00a0 \u00a0 \u00a0 \u00a0 \u00a0 \u00a0 \u00a0 \u00a0 \u00a0 \u00a0 \u00a0 \u00a0 \u00a0 \u00a0 \u00a0 \u00a0 \u00a0 \u00a0 \u00a0 \u00a0 \u00a0 \u00a0 Conselheiro<\/strong> <strong>Leandro Weissmann<\/strong><\/em><\/p>\n<audio class=\"wp-audio-shortcode\" id=\"audio-1643-4\" preload=\"none\" style=\"width: 100%;\" controls=\"controls\"><source type=\"audio\/mpeg\" src=\"https:\/\/sergiobertoldi.com\/wp-content\/uploads\/2020\/06\/WhatsApp-Ptt-2020-06-17-Zang-1.mp3?_=4\" \/><a href=\"https:\/\/sergiobertoldi.com\/wp-content\/uploads\/2020\/06\/WhatsApp-Ptt-2020-06-17-Zang-1.mp3\">https:\/\/sergiobertoldi.com\/wp-content\/uploads\/2020\/06\/WhatsApp-Ptt-2020-06-17-Zang-1.mp3<\/a><\/audio>\n<p><em><strong>\u00a0 \u00a0 \u00a0 \u00a0 \u00a0 \u00a0 \u00a0 \u00a0 \u00a0 \u00a0 \u00a0 \u00a0 \u00a0 \u00a0 \u00a0 \u00a0 \u00a0 \u00a0 \u00a0 \u00a0 \u00a0 \u00a0 Presidente da Terceira Via Santista Rodrigo Galv\u00e3o Zang<\/strong><\/em><\/p>\n<audio class=\"wp-audio-shortcode\" id=\"audio-1643-5\" preload=\"none\" style=\"width: 100%;\" controls=\"controls\"><source type=\"audio\/mpeg\" src=\"https:\/\/sergiobertoldi.com\/wp-content\/uploads\/2020\/06\/WhatsApp-Ptt-2020-06-17-Zang-2.mp3?_=5\" \/><a href=\"https:\/\/sergiobertoldi.com\/wp-content\/uploads\/2020\/06\/WhatsApp-Ptt-2020-06-17-Zang-2.mp3\">https:\/\/sergiobertoldi.com\/wp-content\/uploads\/2020\/06\/WhatsApp-Ptt-2020-06-17-Zang-2.mp3<\/a><\/audio>\n<p><em><strong>\u00a0 \u00a0 \u00a0 \u00a0 \u00a0 \u00a0 \u00a0 \u00a0 \u00a0 \u00a0 \u00a0 \u00a0 \u00a0 \u00a0 \u00a0 \u00a0 \u00a0 \u00a0 \u00a0 \u00a0 \u00a0 \u00a0 \u00a0Presidente da Terceira Via Santista Rodrigo Galv\u00e3o Zang<\/strong><\/em><\/p>\n<p>\u00c9 bom lembrar, que a coisa toda n\u00e3o est\u00e1 nada suave para o presidente n\u00e3o!<br \/>\nNo pr\u00f3ximo dia 30, caso o Presidente do Conselho Deliberativo n\u00e3o transfira para alguma outra data mais adiante, teremos mais uma reuni\u00e3o do Conselho, onde a Comiss\u00e3o Fiscal vai apresentar o Balan\u00e7o Anual de 2019, e pelo andar da carruagem, as contas desse exerc\u00edcio tem tudo para serem reprovadas novamente!<br \/>\nO uso indevido com gastos particulares se utilizando do Cart\u00e3o Corporativo do clube, pagamento de comiss\u00f5es para Agentes de jogadores cujas justificativas n\u00e3o convenceram ningu\u00e9m, s\u00e3o alguns dos motivos<\/p>\n<p>Se o entendimento dos Conselheiros do Santos, for o mesmo que tiveram os membros da <span style=\"color: #0a0a00;\">CIS (Comiss\u00e3o de Inqu\u00e9rito e Sindic\u00e2ncia), ao orientar que as contas do exerc\u00edcio de 2019, tamb\u00e9m fossem reprovadas, o Presidente Jos\u00e9 Carlos Peres, n\u00e3o se salva mais e estar\u00e1 fora da Presid\u00eancia do Santos Futebol Clube!<br \/>\n<\/span><span style=\"color: #0a0a00;\">Presid\u00eancia essa, na qual ironicamente, ele s\u00f3 permanece gra\u00e7as ao seu desafeto <strong>Orlando Rollo<\/strong>!\u00a0<\/span><\/p>\n<p>Quem diria hein Presidente? Que o senhor ainda ganharia alguns dias a mais nessa cadeira, gra\u00e7as ao entendimento dos Conselheiros, que seria uma injusti\u00e7a tremenda aprovarem a indica\u00e7\u00e3o de um impeachment que inclu\u00eda o nome do vice-presidente Orlando Rollo!\u00a0<\/p>\n<p>(Cr\u00e9dito: Imagem: Ivan Storti)<br \/>\n(Cr\u00e9dito: Imagem: cedida gentilmente pelo Conselheiro Wladimir Mattos)<\/p>\n","protected":false},"excerpt":{"rendered":"<p>Al\u00f4 Na\u00e7\u00e3o Santista! Sauda\u00e7\u00f5es Alvinegras! Atendendo ao edital de convoca\u00e7\u00e3o para a realiza\u00e7\u00e3o de uma reuni\u00e3o do Conselho Deliberativo, em<\/p>\n","protected":false},"author":2,"featured_media":0,"comment_status":"open","ping_status":"open","sticky":false,"template":"","format":"standard","meta":{"colormag_page_container_layout":"default_layout","colormag_page_sidebar_layout":"default_layout","_jetpack_memberships_contains_paid_content":false,"footnotes":""},"categories":[12,4,18],"tags":[6],"class_list":["post-1643","post","type-post","status-publish","format-standard","hentry","category-analise-e-comentario","category-bastidores-do-santos-fc","category-conselho-deliberativo","tag-santos-fc"],"jetpack_featured_media_url":"","jetpack_likes_enabled":true,"jetpack_sharing_enabled":true,"_links":{"self":[{"href":"https:\/\/sergiobertoldi.com\/index.php\/wp-json\/wp\/v2\/posts\/1643","targetHints":{"allow":["GET"]}}],"collection":[{"href":"https:\/\/sergiobertoldi.com\/index.php\/wp-json\/wp\/v2\/posts"}],"about":[{"href":"https:\/\/sergiobertoldi.com\/index.php\/wp-json\/wp\/v2\/types\/post"}],"author":[{"embeddable":true,"href":"https:\/\/sergiobertoldi.com\/index.php\/wp-json\/wp\/v2\/users\/2"}],"replies":[{"embeddable":true,"href":"https:\/\/sergiobertoldi.com\/index.php\/wp-json\/wp\/v2\/comments?post=1643"}],"version-history":[{"count":10,"href":"https:\/\/sergiobertoldi.com\/index.php\/wp-json\/wp\/v2\/posts\/1643\/revisions"}],"predecessor-version":[{"id":1664,"href":"https:\/\/sergiobertoldi.com\/index.php\/wp-json\/wp\/v2\/posts\/1643\/revisions\/1664"}],"wp:attachment":[{"href":"https:\/\/sergiobertoldi.com\/index.php\/wp-json\/wp\/v2\/media?parent=1643"}],"wp:term":[{"taxonomy":"category","embeddable":true,"href":"https:\/\/sergiobertoldi.com\/index.php\/wp-json\/wp\/v2\/categories?post=1643"},{"taxonomy":"post_tag","embeddable":true,"href":"https:\/\/sergiobertoldi.com\/index.php\/wp-json\/wp\/v2\/tags?post=1643"}],"curies":[{"name":"wp","href":"https:\/\/api.w.org\/{rel}","templated":true}]}}