{"id":1549,"date":"2020-05-14T20:41:01","date_gmt":"2020-05-14T23:41:01","guid":{"rendered":"http:\/\/sergiobertoldi.com\/?p=1549"},"modified":"2020-05-14T20:41:10","modified_gmt":"2020-05-14T23:41:10","slug":"do-inicio-ao-fim-uma-administracao-marcada-por-lambancas-e-trapalhadas","status":"publish","type":"post","link":"https:\/\/sergiobertoldi.com\/index.php\/2020\/05\/14\/do-inicio-ao-fim-uma-administracao-marcada-por-lambancas-e-trapalhadas\/","title":{"rendered":"Do in\u00edcio ao fim, uma administra\u00e7\u00e3o marcada por lamban\u00e7as e trapalhadas!"},"content":{"rendered":"\n<p>A<strong><span style=\"text-decoration: underline;\">l\u00f4 Na\u00e7\u00e3o Santista! Sauda\u00e7\u00f5es Alvinegras!<\/span><\/strong><\/p>\n\n\n\n<p>Como desagradar todo um elenco, com um &#8220;Errinho&#8221; de porcentagem!<br>Era para pagar 70% e cortar 30%?<br>Ou era para pagar 30% e cortar 70%?<br>Perplexidade e surpresa!<br>Foram esses os sentimentos que tomaram conta do elenco Santista, ao constatarem o valor de seus saldos banc\u00e1rios, perante aquilo que esperavam que o Clube fosse depositar.<\/p>\n\n\n\n<p>O que ocorreu foi que o Presidente do Santos Futebol Clube, senhor Jos\u00e9 Carlos Peres, resolveu por conta e risco, como sempre faz com tudo, reduzir em 70%, o sal\u00e1rio dos jogadores do elenco profissional, assim como os sal\u00e1rios de todos os profissionais das comiss\u00f5es t\u00e9cnicas (Profissional e Base), e de grande parte dos demais funcion\u00e1rios, pelo per\u00edodo de pelo menos tr\u00eas meses, respectivamente os meses de abril, maio e junho. Redu\u00e7\u00e3o essa, baseada nos problemas financeiros de fluxo de caixa, devido a paralisa\u00e7\u00e3o das atividades do clube \u00a0por conta da Pandemia causada pelo novo coronav\u00edrus, Covid-19.<\/p>\n\n\n\n<p>A revolta de todos no clube, principalmente por parte dos atletas profissionais, se d\u00e1 pelo fato de n\u00e3o ter ocorrido, uma conversa ou negocia\u00e7\u00e3o entre a Diretoria do clube e os jogadores!<br>At\u00e9 porqu\u00ea, uma conversa preliminar a qual \u00e9 bom que se ressalte, n\u00e3o houve prosseguimento, falava em uma poss\u00edvel redu\u00e7\u00e3o que no m\u00e1ximo estaria na casa dos 30%, e n\u00e3o o contr\u00e1rio que foi feito, de pagar s\u00f3 30%.<\/p>\n\n\n\n<p>O Mandat\u00e1rio Santista, alega que por conta da pandemia do novo coronav\u00edrus, com a paralisa\u00e7\u00e3o for\u00e7ada de todas as atividades, o Santos tem apenas 30% das receitas, e s\u00f3 conta com esse percentual para saldar todos os compromissos que precisa quitar.<br>At\u00e9 o presente momento, existe apenas uma determina\u00e7\u00e3o de que apenas os funcion\u00e1rios que tiverem vencimentos no m\u00e1ximo na casa dos R$ 6 mil reais, n\u00e3o sofrer\u00e3o redu\u00e7\u00e3o salarial.<br>J\u00e1 os demais desse teto para cima, ter\u00e3o que se enquadrar na nova realidade financeira, imposta pela falta de recursos!<\/p>\n\n\n\n<p>A verdade: \u00c9 que existe sim um entendimento e bom senso por parte de jogadores e membros das respectivas Comiss\u00f5es T\u00e9cnicas, perante a situa\u00e7\u00e3o n\u00e3o s\u00f3 do futebol Brasileiro, como de todas as modalidades esportivas que hoje encontram-se completamente paradas!<br>Os profissionais do Santos, n\u00e3o s\u00e3o insens\u00edveis \u00e0s dificuldades do clube, em nesse momento, poder honrar com valores com os quais antes da pandemia, j\u00e1 encontrava dificuldades para honrar!<\/p>\n\n\n\n<p>A quest\u00e3o n\u00e3o \u00e9 n\u00e3o aceitarem um corte em seus sal\u00e1rios e direitos de imagem, mas sim, quererem impor um corte desse tamanho 70%, bem superior aos 30% que teria sido anteriormente conversado com a Diretoria!<br>Isso sem contar, o fato de os atletas garantirem que n\u00e3o foram comunicados desse corte, bem maior do que poderiam prever, e s\u00f3 receberam o holerite j\u00e1 com o desconto inclu\u00eddo.<\/p>\n\n\n\n<p>Os jogadores do Santos, n\u00e3o gostaram nem um pouco do ocorrido, e inclusive muitos deles, chegaram a manifestar publicamente em suas contas pessoais em redes sociais, todo o seu descontentamento com a atitude do Presidente Jos\u00e9 Carlos Peres.<br>Um manifesto redigido pelo \u201cSindicato dos Atletas profissional de S\u00e3o Paulo\u201d, tecendo duras cr\u00edticas referentes a redu\u00e7\u00e3o dos sal\u00e1rios realizado pelo Santos, chegou a ser postado por alguns atletas.<\/p>\n\n\n\n<p class=\"has-text-align-center\"><span style=\"text-decoration: underline;\"><strong>Confira na \u00edntegra o conte\u00fado da nota<\/strong><\/span><\/p>\n\n\n\n<figure class=\"wp-block-image size-large\"><img data-recalc-dims=\"1\" decoding=\"async\" src=\"https:\/\/i0.wp.com\/sergiobertoldi.com\/wp-content\/uploads\/2020\/05\/5ebd7d01f397a-1.jpeg?w=800\" alt=\"\" class=\"wp-image-1552\"\/><\/figure>\n\n\n\n<p>Mais uma vez a rela\u00e7\u00e3o profissional entre o clube e seus jogadores, \u00e9 abalada pela equivocada e atrapalhada, gest\u00e3o do atual presidente que como muitos afirmam, n\u00e3o tem compet\u00eancia nem para gerenciar um \u201cCarrinho de Pipocas\u201d<\/p>\n\n\n\n<p>Neste imbr\u00f3glio, (Mais um por sinal), o panorama mais sombrio seria outra debandada de jogadores como ocorreu ao final da Gest\u00e3o Laor \/ Odir, quando alguns dos principais jogadores daquele elenco, entraram na justi\u00e7a e deixaram o clube!<br>O problema \u00e9 que nesta atual situa\u00e7\u00e3o, os jogadores poderiam pedir rescis\u00e3o unilateral dos contratos de trabalho e pegarem seus passes livres, al\u00e9m do Clube ter de devolver o que n\u00e3o pagaram, e ainda pagar a multa das rescis\u00f5es contratuais.<\/p>\n\n\n\n<p>Ciente da repercuss\u00e3o extremamente negativa e danosa, causada por sua atitude, o Presidente Jos\u00e9 Carlos Peres tratou de correr e mandou emitir uma nota, com o claro intuito de dizer que a coisa n\u00e3o teria sido bem assim, e que s\u00f3 depositou apenas 30% dos vencimentos neste m\u00eas pois ainda n\u00e3o havia chegado a um acordo com o elenco sobre a redu\u00e7\u00e3o salarial.<\/p>\n\n\n\n<p><strong><span style=\"text-decoration: underline;\">Nota de Esclarecimento \u2013 Medidas de enfrentamento da crise Covid-19<\/span><\/strong><\/p>\n\n\n\n<figure class=\"wp-block-image size-large\"><img data-recalc-dims=\"1\" decoding=\"async\" src=\"https:\/\/i0.wp.com\/sergiobertoldi.com\/wp-content\/uploads\/2020\/05\/Comunicado-Novo.jpg?w=800\" alt=\"\" class=\"wp-image-1553\"\/><figcaption>Publicado em\u00a014 de maio de 2020\u00a0por\u00a0<a href=\"https:\/\/www.santosfc.com.br\/author\/comunicacao-santosfc\/\">Santos FC<\/a>.<\/figcaption><\/figure>\n\n\n\n<p><em>O Santos Futebol Clube vem a p\u00fablico esclarecer que ainda n\u00e3o houve desfecho nas negocia\u00e7\u00f5es de redu\u00e7\u00e3o salarial com os atletas, e que, independentemente deste fato, optou por tomar a decis\u00e3o de efetuar o pagamento parcial de seus respectivos sal\u00e1rios referentes ao m\u00eas de abril, sob a mesma pol\u00edtica adotada para todos os demais funcion\u00e1rios do Clube. As negocia\u00e7\u00f5es com os atletas seguir\u00e3o em andamento, com o intuito de encontrar um denominador comum entre as partes.<br>Diante desta pandemia do novo Coronav\u00edrus e todas as complica\u00e7\u00f5es por ela geradas, o Santos FC tem feito o poss\u00edvel para atender todo o quadro de funcion\u00e1rios, terceiros e fornecedores. Mesmo em estado de calamidade p\u00fablica e com importantes receitas suspensas, aproximadamente 60% dos funcion\u00e1rios receberam seus sal\u00e1rios integralmente.<\/em><\/p>\n\n\n\n<p>De acordo com a declara\u00e7\u00e3o dada pelo mandat\u00e1rio Santista, a redu\u00e7\u00e3o no sal\u00e1rio dos jogadores teve por finalidade, proporcionar ao clube uma maneira de n\u00e3o precisar realizar cortes nos sal\u00e1rios do restante dos funcion\u00e1rios que recebem menos de R$ 6.000 mil, que segundo o pr\u00f3prio presidente, representariam algo em torno de 80% da folha de pagamentos do clube! O objetivo \u00e9 o de tentar ao m\u00e1ximo, fazer com que o clube possa passar por esse momento dif\u00edcil, sem ter que recorrer a demiss\u00f5es, se poss\u00edvel honrando com o sal\u00e1rio integral para boa parte dos funcion\u00e1rios do clube!<br>Vamos esperar e acompanhar o desenrolar dos fatos, e os poss\u00edveis desdobramentos que essa redu\u00e7\u00e3o de sal\u00e1rios, poder\u00e1 ocasionar ao Santos!<\/p>\n\n\n\n<p>(Cr\u00e9dito: Imagem: Ivan Storti\/Santos FC)<\/p>\n\n\n\n<p><\/p>\n\n\n\n<p><\/p>\n\n\n\n<p><\/p>\n\n\n\n<p><\/p>\n","protected":false},"excerpt":{"rendered":"<p>Al\u00f4 Na\u00e7\u00e3o Santista! Sauda\u00e7\u00f5es Alvinegras! Como desagradar todo um elenco, com um &#8220;Errinho&#8221; de porcentagem!Era para pagar 70% e cortar<\/p>\n","protected":false},"author":2,"featured_media":0,"comment_status":"open","ping_status":"open","sticky":false,"template":"","format":"standard","meta":{"colormag_page_container_layout":"default_layout","colormag_page_sidebar_layout":"default_layout","_jetpack_memberships_contains_paid_content":false,"footnotes":""},"categories":[12,4],"tags":[6],"class_list":["post-1549","post","type-post","status-publish","format-standard","hentry","category-analise-e-comentario","category-bastidores-do-santos-fc","tag-santos-fc"],"jetpack_featured_media_url":"","jetpack_likes_enabled":true,"jetpack_sharing_enabled":true,"_links":{"self":[{"href":"https:\/\/sergiobertoldi.com\/index.php\/wp-json\/wp\/v2\/posts\/1549","targetHints":{"allow":["GET"]}}],"collection":[{"href":"https:\/\/sergiobertoldi.com\/index.php\/wp-json\/wp\/v2\/posts"}],"about":[{"href":"https:\/\/sergiobertoldi.com\/index.php\/wp-json\/wp\/v2\/types\/post"}],"author":[{"embeddable":true,"href":"https:\/\/sergiobertoldi.com\/index.php\/wp-json\/wp\/v2\/users\/2"}],"replies":[{"embeddable":true,"href":"https:\/\/sergiobertoldi.com\/index.php\/wp-json\/wp\/v2\/comments?post=1549"}],"version-history":[{"count":2,"href":"https:\/\/sergiobertoldi.com\/index.php\/wp-json\/wp\/v2\/posts\/1549\/revisions"}],"predecessor-version":[{"id":1555,"href":"https:\/\/sergiobertoldi.com\/index.php\/wp-json\/wp\/v2\/posts\/1549\/revisions\/1555"}],"wp:attachment":[{"href":"https:\/\/sergiobertoldi.com\/index.php\/wp-json\/wp\/v2\/media?parent=1549"}],"wp:term":[{"taxonomy":"category","embeddable":true,"href":"https:\/\/sergiobertoldi.com\/index.php\/wp-json\/wp\/v2\/categories?post=1549"},{"taxonomy":"post_tag","embeddable":true,"href":"https:\/\/sergiobertoldi.com\/index.php\/wp-json\/wp\/v2\/tags?post=1549"}],"curies":[{"name":"wp","href":"https:\/\/api.w.org\/{rel}","templated":true}]}}