{"id":1430,"date":"2020-03-09T08:00:00","date_gmt":"2020-03-09T11:00:00","guid":{"rendered":"http:\/\/sergiobertoldi.com\/?p=1430"},"modified":"2020-03-08T23:19:26","modified_gmt":"2020-03-09T02:19:26","slug":"quem-assume-o-prejuizo","status":"publish","type":"post","link":"https:\/\/sergiobertoldi.com\/index.php\/2020\/03\/09\/quem-assume-o-prejuizo\/","title":{"rendered":"Quem assume o Preju\u00edzo?"},"content":{"rendered":"\n<p><strong><span style=\"text-decoration: underline;\">Al\u00f4 Na\u00e7\u00e3o Santista! Sauda\u00e7\u00f5es Alvinegras!<\/span><\/strong><\/p>\n\n\n\n<p>A f\u00e1brica de talentos n\u00e3o pode parar!<\/p>\n\n\n\n<p>Como no Santos Futebol Clube o torcedor Alvinegro j\u00e1 se acostumou com o fato, de que contrariando at\u00e9 mesmo as leis da f\u00edsica, aqui os raios caem sim no mesmo lugar, mais um caiu recentemente!<br>Por\u00e9m toda a expectativa e esperan\u00e7a depositada nessa nova joia da base Santista, foi bruscamente interrompida!<br>O atacante Renyer, de 16 anos, considerado a mais nova joia do Santos, sofreu uma les\u00e3o no ligamento cruzado do joelho direito, e n\u00e3o atua mais pelo Peixe nesta temporada!.<\/p>\n\n\n\n<p>Convocado pelo t\u00e9cnico Dudu Patetuci, treinador da sele\u00e7\u00e3o brasileira sub-17, o jogador do Santos estava treinando desde o dia primeiro deste m\u00eas na Granja Comary, com a Sele\u00e7\u00e3o, onde passava a semana realizando um per\u00edodo de treinos, nesse in\u00edcio de prepara\u00e7\u00e3o para o pr\u00f3ximo Sul-Americano da categoria, que ser\u00e1 disputado em 2021, quando na tarde da \u00faltima quarta-feira (04), Renyer, rompeu o ligamento cruzado do joelho direito, em uma das atividades do treino!<br>O jogador retornou ao Santos nesta \u00faltima quinta-feira, teve sua les\u00e3o reavaliada pelos M\u00e9dicos do Santos, e inclusive j\u00e1 iniciou o trabalho de fisioterapia no CEPRAF (Centro de Excel\u00eancia em Preven\u00e7\u00e3o e Recupera\u00e7\u00e3o de Atletas de Futebol) do Santos FC.<\/p>\n\n\n\n<p>Renyer ser\u00e1 operado nos pr\u00f3ximos dias, e passar\u00e1 por cirurgia para reconstru\u00e7\u00e3o do ligamento cruzado do joelho direito. <br>O prazo de recupera\u00e7\u00e3o de uma reconstru\u00e7\u00e3o de ligamento cruzado, costuma variar de seis a oito meses.<br>&nbsp;Dessa forma prematura, o ano de 2020 acabou mais cedo para o atacante de 16 anos, que era um dos 30 inscritos do Santos na Copa Libertadores, e vinha ganhando algumas oportunidades no elenco profissional sob o comando do t\u00e9cnico Jesualdo Ferreira, tendo entrado no decorrer de tr\u00eas jogos no Campeonato Paulista.<\/p>\n\n\n\n<p>N\u00e3o bastasse o preju\u00edzo na pr\u00f3pria carreira do jogador, que praticamente perde um ano de seu primeiro contrato como profissional, que inclusive foi recentemente assinado, depois de meses de tratativas com o Santos, o pr\u00f3prio clube sofre um preju\u00edzo financeiro enorme!<\/p>\n\n\n\n<div class=\"wp-block-image\"><figure class=\"aligncenter size-large is-resized\"><img data-recalc-dims=\"1\" loading=\"lazy\" decoding=\"async\" src=\"https:\/\/i0.wp.com\/sergiobertoldi.com\/wp-content\/uploads\/2020\/03\/whatsapp-image-2019-12-21-at-22.21.28-1-.jpeg?resize=492%2C485\" alt=\"\" class=\"wp-image-1432\" width=\"492\" height=\"485\"\/><figcaption> Aqui  Renyer assinando seu primeiro contrato como profissional <\/figcaption><\/figure><\/div>\n\n\n\n<p>Primeiro porque o rapaz, n\u00e3o tem culpa nenhuma de sofrer com uma fatalidade dessas, e mesmo sem poder realizar normalmente as suas atividades como jogador profissional, o clube ter\u00e1 que continuar pagando seus sal\u00e1rios normalmente!<br>E segundo porque avaliado com uma multa rescis\u00f3ria de R$ 450 milh\u00f5es, caso surgisse uma proposta, o Santos poderia acertar grande parte de seus problemas financeiros! <\/p>\n\n\n\n<p>E agora Jos\u00e9? &nbsp;Quem assume a responsabilidade?<br>Fazendo uma compara\u00e7\u00e3o simples, s\u00f3 para que o torcedor possa entender, assim como a vida de uma pessoa em cust\u00f3dia, passa a ser de responsabilidade do Estado, no momento em que um clube entrega seu jogador para a Sele\u00e7\u00e3o Brasileira, jogador que antes de mais nada, \u00e9 um \u201cPatrim\u00f4nio\u201d do Clube, \u00e9 obriga\u00e7\u00e3o da CBF, (Confedera\u00e7\u00e3o Brasileira de Futebol), se responsabilizar totalmente pelo atleta enquanto o mesmo estiver entregue a ela!<\/p>\n\n\n\n<p>A \u00fanica quest\u00e3o que ainda que no meu entendimento particular, seja \u201cDiscut\u00edvel\u201d, \u00e9 a quest\u00e3o do pagamento dos vencimentos do jogador, algo que explicarei a seguir.<br>H\u00e1 algum tempo, alguns clubes como o pr\u00f3prio Santos, tinham o entendimento de que durante o per\u00edodo em que o jogador de um clube de futebol, estivesses prestando seus servi\u00e7os a Sele\u00e7\u00e3o Brasileira, no mesmo per\u00edodo em que deixava de faz\u00ea-lo em seu pr\u00f3prio clube, desfalcando sua equipe, inclusive trazendo preju\u00edzo por sua pr\u00f3pria aus\u00eancia, deveria ser de responsabilidade da CBF, arcar integralmente com os vencimentos do jogador!<\/p>\n\n\n\n<p>Discordando dos clubes, a CBF usa como argumento contr\u00e1rio, e a seu favor, uma determina\u00e7\u00e3o que diz que:<br>\u201cOs clubes que cedem seus jogadores para as sele\u00e7\u00f5es nacionais, de acordo com a FIFA, n\u00e3o t\u00eam direito a indeniza\u00e7\u00e3o em rela\u00e7\u00e3o a esta cess\u00e3o, uma vez que o pr\u00f3prio clube se beneficiaria com a representa\u00e7\u00e3o de seu jogador pela sele\u00e7\u00e3o, valorizando-o, o que representa um impacto financeiro direto em benef\u00edcio ao clube em caso de futura negocia\u00e7\u00e3o deste jogador.<br>A entidade afirma que existe reciprocidade na convoca\u00e7\u00e3o, que traria benef\u00edcios para todos. <br>Por isso, n\u00e3o se v\u00ea na obriga\u00e7\u00e3o de pagar os sal\u00e1rios no per\u00edodo em que os atletas defendem a equipe nacional. \u201cCada lado cumpre seu papel. Quando um atleta \u00e9 convocado, ele se valoriza. N\u00e3o \u00e9 uma troca expl\u00edcita, mas os clubes tamb\u00e9m s\u00e3o beneficiados quando um de seus atletas \u00e9 convocado\u201d<\/p>\n\n\n\n<p>Embora a CBF aposte na compreens\u00e3o dos clubes, a Lei Pel\u00e9, base jur\u00eddica citada por santistas e s\u00e3o-paulinos, que em um passado recente j\u00e1 pleitearam tal ressarcimento, aponta a necessidade de pagamento dos sal\u00e1rios. O primeiro par\u00e1grafo do artigo 41 indica que a entidade indenizadora dever\u00e1 arcar com os vencimentos dos atletas.<br>\u201cA entidade convocadora indenizar\u00e1 a cedente dos encargos previstos no contrato de trabalho, pelo per\u00edodo em que durar a convoca\u00e7\u00e3o do atleta, sem preju\u00edzo de eventuais ajustes celebrados entre este e a entidade convocadora\u201d, diz o texto.<br>Mas e quanto ao fato de um jogador estar servindo a Sele\u00e7\u00e3o Brasileira, e neste per\u00edodo, vir a sofrer uma grave les\u00e3o, como foi o caso do jogador Renyer, de 16 anos, considerado a mais nova joia do Santos? <\/p>\n\n\n\n<p>N\u00e3o seria obriga\u00e7\u00e3o da CBF, n\u00e3o s\u00f3 arcar com a responsabilidade de todo o tratamento do jogador, assim como custear seus vencimentos, enquanto o mesmo n\u00e3o puder jogar pelo Santos?<br>No intuito de buscar uma informa\u00e7\u00e3o mais embasada, o Blog Sergio Bertoldi ouviu alguns esclarecimentos importantes, prestados pelo Advogado S\u00e9rgio Douglas Canella, do Escrit\u00f3rio: Victor Barbosa Advocacia, e especialista em Direito Desportivo.<br>Bom dia Doutor Canella! Prazer em t\u00ea-lo conosco aqui no Blog!<br>Fique a vontade para os seus esclarecimentos!<\/p>\n\n\n\n<figure class=\"wp-block-audio\"><audio controls src=\"http:\/\/sergiobertoldi.com\/wp-content\/uploads\/2020\/03\/WhatsApp-Audio-2020-03-06-Advogado-S\u00e9rgio-Douglas.mp3\"><\/audio><figcaption>\u00c1udio do Advogado  S\u00e9rgio Douglas Canella  especialista  em Direito Desportivo <\/figcaption><\/figure>\n\n\n\n<p>Se os amigos que ouviram os esclarecimentos do Advogado, tiveram o mesmo entendimento que eu tive, cabe sim ao Departamento Jur\u00eddico do Santos, requerer uma indeniza\u00e7\u00e3o junto a CBF!<br>A lei \u00e9 clara e ampara os clubes!<br>Basta aos clubes, come\u00e7arem a ter coragem de bater de frente com a entidade, que ali\u00e1s \u00e9 milion\u00e1ria gra\u00e7as aos pr\u00f3prios Clubes!<br>Acho que j\u00e1 \u00e9 hora dos clubes pararem de ter medo de repres\u00e1lias, simplesmente por pleitearem apenas o que lhes \u00e9 de direito!<\/p>\n\n\n\n<figure class=\"wp-block-image size-large\"><img data-recalc-dims=\"1\" decoding=\"async\" src=\"https:\/\/i0.wp.com\/sergiobertoldi.com\/wp-content\/uploads\/2020\/03\/20180514104003_0.jpeg?w=800\" alt=\"\" class=\"wp-image-1433\"\/><figcaption>Suntuosa Sede de uma entidade que vive as custas dos Clubes<\/figcaption><\/figure>\n\n\n\n<p>Cabe aqui uma outra explica\u00e7\u00e3o, para os torcedores que por\nventura, possam estar se questionando, e se o Santos ou o pr\u00f3prio jogador, tivessem\nrecusado a convoca\u00e7\u00e3o?<\/p>\n\n\n\n<p>Em termos gerais, o jogador deve obrigatoriamente, aceitar a convoca\u00e7\u00e3o para a sele\u00e7\u00e3o de seu pa\u00eds de origem. No entanto, caso n\u00e3o queira ser convocado, somente o pr\u00f3prio jogador deve informar por escrito antes da convoca\u00e7\u00e3o, sua inten\u00e7\u00e3o, como aconteceu no caso dos jogadores Kak\u00e1 e Ronaldinho Ga\u00facho para a Copa Am\u00e9rica de 2007.<br>O clube cedente tem 6 dias para responder acerca da libera\u00e7\u00e3o do jogador, bem como apresentar suas raz\u00f5es em caso de n\u00e3o libera\u00e7\u00e3o. <br>Uma vez n\u00e3o liberado pelo clube, e a Associa\u00e7\u00e3o Nacional n\u00e3o concorde com os fundamentos da negativa, ou quando nem sequer h\u00e1 fundamentos, poder\u00e1 ser solicitada ajuda da FIFA para dirimir tal conflito, devendo antes ser solicitada a ajuda da Associa\u00e7\u00e3o Nacional onde o jogador est\u00e1 inscrito, para tentar a libera\u00e7\u00e3o e, ainda, apresentar o caso para a FIFA no m\u00e1ximo 5 dias antes da partida. Independentemente deste prazo, a Associa\u00e7\u00e3o poder\u00e1 interpor reclama\u00e7\u00e3o perante a FIFA sobre a negativa de libera\u00e7\u00e3o por parte do clube.<\/p>\n\n\n\n<p>Nos casos em que o clube n\u00e3o libere o jogador por este estar lesionado, a Associa\u00e7\u00e3o Nacional poder\u00e1, atrav\u00e9s de seu m\u00e9dico, examinar o jogador, que, a escolha deste, dito exame poder\u00e1 ser no clube em que est\u00e1 inscrito, evitando retardar o per\u00edodo de recupera\u00e7\u00e3o ao qual foi submetido.<br>A FIFA estabelece que nos casos em que o jogador n\u00e3o queira ou n\u00e3o possa atender a uma convoca\u00e7\u00e3o, n\u00e3o poder\u00e1 tamb\u00e9m, jogar pelo seu clube durante o per\u00edodo de libera\u00e7\u00e3o, acrescido, ainda de 5 dias, ou seja, caso o clube n\u00e3o libere o jogador para uma partida amistosa ou oficial (Data FIFA) prevista em data oficial, por este estar lesionado, n\u00e3o poder\u00e1 jogar pelo clube nas 48 horas que antecedem a partida; no dia da partida e 5 dias ap\u00f3s esta data.<\/p>\n\n\n\n<p>Nos casos em que o clube n\u00e3o libere o jogador e este venha a\njogar no per\u00edodo previsto para a convoca\u00e7\u00e3o, conforme disposto no par\u00e1grafo\nanterior, a FIFA solicitar\u00e1 para a Associa\u00e7\u00e3o Nacional a qual o clube pertence,\na declarar a partida ou partidas em que participou o jogador como perdidas e,\nnos casos de partidas eliminat\u00f3rias, ser\u00e1 considerado vencedor o clube\nadvers\u00e1rio.<\/p>\n\n\n\n<p>Com esses esclarecimentos, o Blog espera ter colaborado para entendermos um pouco melhor, algumas situa\u00e7\u00f5es que envolvem jogadores, clubes e sele\u00e7\u00f5es! <br>Deixo aqui meu particular agradecimento ao Dr S\u00e9rgio Douglas Canella, Advogado do Escrit\u00f3rio Victor Barbosa Advocacia, e especialista em Direito Desportivo.<\/p>\n\n\n\n<p>(Cr\u00e9dito: Imagem: Ivan Storti\/Santos FC)<br>(Cr\u00e9dito: Imagem: Lucas Figueiredo\/CBF) <\/p>\n","protected":false},"excerpt":{"rendered":"<p>Al\u00f4 Na\u00e7\u00e3o Santista! Sauda\u00e7\u00f5es Alvinegras! A f\u00e1brica de talentos n\u00e3o pode parar! Como no Santos Futebol Clube o torcedor Alvinegro<\/p>\n","protected":false},"author":2,"featured_media":0,"comment_status":"open","ping_status":"open","sticky":false,"template":"","format":"standard","meta":{"colormag_page_container_layout":"default_layout","colormag_page_sidebar_layout":"default_layout","_jetpack_memberships_contains_paid_content":false,"footnotes":""},"categories":[12,4,35],"tags":[6],"class_list":["post-1430","post","type-post","status-publish","format-standard","hentry","category-analise-e-comentario","category-bastidores-do-santos-fc","category-edicao-especial","tag-santos-fc"],"jetpack_featured_media_url":"","jetpack_likes_enabled":true,"jetpack_sharing_enabled":true,"_links":{"self":[{"href":"https:\/\/sergiobertoldi.com\/index.php\/wp-json\/wp\/v2\/posts\/1430","targetHints":{"allow":["GET"]}}],"collection":[{"href":"https:\/\/sergiobertoldi.com\/index.php\/wp-json\/wp\/v2\/posts"}],"about":[{"href":"https:\/\/sergiobertoldi.com\/index.php\/wp-json\/wp\/v2\/types\/post"}],"author":[{"embeddable":true,"href":"https:\/\/sergiobertoldi.com\/index.php\/wp-json\/wp\/v2\/users\/2"}],"replies":[{"embeddable":true,"href":"https:\/\/sergiobertoldi.com\/index.php\/wp-json\/wp\/v2\/comments?post=1430"}],"version-history":[{"count":2,"href":"https:\/\/sergiobertoldi.com\/index.php\/wp-json\/wp\/v2\/posts\/1430\/revisions"}],"predecessor-version":[{"id":1436,"href":"https:\/\/sergiobertoldi.com\/index.php\/wp-json\/wp\/v2\/posts\/1430\/revisions\/1436"}],"wp:attachment":[{"href":"https:\/\/sergiobertoldi.com\/index.php\/wp-json\/wp\/v2\/media?parent=1430"}],"wp:term":[{"taxonomy":"category","embeddable":true,"href":"https:\/\/sergiobertoldi.com\/index.php\/wp-json\/wp\/v2\/categories?post=1430"},{"taxonomy":"post_tag","embeddable":true,"href":"https:\/\/sergiobertoldi.com\/index.php\/wp-json\/wp\/v2\/tags?post=1430"}],"curies":[{"name":"wp","href":"https:\/\/api.w.org\/{rel}","templated":true}]}}