{"id":1413,"date":"2020-03-07T09:42:23","date_gmt":"2020-03-07T12:42:23","guid":{"rendered":"http:\/\/sergiobertoldi.com\/?p=1413"},"modified":"2020-03-07T09:42:31","modified_gmt":"2020-03-07T12:42:31","slug":"uma-vitoria-para-espantar-de-vez-a-desconfianca","status":"publish","type":"post","link":"https:\/\/sergiobertoldi.com\/index.php\/2020\/03\/07\/uma-vitoria-para-espantar-de-vez-a-desconfianca\/","title":{"rendered":"Uma vit\u00f3ria para espantar de vez a desconfian\u00e7a"},"content":{"rendered":"\n<p><strong><span style=\"text-decoration: underline;\">Al\u00f4 Na\u00e7\u00e3o Santista! Sauda\u00e7\u00f5es Alvinegras!<\/span><\/strong><\/p>\n\n\n\n<p>Depois de estrear bem na Ta\u00e7a Libertadores, quando venceu\njogando fora de casa na Argentina, a equipe do Defensa y Justicia, o Santos\nvolta a campo neste s\u00e1bado, \u00e0s 19h30 (de Bras\u00edlia), na Vila Belmiro, para\nenfrentar pela nona rodada do Campeonato Paulista, o time do Mirassol.<\/p>\n\n\n\n<p>O objetivo do Alvinegro Praiano, \u00e9 aproveitar os bons fluidos\nda vit\u00f3ria de virada conquistada na Argentina, para consolidar a melhora do\ndesempenho da equipe que a partir do Cl\u00e1ssico disputado com o Palmeiras,\ncome\u00e7ou a jogar um futebol que se ainda est\u00e1 longe de entusiasmar o torcedor,\npelo menos voltou a demonstrar que os jogadores t\u00eam algum \u201cSangue\u201d nas veias!<\/p>\n\n\n\n<p>Para o jogador Eduardo Sacha, um dos atacantes com melhor desempenho na temporada passada, chegando inclusive a ser o artilheiro da equipe com 14 gols no Campeonato Brasileiro, a evolu\u00e7\u00e3o da equipe passa diretamente pela retomada da confian\u00e7a!<br>Alguns resultados negativos, aliados a forte cobran\u00e7a da torcida, abalaram um pouco a autoconfian\u00e7a dos jogadores, aliado ao fato de uma dificuldade inicial, na readapta\u00e7\u00e3o do elenco em rela\u00e7\u00e3o a uma mudan\u00e7a radical de filosofia de trabalho!<br>Quando um time se acostuma a jogar em um esquema, a mudan\u00e7a para uma outra maneira de atuar, n\u00e3o se d\u00e1 de imediato e nem da noite para o dia!<\/p>\n\n\n\n<p>Em se tratando de confian\u00e7a, isso \u00e9 o que n\u00e3o falta! Pelo menos aos torcedores mais novinhos que ganharam essa semana, a oportunidade de assistir seus \u00eddolos treinarem, al\u00e9m de ganharem uma aten\u00e7\u00e3o e um carinho especial de seus \u00eddolos!<br>Os pequenos &#8220;Peixinhos&#8221; ganharam aut\u00f3grafos e at\u00e9 puderam tirar v\u00e1rias fotos com os jogadores no CT Rei Pel\u00e9!  <\/p>\n\n\n\n<figure class=\"wp-block-image size-large\"><img data-recalc-dims=\"1\" decoding=\"async\" src=\"https:\/\/i0.wp.com\/sergiobertoldi.com\/wp-content\/uploads\/2020\/03\/49629068552_4941ae8da1_c.jpg?w=800\" alt=\"\" class=\"wp-image-1417\"\/><figcaption>Olhos atentos acompanhando seus \u00eddolos treinarem<\/figcaption><\/figure>\n\n\n\n<figure class=\"wp-block-image size-large is-resized\"><img data-recalc-dims=\"1\" loading=\"lazy\" decoding=\"async\" src=\"https:\/\/i0.wp.com\/sergiobertoldi.com\/wp-content\/uploads\/2020\/03\/49628277888_bec8399737_c.jpg?resize=599%2C400\" alt=\"\" class=\"wp-image-1414\" width=\"599\" height=\"400\"\/><figcaption>Ganhar o aut\u00f3grafo de um jogador do seu time \u00e9 algo inesquec\u00edvel<\/figcaption><\/figure>\n\n\n\n<figure class=\"wp-block-image size-large\"><img data-recalc-dims=\"1\" decoding=\"async\" src=\"https:\/\/i0.wp.com\/sergiobertoldi.com\/wp-content\/uploads\/2020\/03\/49629067052_421746ac8e_c.jpg?w=800\" alt=\"\" class=\"wp-image-1415\"\/><figcaption>Algu\u00e9m duvida que essas camisas nunca mais ser\u00e3o lavadas<\/figcaption><\/figure>\n\n\n\n<figure class=\"wp-block-image size-large\"><img data-recalc-dims=\"1\" decoding=\"async\" src=\"https:\/\/i0.wp.com\/sergiobertoldi.com\/wp-content\/uploads\/2020\/03\/49628277998_017257f67d_c-1.jpg?w=800\" alt=\"\" class=\"wp-image-1416\"\/><figcaption>Uma foto para guardar para sempre<\/figcaption><\/figure>\n\n\n\n<p>Essa mudan\u00e7a, demanda um certo tempo, muito treino e paci\u00eancia!<br>E foi a falta de paci\u00eancia, principalmente por parte do torcedor que estava acostumado com um Santos que tinha a cara do seu ex treinador, um time pilhado e ligado os 90 minutos no 220V, que ajudou em parte, a trazer uma certa intranquilidade ao time dentro de campo!\u00a0 <br>Eduardo Sacha ressalta que o elenco est\u00e1 unido, e que todos tem procurado assimilar mais rapidamente, o que o professor Jesualdo quer!<br>Inclusive sacrificando a individualidade, em prol do coletivo.<\/p>\n\n\n\n<figure class=\"wp-block-embed-youtube wp-block-embed is-type-video is-provider-youtube wp-embed-aspect-16-9 wp-has-aspect-ratio\"><div class=\"wp-block-embed__wrapper\">\n<iframe loading=\"lazy\" title=\"EDUARDO SASHA | COLETIVA AO VIVO (06\/03\/20)\" width=\"800\" height=\"450\" src=\"https:\/\/www.youtube.com\/embed\/_TpsAVb9y0g?feature=oembed\" frameborder=\"0\" allow=\"accelerometer; autoplay; encrypted-media; gyroscope; picture-in-picture\" allowfullscreen><\/iframe>\n<\/div><\/figure>\n\n\n\n<p>Para conquistar sua segunda vit\u00f3ria consecutiva, o t\u00e9cnico Jesualdo Ferreira relacionou para a partida de logo mais na Vila, contra o Mirassol, os seguintes jogadores:<br>Goleiros: <strong>Everson e Vladimir<\/strong><br>Laterais: <strong>Madson, Par\u00e1 e Felipe Jonatan<\/strong><br>Zagueiros: <strong>Lucas Ver\u00edssimo, Luan Peres e Alex Nascimento<\/strong><br>Meio-campistas: <strong>Jobson, Diego Pituca, Carlos S\u00e1nchez, Evandro, Jean Mota, Sandry e Anderson Cear\u00e1<\/strong><br>Atacantes: <strong>Soteldo, Yuri Alberto, Eduardo Sasha, Kaio Jorge, Arthur Gomes, Tailson, Lucas Venuto e Raniel<\/strong> <\/p>\n\n\n\n<p>O meia esquerda Anderson Cear\u00e1, novidade entre os relacionados, foi um dos jogadores que nesta sexta-feira, o Santos inscreveu no Campeonato Paulista!<br>Al\u00e9m do Cear\u00e1, joia da base que vem sendo preparado para ser o meia que o Santos precisa, o zagueiro Felipe Aguilar e o garoto Ivonei, tamb\u00e9m foram inscritos e inclusive j\u00e1 podem ficar \u00e0 disposi\u00e7\u00e3o do t\u00e9cnico Jesualdo Ferreira para a partida deste s\u00e1bado contra o Mirassol, na Vila Belmiro.<br>Com a inclus\u00e3o dos tr\u00eas jogadores, Felipe Aguilar, Anderson Cear\u00e1 e Ivonei, o Santos passa a ter 25 atletas na lista A, sendo que ainda tem direito a uma inscri\u00e7\u00e3o para a primeira fase, al\u00e9m de quatro trocas para as quartas de final. <\/p>\n\n\n\n<p>Para o compromisso contra o Mirassol logo mais na Vila Belmiro, o t\u00e9cnico Jesualdo Ferreira n\u00e3o poder\u00e1 contar com alguns jogadores que s\u00e3o desfalques certos.<br>O volante \u00a0Alison (les\u00e3o ligamentar no joelho direito), o atacante Marinho (fase final de recupera\u00e7\u00e3o ap\u00f3s fratura no tornozelo esquerdo), Uribe (entorse leve no tornozelo direito) e Luiz Felipe (cansa\u00e7o muscular.<\/p>\n\n\n\n<p>Por falar em Marinho, praticamente recuperado de uma fratura no p\u00e9 esquerdo, o atacante foi liberado pelo Departamento M\u00e9dico para iniciar seu trabalho de transi\u00e7\u00e3o para o campo, e na quinta-feira fez seu primeiro treino com bola ao lado dos companheiros no CT Rei Pel\u00e9.<br>A estimativa \u00e9 a de que: Caso o jogador n\u00e3o sinta mais dor, ou algum tipo de incomodo ou restri\u00e7\u00e3o f\u00edsica, em 15 dias poder\u00e1 voltar a ficar normalmente a disposi\u00e7\u00e3o do treinador!<\/p>\n\n\n\n<p>Para tentar vencer o Mirassol e embalar de vez na\ncompeti\u00e7\u00e3o, o t\u00e9cnico Jesualdo Ferreira deve mandar a campo, o 11 Santista com\nessa forma\u00e7\u00e3o: <strong>Everson, Madson, Lucas\nVer\u00edssimo, Luan Peres e Felipe Jonatan; Jobson, Carlos S\u00e1nchez, Diego Pituca e\nEduardo Sasha; Soteldo e Yuri Alberto<\/strong><\/p>\n\n\n\n<figure class=\"wp-block-embed-youtube wp-block-embed is-type-video is-provider-youtube wp-embed-aspect-16-9 wp-has-aspect-ratio\"><div class=\"wp-block-embed__wrapper\">\n<iframe loading=\"lazy\" title=\"MARINHO FOCADO NO RETORNO E SANTOS DE VOLTA AO CT | DE OLHO NO TREINO (05\/03\/20)\" width=\"800\" height=\"450\" src=\"https:\/\/www.youtube.com\/embed\/m6mSRdqY5_Q?feature=oembed\" frameborder=\"0\" allow=\"accelerometer; autoplay; encrypted-media; gyroscope; picture-in-picture\" allowfullscreen><\/iframe>\n<\/div><figcaption>Acompanhe conosco como foi o ultimo treino de prepara\u00e7\u00e3o do elenco para pegar o Mirassol<\/figcaption><\/figure>\n\n\n\n<p><strong><span style=\"text-decoration: underline;\">Retrospecto<\/span>\u00a0\u00a0\u00a0\u00a0 <\/strong><\/p>\n\n\n\n<p><strong>Santos<\/strong> e <strong>Mirassol<\/strong> \u00a0j\u00e1 se enfrentaram <strong>07 vezes<\/strong> ao longo da hist\u00f3ria.<br>Foram <strong>06<\/strong> <strong>vit\u00f3rias <\/strong>do Santos, contra <strong>00<\/strong> <strong>vit\u00f3rias<\/strong> do Mirassol e <strong>01<\/strong> <strong>empates<\/strong>.<br>O Peixe marcou <strong>14<\/strong> <strong>gols <\/strong>e sofreu <strong>05<\/strong> <strong>Saldo<\/strong> de <strong>+09<\/strong><br>Em <strong>Campeonatos Paulistas\u00a0 <\/strong>\u00a0Desde o primeiro confronto, foram <strong>07<\/strong> <strong>jogos<\/strong>, com <strong>06<\/strong> <strong>vit\u00f3rias<\/strong> do Santos, contra <strong>00<\/strong> <strong>vit\u00f3rias <\/strong>do Mirassol e <strong>01<\/strong> <strong>empates<\/strong>. O time da Baixada Santista marcou <strong>14<\/strong> <strong>gols<\/strong> e sofreu <strong>05<\/strong>.<br>No \u00faltimo confronto, v\u00e1lido pelo <strong>Campeonato Paulista<\/strong>\u00a0 de <strong>2019<\/strong>, a partida terminou com (Vit\u00f3ria do Santos) pelo placar de 1X0 o jogo foi realizado no (Pacaembu)<\/p>\n","protected":false},"excerpt":{"rendered":"<p>Al\u00f4 Na\u00e7\u00e3o Santista! Sauda\u00e7\u00f5es Alvinegras! Depois de estrear bem na Ta\u00e7a Libertadores, quando venceu jogando fora de casa na Argentina,<\/p>\n","protected":false},"author":2,"featured_media":0,"comment_status":"open","ping_status":"open","sticky":false,"template":"","format":"standard","meta":{"colormag_page_container_layout":"default_layout","colormag_page_sidebar_layout":"default_layout","_jetpack_memberships_contains_paid_content":false,"footnotes":""},"categories":[4,25,10,22,17],"tags":[6],"class_list":["post-1413","post","type-post","status-publish","format-standard","hentry","category-bastidores-do-santos-fc","category-campeonato-paulista","category-elenco-profissional","category-entrevista-coletiva","category-pre-jogo","tag-santos-fc"],"jetpack_featured_media_url":"","jetpack_likes_enabled":true,"jetpack_sharing_enabled":true,"_links":{"self":[{"href":"https:\/\/sergiobertoldi.com\/index.php\/wp-json\/wp\/v2\/posts\/1413","targetHints":{"allow":["GET"]}}],"collection":[{"href":"https:\/\/sergiobertoldi.com\/index.php\/wp-json\/wp\/v2\/posts"}],"about":[{"href":"https:\/\/sergiobertoldi.com\/index.php\/wp-json\/wp\/v2\/types\/post"}],"author":[{"embeddable":true,"href":"https:\/\/sergiobertoldi.com\/index.php\/wp-json\/wp\/v2\/users\/2"}],"replies":[{"embeddable":true,"href":"https:\/\/sergiobertoldi.com\/index.php\/wp-json\/wp\/v2\/comments?post=1413"}],"version-history":[{"count":1,"href":"https:\/\/sergiobertoldi.com\/index.php\/wp-json\/wp\/v2\/posts\/1413\/revisions"}],"predecessor-version":[{"id":1419,"href":"https:\/\/sergiobertoldi.com\/index.php\/wp-json\/wp\/v2\/posts\/1413\/revisions\/1419"}],"wp:attachment":[{"href":"https:\/\/sergiobertoldi.com\/index.php\/wp-json\/wp\/v2\/media?parent=1413"}],"wp:term":[{"taxonomy":"category","embeddable":true,"href":"https:\/\/sergiobertoldi.com\/index.php\/wp-json\/wp\/v2\/categories?post=1413"},{"taxonomy":"post_tag","embeddable":true,"href":"https:\/\/sergiobertoldi.com\/index.php\/wp-json\/wp\/v2\/tags?post=1413"}],"curies":[{"name":"wp","href":"https:\/\/api.w.org\/{rel}","templated":true}]}}