{"id":1398,"date":"2020-03-06T08:00:00","date_gmt":"2020-03-06T11:00:00","guid":{"rendered":"http:\/\/sergiobertoldi.com\/?p=1398"},"modified":"2020-03-06T01:23:32","modified_gmt":"2020-03-06T04:23:32","slug":"ele-tem-faro-de-gol-e-e-menino-da-vila","status":"publish","type":"post","link":"https:\/\/sergiobertoldi.com\/index.php\/2020\/03\/06\/ele-tem-faro-de-gol-e-e-menino-da-vila\/","title":{"rendered":"Ele tem faro de Gol e \u00e9 menino da Vila"},"content":{"rendered":"\n<p><strong><span style=\"text-decoration: underline;\">Al\u00f4 Na\u00e7\u00e3o Santista! Sauda\u00e7\u00f5es Alvinegras!<\/span><\/strong><\/p>\n\n\n\n<p>Nascido em Olinda, uma cidade hist\u00f3rica no estado brasileiro de Pernambuco, localizada na costa nordeste do Oceano Atl\u00e2ntico, na Grande Recife (capital do estado), Kaio Jorge Pinto Ramos (nascido em 24 de janeiro de 2002), logo cedo incentivado por seu pai, come\u00e7ou a jogar bola com apenas 4 anos de idade.<br>Ainda pequeno, deu seus primeiros passos nessa longa estrada de jogador de futebol, passando pelo N\u00e1utico e Sport.<\/p>\n\n\n\n<figure class=\"wp-block-image size-large\"><img data-recalc-dims=\"1\" decoding=\"async\" src=\"https:\/\/i0.wp.com\/sergiobertoldi.com\/wp-content\/uploads\/2020\/03\/KaioJorge1.jpg?w=800\" alt=\"\" class=\"wp-image-1399\"\/><figcaption>Com a camisa do N\u00e1utico Kaio Jorge j\u00e1 dava suas primeiras entrevistas<br><\/figcaption><\/figure>\n\n\n\n<div class=\"wp-block-image\"><figure class=\"aligncenter size-large is-resized\"><img data-recalc-dims=\"1\" loading=\"lazy\" decoding=\"async\" src=\"https:\/\/i0.wp.com\/sergiobertoldi.com\/wp-content\/uploads\/2020\/03\/kaio_jorge_sport.jpg?resize=348%2C427\" alt=\"\" class=\"wp-image-1400\" width=\"348\" height=\"427\"\/><figcaption>Aqui com a camisa do Sport em sua trajet\u00f3ria no Futsal<\/figcaption><\/figure><\/div>\n\n\n\n<p>Com nove anos, veio com a fam\u00edlia para Santos!<br>Tinha apenas 10 anos de idade quando em 2012, ingressou nas categorias de base do Santos Futebol Clube.<br>E como dizem que \u201cFilho de Peixe Peixinho \u00e9\u201d, o garoto Kaio Jorge j\u00e1 nasceu com o futebol gravado em seu DNA.<br>O pai do atacante do Peixe, Jorge Ramos, tamb\u00e9m foi atacante e teve passagens por Porto-PE, Gama-DF, Sport, Petrolina-PE, Cabofriense e Chaves, de Portugal.<\/p>\n\n\n\n<p>O talento para jogar futebol, foi rapidamente comprovado pelos treinadores da Base Santista! Tanto \u00e9, que apenas tr\u00eas anos ap\u00f3s sua chegada ao Santos, em novembro de 2017, com apenas 15 anos, Kaio Jorge foi promovido para a equipe sub-20, e em menos de 1 ano, em 21 de setembro de 2018, Kaio foi promovido ao time principal.<br>Seus n\u00fameros como atacante da Base, j\u00e1 eram bastante expressivos, e desde cedo, j\u00e1 comprovaria ainda na base, sua fome de artilheiro, sempre atormentando os Goleiros advers\u00e1rios!<\/p>\n\n\n\n<figure class=\"wp-block-image size-large\"><img data-recalc-dims=\"1\" height=\"450\" width=\"800\" decoding=\"async\" src=\"https:\/\/i0.wp.com\/sergiobertoldi.com\/wp-content\/uploads\/2020\/03\/maxresdefault-1024x576.jpg?resize=800%2C450\" alt=\"\" class=\"wp-image-1404\"\/><figcaption>Com fome de gols desde a Base<\/figcaption><\/figure>\n\n\n\n<p>Se ainda busca seu primeiro t\u00edtulo como profissional do Peixe, na Base Kaio Jorge j\u00e1 soube o que \u00e9 ser Campe\u00e3o!<\/p>\n\n\n\n<figure class=\"wp-block-image size-large\"><img data-recalc-dims=\"1\" decoding=\"async\" src=\"https:\/\/i0.wp.com\/sergiobertoldi.com\/wp-content\/uploads\/2020\/03\/332694.jpg?w=800\" alt=\"\" class=\"wp-image-1401\"\/><\/figure>\n\n\n\n<figure class=\"wp-block-image size-large\"><img data-recalc-dims=\"1\" decoding=\"async\" src=\"https:\/\/i0.wp.com\/sergiobertoldi.com\/wp-content\/uploads\/2020\/03\/337359f74517d6ef7c5b8494df3240a4ac2d3bae.jpeg?w=800\" alt=\"\" class=\"wp-image-1402\"\/><\/figure>\n\n\n\n<p>Como pelos lados da Vila Belmiro, j\u00e1 se tornou uma certeza que um raio \u00e9 capaz sim, de cair v\u00e1rias vezes no mesmo lugar, Kaio Jorge com apenas 18 anos de idade, \u00e9 mais uma das promessas, (Raios), que ca\u00edram na f\u00e1brica de talentos do Santos.<br>De destaque da base at\u00e9 a realiza\u00e7\u00e3o do sonho de marcar seu primeiro gol como profissional com a camisa do Santos, algo que aconteceu na \u00faltima ter\u00e7a-feira, na vit\u00f3ria de virada do Alvinegro Praiano sobre o Defensa y Justicia pela primeira rodada da Libertadores, um dos treinadores que j\u00e1 passaram pelo time profissional do Santos, teve uma import\u00e2ncia especial nesse caminho.<br>Quanto estava com 16 anos de idade, Kaio Jorge foi chamado pelo t\u00e9cnico Cuca, que de olho no talento do menino, foi o primeiro treinador a requisitar o garoto para participar dos treinos com o elenco profissional.<\/p>\n\n\n\n<figure class=\"wp-block-image size-large\"><img data-recalc-dims=\"1\" decoding=\"async\" src=\"https:\/\/i0.wp.com\/sergiobertoldi.com\/wp-content\/uploads\/2020\/03\/5be5d6ecb47f3d9499000001.jpg?w=800\" alt=\"\" class=\"wp-image-1403\"\/><figcaption>Cuca foi o primeiro a trazer o garoto para treinar com o elenco profissional<\/figcaption><\/figure>\n\n\n\n<p>Quem\nrelembra a calma e a tranquilidade com que a jovem promessa Santista, percorreu\nos metros que o separavam do gol que deu a vit\u00f3ria do peixe na estreia da\nLibertadores 2020, vai entender a import\u00e2ncia que conviver com jogadores do\nelenco profissional, teve no amadurecimento e na conquista da confian\u00e7a, demonstrada\nnesses poucos metros, cujos segundos devem ter parecido durar uma eternidade!<\/p>\n\n\n\n<p>Kaio Jorge marcou seu primeiro gol oficialmente como jogador profissional do Santos, na noite de 3 de mar\u00e7o de 2020, marcando o segundo da partida, na vit\u00f3ria por 2 a 1 contra o Defensa y Justicia.<br> Kaio Jorge passou a ser o terceiro jogador mais jovem na hist\u00f3ria, a balan\u00e7ar as redes pelo Santos na Copa Libertadores.<br>Com 18 anos e 1 m\u00eas, Kaio fica atr\u00e1s apenas de Diego, autor de um gol aos 17 anos e 11 meses, e do recordista Rodrygo G\u00f3es, que marcou seu gol &nbsp; na competi\u00e7\u00e3o, com apenas 17 anos e 2 meses.<br>Quem sabe se n\u00e3o come\u00e7ou com esse gol, o sonho de um menino que ao chegar pequeno em Santos, na \u00e9poca com 10 anos, passando pelos muros do CT Rei Pel\u00e9, admirando a hist\u00f3ria do clube e de seus craques, retratada pelo Artista Pl\u00e1stico Paulo Consentino, disse ao Pai:<br>\u201c<strong>Pai, um dia vou colocar meu nome nesse muro<\/strong>\u201d<\/p>\n\n\n\n<p>\u00c9 mas quem hoje v\u00ea somente festa e alegria, n\u00e3o imagina como o caminho foi dif\u00edcil, e em algumas vezes, quase teve sua trajet\u00f3ria interrompida!<br>Artilheiro da Sele\u00e7\u00e3o brasileira e Campe\u00e3o da Copa do Mundo sub-17, nessa \u00e9poca com ent\u00e3o 16 anos, a promessa Santista quase deixou o Peixe de gra\u00e7a, devido a um imbr\u00f3glio que se arrastou por meses.<\/p>\n\n\n\n<figure class=\"wp-block-image size-large\"><img data-recalc-dims=\"1\" decoding=\"async\" src=\"https:\/\/i0.wp.com\/sergiobertoldi.com\/wp-content\/uploads\/2020\/03\/Kaio-Jorge-2.jpg?w=800\" alt=\"\" class=\"wp-image-1405\"\/><figcaption>Artilheiro no Santos e na Sele\u00e7\u00e3o Brasileira<\/figcaption><\/figure>\n\n\n\n<figure class=\"wp-block-image size-large\"><img data-recalc-dims=\"1\" height=\"533\" width=\"800\" decoding=\"async\" src=\"https:\/\/i0.wp.com\/sergiobertoldi.com\/wp-content\/uploads\/2020\/03\/49081427343_af7c2f7502_k-1024x682.jpg?resize=800%2C533\" alt=\"\" class=\"wp-image-1406\"\/><figcaption>Campe\u00e3o Mundial Sub-17<\/figcaption><\/figure>\n\n\n\n<p>Preocupado com a repercuss\u00e3o e consequente valoriza\u00e7\u00e3o de seu jogador, o Santos que tinha com o atleta, apenas um v\u00ednculo de forma\u00e7\u00e3o, correu para tentar assinar o primeiro contrato profissional do jogador!<br>Insatisfeitos com a proposta apresentada, valores que segundo entendimento de seu Staff, n\u00e3o representavam a valoriza\u00e7\u00e3o que o jogador esperava ter, as negocia\u00e7\u00f5es demoraram meses para terem um desfecho feliz, e em um determinado momento, parecia que sua hist\u00f3ria no Santos havia chegado ao fim! Tanto que em meio \u00e0 novela que se arrastava, o jogador chegou a ser afastado do elenco justamente por n\u00e3o ter assinado o contrato profissional, momento em que seus pais, chegaram at\u00e9 a escrever uma carta de despedida do clube!<br>Para sorte do torcedor Alvinegro, Santos e atleta chegaram a um acordo, com o jogador assinando com o Peixe at\u00e9 31\/12\/2021, com multa rescis\u00f3ria de 50 milh\u00f5es de euros (cerca de R$ 260 mi). O clube det\u00e9m 100% dos direitos econ\u00f4micos do atleta.<br>E \u00e9 com essa multa que o torcedor do Santos conta, para espantar poss\u00edveis interessados em levar embora mais essa promessa da base, no momento em que estoura a not\u00edcia de um poss\u00edvel interesse de tr\u00eas gigantes do futebol Europeu: <strong>Juventus<\/strong> da It\u00e1lia, <strong>Chelsea<\/strong> da Inglaterra, e  <strong>Real Madrid<\/strong>, da Espanha. <\/p>\n\n\n\n<p>Que o gol marcado contra o Defensa y Justicia, o primeiro vestindo o Manto como jogador profissional do Santos, abra uma sequ\u00eancia de muitos que se Deus quiser, vir\u00e3o atrav\u00e9s dos p\u00e9s desse garoto, mais um Raio que cai na Vila Belmiro!<\/p>\n\n\n\n<figure class=\"wp-block-embed-youtube wp-block-embed is-type-video is-provider-youtube wp-embed-aspect-16-9 wp-has-aspect-ratio\"><div class=\"wp-block-embed__wrapper\">\n<iframe loading=\"lazy\" title=\"KAIO JORGE | COLETIVA AO VIVO (05\/03\/20)\" width=\"800\" height=\"450\" src=\"https:\/\/www.youtube.com\/embed\/uP-LddlaXFg?feature=oembed\" frameborder=\"0\" allow=\"accelerometer; autoplay; encrypted-media; gyroscope; picture-in-picture\" allowfullscreen><\/iframe>\n<\/div><\/figure>\n\n\n\n<p> (Cr\u00e9dito: Imagem: Pedro Ernesto Guerra Azevedo\/ Santos FC)<br> (Cr\u00e9dito: Imagem: Eduardo Valim)<br> (Cr\u00e9dito: Imagem: Ivan Storti)<br> (foto: Divulga\u00e7\u00e3o\/CBF)<br> (foto: Arquivo pessoal do Jogador)<\/p>\n\n\n\n<p><br><\/p>\n\n\n\n<p><\/p>\n","protected":false},"excerpt":{"rendered":"<p>Al\u00f4 Na\u00e7\u00e3o Santista! Sauda\u00e7\u00f5es Alvinegras! Nascido em Olinda, uma cidade hist\u00f3rica no estado brasileiro de Pernambuco, localizada na costa nordeste<\/p>\n","protected":false},"author":2,"featured_media":0,"comment_status":"open","ping_status":"open","sticky":false,"template":"","format":"standard","meta":{"colormag_page_container_layout":"default_layout","colormag_page_sidebar_layout":"default_layout","_jetpack_memberships_contains_paid_content":false,"footnotes":""},"categories":[7,4,35,10],"tags":[6],"class_list":["post-1398","post","type-post","status-publish","format-standard","hentry","category-base-santista","category-bastidores-do-santos-fc","category-edicao-especial","category-elenco-profissional","tag-santos-fc"],"jetpack_featured_media_url":"","jetpack_likes_enabled":true,"jetpack_sharing_enabled":true,"_links":{"self":[{"href":"https:\/\/sergiobertoldi.com\/index.php\/wp-json\/wp\/v2\/posts\/1398","targetHints":{"allow":["GET"]}}],"collection":[{"href":"https:\/\/sergiobertoldi.com\/index.php\/wp-json\/wp\/v2\/posts"}],"about":[{"href":"https:\/\/sergiobertoldi.com\/index.php\/wp-json\/wp\/v2\/types\/post"}],"author":[{"embeddable":true,"href":"https:\/\/sergiobertoldi.com\/index.php\/wp-json\/wp\/v2\/users\/2"}],"replies":[{"embeddable":true,"href":"https:\/\/sergiobertoldi.com\/index.php\/wp-json\/wp\/v2\/comments?post=1398"}],"version-history":[{"count":3,"href":"https:\/\/sergiobertoldi.com\/index.php\/wp-json\/wp\/v2\/posts\/1398\/revisions"}],"predecessor-version":[{"id":1411,"href":"https:\/\/sergiobertoldi.com\/index.php\/wp-json\/wp\/v2\/posts\/1398\/revisions\/1411"}],"wp:attachment":[{"href":"https:\/\/sergiobertoldi.com\/index.php\/wp-json\/wp\/v2\/media?parent=1398"}],"wp:term":[{"taxonomy":"category","embeddable":true,"href":"https:\/\/sergiobertoldi.com\/index.php\/wp-json\/wp\/v2\/categories?post=1398"},{"taxonomy":"post_tag","embeddable":true,"href":"https:\/\/sergiobertoldi.com\/index.php\/wp-json\/wp\/v2\/tags?post=1398"}],"curies":[{"name":"wp","href":"https:\/\/api.w.org\/{rel}","templated":true}]}}